

{"id":23318,"date":"2017-06-02T17:58:22","date_gmt":"2017-06-02T20:58:22","guid":{"rendered":"http:\/\/www.ssp.go.gov.br\/?p=23318"},"modified":"2017-06-02T17:58:22","modified_gmt":"2017-06-02T20:58:22","slug":"sspap-e-prf-implementam-tecnologia-de-radio-digital-em-goias","status":"publish","type":"post","link":"https:\/\/goias.gov.br\/seguranca\/sspap-e-prf-implementam-tecnologia-de-radio-digital-em-goias\/","title":{"rendered":"SSPAP e PRF implementam  tecnologia de r\u00e1dio digital em Goi\u00e1s"},"content":{"rendered":"<p><img fetchpriority=\"high\" decoding=\"async\" class=\"wp-image-23322 size-large aligncenter\" src=\"https:\/\/goias.gov.br\/seguranca\/wp-content\/uploads\/sites\/56\/2017\/06\/20170602101722_img_0366-710x473.jpg\" alt=\"20170602101722_IMG_0366\" width=\"710\" height=\"473\" \/><\/p>\n<p><strong>Parceria permitir\u00e1 compartilhamento do sistema de comunica\u00e7\u00e3o de voz e dados, equipamentos e infraestruturas de telecomunica\u00e7\u00f5es no estado e no Distrito Federal. Sistema auxiliar\u00e1 for\u00e7as policiais no combate \u00e0 criminalidade<\/strong><\/p>\n<p>\u201cA comunica\u00e7\u00e3o \u00e9 um dos grandes gargalos da \u00e1rea de seguran\u00e7a para o Brasil. Com essa parceria, Goi\u00e1s d\u00e1 um grande salto tecnol\u00f3gico\u201d, afirmou o secret\u00e1rio de Seguran\u00e7a P\u00fablica e Administra\u00e7\u00e3o Penitenci\u00e1ria, Ricardo Balestreri nesta sexta-feira (02\/06), durante ato de oficializa\u00e7\u00e3o da coopera\u00e7\u00e3o t\u00e9cnica entre SSPAP e Pol\u00edcia Rodovi\u00e1ria Federal (PRF) em Goi\u00e1s para implementa\u00e7\u00e3o da tecnologia de r\u00e1dio digital no Estado.<\/p>\n<p>O pacto permitir\u00e1 o compartilhamento do sistema de comunica\u00e7\u00e3o digital de voz e dados, equipamentos e infraestruturas de telecomunica\u00e7\u00f5es em Goi\u00e1s e no Distrito Federal.<\/p>\n<p>Na oportunidade, Balestreri ressaltou que um sistema de seguran\u00e7a eficiente tem, entre seus principais fatores, forma\u00e7\u00e3o, intelig\u00eancia, esp\u00edrito solid\u00e1rio e tecnologia de ponta. \u201cEstamos diante de um grande avan\u00e7o\u201d, disse.<\/p>\n<p>Pelo acordo, a SSPAP utilizar\u00e1 a estrutura e a tecnologia j\u00e1 existentes na PRF e, por sua vez, oferecer\u00e1 \u00e0 corpora\u00e7\u00e3o o acesso aos seus sistemas de informa\u00e7\u00f5es operacionais, como Mportal e o Registro de Atendimento de Ocorr\u00eancias (RAI) &#8211;\u00a0 importantes instrumentos para fiscaliza\u00e7\u00e3o, principalmente de crimes, que j\u00e1 permitem consultas sofisticadas aos bancos de dados.<\/p>\n<p>O acordo n\u00e3o implica custos adicionais ou transfer\u00eancias de recursos or\u00e7ament\u00e1rios entre as duas institui\u00e7\u00f5es e permitir\u00e1 a redu\u00e7\u00e3o das despesas com aquisi\u00e7\u00f5es de equipamentos e infraestrutura destinados \u00e0 cobertura de comunica\u00e7\u00e3o digital.<\/p>\n<p>O superintendente executivo da SSPAP, coronel Edson Costa, ressaltou que a parceria com a PRF permitir\u00e1 um combate ainda mais incisivo \u00e0 criminalidade. \u201c\u00c9 uma iniciativa que vai auxiliar bastante as for\u00e7as policiais. Trata-se de uma integra\u00e7\u00e3o muito importante\u201d, garante.<\/p>\n<p>A inspetora M\u00e1rcia Rabelo, da Pol\u00edcia Rodovi\u00e1ria Federal, tamb\u00e9m comemorou a parceria. \u201cA PRF tem muito orgulho em celebrar esse acordo de coopera\u00e7\u00e3o com a Secretaria de Seguran\u00e7a P\u00fablica e Administra\u00e7\u00e3o Penitenci\u00e1ria\u201d, declarou.<\/p>\n<p>Diversas autoridades participaram do evento. Entre elas, o delegado-geral da Pol\u00edcia Civil, \u00c1lvaro C\u00e1ssio; o comandante-geral da Pol\u00edcia Militar, coronel Divino Alves; o comandante-geral do Corpo de Bombeiros, Carlos Helbingen; e superintendente regional da PRF no Distrito Federal, Vandervaldo Gon\u00e7alves.<\/p>\n<p><strong>FOTOS: JOTA EUR\u00cdPEDES<\/strong><strong>\u00a0<\/strong><\/p>\n\n<p>&nbsp;<\/p>\n","protected":false},"excerpt":{"rendered":"<p>Parceria permitir\u00e1 compartilhamento do sistema de comunica\u00e7\u00e3o de voz e dados, equipamentos e infraestruturas de telecomunica\u00e7\u00f5es no estado e no Distrito Federal. Sistema auxiliar\u00e1 for\u00e7as policiais no combate \u00e0 criminalidade \u201cA comunica\u00e7\u00e3o \u00e9 um dos grandes gargalos da \u00e1rea de seguran\u00e7a para o Brasil. Com essa parceria, Goi\u00e1s d\u00e1 um grande salto tecnol\u00f3gico\u201d, afirmou o [&hellip;]<\/p>\n","protected":false},"author":3,"featured_media":23323,"comment_status":"closed","ping_status":"closed","sticky":false,"template":"","format":"standard","meta":{"footnotes":"","_links_to":"","_links_to_target":""},"categories":[11],"tags":[],"class_list":["post-23318","post","type-post","status-publish","format-standard","has-post-thumbnail","hentry","category-ultimo-segundo"],"rttpg_featured_image_url":null,"rttpg_author":{"display_name":"joanaredator","author_link":"https:\/\/goias.gov.br\/seguranca\/author\/joanaredator\/"},"rttpg_comment":0,"rttpg_category":"<a href=\"https:\/\/goias.gov.br\/seguranca\/categoria\/ultimo-segundo\/\" rel=\"category tag\">\u00daltimo Segundo<\/a>","rttpg_excerpt":"Parceria permitir\u00e1 compartilhamento do sistema de comunica\u00e7\u00e3o de voz e dados, equipamentos e infraestruturas de telecomunica\u00e7\u00f5es no estado e no Distrito Federal. Sistema auxiliar\u00e1 for\u00e7as policiais no combate \u00e0 criminalidade \u201cA comunica\u00e7\u00e3o \u00e9 um dos grandes gargalos da \u00e1rea de seguran\u00e7a para o Brasil. Com essa parceria, Goi\u00e1s d\u00e1 um grande salto tecnol\u00f3gico\u201d, afirmou o&hellip;","_links":{"self":[{"href":"https:\/\/goias.gov.br\/seguranca\/wp-json\/wp\/v2\/posts\/23318","targetHints":{"allow":["GET"]}}],"collection":[{"href":"https:\/\/goias.gov.br\/seguranca\/wp-json\/wp\/v2\/posts"}],"about":[{"href":"https:\/\/goias.gov.br\/seguranca\/wp-json\/wp\/v2\/types\/post"}],"author":[{"embeddable":true,"href":"https:\/\/goias.gov.br\/seguranca\/wp-json\/wp\/v2\/users\/3"}],"replies":[{"embeddable":true,"href":"https:\/\/goias.gov.br\/seguranca\/wp-json\/wp\/v2\/comments?post=23318"}],"version-history":[{"count":0,"href":"https:\/\/goias.gov.br\/seguranca\/wp-json\/wp\/v2\/posts\/23318\/revisions"}],"wp:featuredmedia":[{"embeddable":true,"href":"https:\/\/goias.gov.br\/seguranca\/wp-json\/"}],"wp:attachment":[{"href":"https:\/\/goias.gov.br\/seguranca\/wp-json\/wp\/v2\/media?parent=23318"}],"wp:term":[{"taxonomy":"category","embeddable":true,"href":"https:\/\/goias.gov.br\/seguranca\/wp-json\/wp\/v2\/categories?post=23318"},{"taxonomy":"post_tag","embeddable":true,"href":"https:\/\/goias.gov.br\/seguranca\/wp-json\/wp\/v2\/tags?post=23318"}],"curies":[{"name":"wp","href":"https:\/\/api.w.org\/{rel}","templated":true}]}}