

{"id":21022,"date":"2017-03-06T12:30:51","date_gmt":"2017-03-06T15:30:51","guid":{"rendered":"http:\/\/www.ssp.go.gov.br\/?p=21022"},"modified":"2017-03-06T12:30:51","modified_gmt":"2017-03-06T15:30:51","slug":"extrato-do-convenio-no-0072016","status":"publish","type":"post","link":"https:\/\/goias.gov.br\/seguranca\/extrato-do-convenio-no-0072016\/","title":{"rendered":"EXTRATO DO CONV\u00caNIO N\u00ba. 007\/2016"},"content":{"rendered":"<h2 class=\"western\">EXTRATO DO CONV\u00caNIO N\u00ba. 007\/2016<\/h2>\n<h2 class=\"western\">PROCESSO N\u00ba. 201600016002731<\/h2>\n<p class=\"western\" align=\"JUSTIFY\"><b>1 \u2013<\/b><b> OBJETO \u2013 <\/b>O presente Conv\u00eanio tem por objeto a conjuga\u00e7\u00e3o de esfor\u00e7os para a execu\u00e7\u00e3o de medidas que visem o implemento de a\u00e7\u00f5es na \u00e1rea de Seguran\u00e7a P\u00fablica na cidade de Senador Canedo &#8211; GO, atrav\u00e9s do aumento do efetivo empenhado.<\/p>\n<p class=\"western\"><b>2 \u2013 PART\u00cdCIPES:<\/b><\/p>\n<p class=\"western\" align=\"JUSTIFY\">2.1 \u2013 O Estado de Goi\u00e1s, por interm\u00e9dio da Secretaria da Seguran\u00e7a P\u00fablica e Administra\u00e7\u00e3o Penitenci\u00e1ria \u2013 GO e da Superintend\u00eancia Executiva de Administra\u00e7\u00e3o Penitenci\u00e1ria &#8211; SEAP;<\/p>\n<ol start=\"2\">\n<\/ol>\n<ol start=\"2\">\n<li>\n<p class=\"western\" align=\"JUSTIFY\">\u2013 O Munic\u00edpio de Senador Canedo \u2013 GO.<\/p>\n<\/li>\n<\/ol>\n<p class=\"western\" align=\"JUSTIFY\"><b>3<\/b> <b>\u2013 <\/b><b>DATA DE ASSINATURA<\/b>: 15 de setembro de 2016, sob a \u00e9gide da Lei n\u00ba. 8.666\/93, com altera\u00e7\u00f5es posteriores.<\/p>\n<h3 class=\"western\"><\/h3>\n<p class=\"western\" align=\"CENTER\"><span style=\"font-family: 'Times New Roman', serif\"><span style=\"font-size: medium\">Jos\u00e9<\/span><\/span> <span style=\"font-family: 'Times New Roman', serif\"><span style=\"font-size: medium\">Eliton<\/span><\/span> <span style=\"font-family: 'Times New Roman', serif\"><span style=\"font-size: medium\">de<\/span><\/span> <span style=\"font-family: 'Times New Roman', serif\"><span style=\"font-size: medium\">Figuer\u00eado<\/span><\/span> <span style=\"font-family: 'Times New Roman', serif\"><span style=\"font-size: medium\">J\u00fanior<\/span><\/span><\/p>\n<p class=\"western\" align=\"CENTER\"><span style=\"font-family: 'Times New Roman', serif\"><span style=\"font-size: medium\"><b>Secret\u00e1rio<\/b><\/span><\/span><b> <\/b><span style=\"font-family: 'Times New Roman', serif\"><span style=\"font-size: medium\"><b>da<\/b><\/span><\/span><b> <\/b><span style=\"font-family: 'Times New Roman', serif\"><span style=\"font-size: medium\"><b>Seguran\u00e7a<\/b><\/span><\/span><b> <\/b><span style=\"font-family: 'Times New Roman', serif\"><span style=\"font-size: medium\"><b>P\u00fablica<\/b><\/span><\/span><b> <\/b><\/p>\n<p class=\"western\" align=\"CENTER\"><span style=\"font-family: 'Times New Roman', serif\"><span style=\"font-size: medium\"><b>e<\/b><\/span><\/span><b> <\/b><span style=\"font-family: 'Times New Roman', serif\"><span style=\"font-size: medium\"><b>Administra\u00e7\u00e3o<\/b><\/span><\/span><b> <\/b><span style=\"font-family: 'Times New Roman', serif\"><span style=\"font-size: medium\"><b>Penitenci\u00e1ria<\/b><\/span><\/span><\/p>\n","protected":false},"excerpt":{"rendered":"<p>EXTRATO DO CONV\u00caNIO N\u00ba. 007\/2016 PROCESSO N\u00ba. 201600016002731 1 \u2013 OBJETO \u2013 O presente Conv\u00eanio tem por objeto a conjuga\u00e7\u00e3o de esfor\u00e7os para a execu\u00e7\u00e3o de medidas que visem o implemento de a\u00e7\u00f5es na \u00e1rea de Seguran\u00e7a P\u00fablica na cidade de Senador Canedo &#8211; GO, atrav\u00e9s do aumento do efetivo empenhado. 2 \u2013 PART\u00cdCIPES: 2.1 [&hellip;]<\/p>\n","protected":false},"author":3,"featured_media":0,"comment_status":"closed","ping_status":"closed","sticky":false,"template":"","format":"standard","meta":{"footnotes":"","_links_to":"","_links_to_target":""},"categories":[16],"tags":[2050],"class_list":["post-21022","post","type-post","status-publish","format-standard","hentry","category-extratos","tag-senador-canedo-aumento-de-efetivo-banco-de-horas"],"rttpg_featured_image_url":null,"rttpg_author":{"display_name":"joanaredator","author_link":"https:\/\/goias.gov.br\/seguranca\/author\/joanaredator\/"},"rttpg_comment":0,"rttpg_category":"<a href=\"https:\/\/goias.gov.br\/seguranca\/categoria\/extratos\/\" rel=\"category tag\">Extratos<\/a>","rttpg_excerpt":"EXTRATO DO CONV\u00caNIO N\u00ba. 007\/2016 PROCESSO N\u00ba. 201600016002731 1 \u2013 OBJETO \u2013 O presente Conv\u00eanio tem por objeto a conjuga\u00e7\u00e3o de esfor\u00e7os para a execu\u00e7\u00e3o de medidas que visem o implemento de a\u00e7\u00f5es na \u00e1rea de Seguran\u00e7a P\u00fablica na cidade de Senador Canedo &#8211; GO, atrav\u00e9s do aumento do efetivo empenhado. 2 \u2013 PART\u00cdCIPES: 2.1&hellip;","_links":{"self":[{"href":"https:\/\/goias.gov.br\/seguranca\/wp-json\/wp\/v2\/posts\/21022","targetHints":{"allow":["GET"]}}],"collection":[{"href":"https:\/\/goias.gov.br\/seguranca\/wp-json\/wp\/v2\/posts"}],"about":[{"href":"https:\/\/goias.gov.br\/seguranca\/wp-json\/wp\/v2\/types\/post"}],"author":[{"embeddable":true,"href":"https:\/\/goias.gov.br\/seguranca\/wp-json\/wp\/v2\/users\/3"}],"replies":[{"embeddable":true,"href":"https:\/\/goias.gov.br\/seguranca\/wp-json\/wp\/v2\/comments?post=21022"}],"version-history":[{"count":0,"href":"https:\/\/goias.gov.br\/seguranca\/wp-json\/wp\/v2\/posts\/21022\/revisions"}],"wp:attachment":[{"href":"https:\/\/goias.gov.br\/seguranca\/wp-json\/wp\/v2\/media?parent=21022"}],"wp:term":[{"taxonomy":"category","embeddable":true,"href":"https:\/\/goias.gov.br\/seguranca\/wp-json\/wp\/v2\/categories?post=21022"},{"taxonomy":"post_tag","embeddable":true,"href":"https:\/\/goias.gov.br\/seguranca\/wp-json\/wp\/v2\/tags?post=21022"}],"curies":[{"name":"wp","href":"https:\/\/api.w.org\/{rel}","templated":true}]}}