

{"id":12258,"date":"2015-11-20T16:27:42","date_gmt":"2015-11-20T18:27:42","guid":{"rendered":"http:\/\/www.ssp.go.gov.br\/?p=12258"},"modified":"2015-11-20T16:27:42","modified_gmt":"2015-11-20T18:27:42","slug":"chamamento-publico-os-servicos-penitenciarios","status":"publish","type":"post","link":"https:\/\/goias.gov.br\/seguranca\/chamamento-publico-os-servicos-penitenciarios\/","title":{"rendered":"CHAMAMENTO P\u00daBLICO &#8211; OS &#8211; SERVI\u00c7OS PENITENCI\u00c1RIOS"},"content":{"rendered":"<h4 align=\"center\"><\/h4>\n<h4 align=\"center\">ESTADO DE GOI\u00c1S<\/h4>\n<p align=\"center\">SECRETARIA DA SEGURAN\u00c7A PUBLICA E ADMIN. PENIT\u00c9NCIARIA<\/p>\n<p align=\"center\">SUPERINTEND\u00caNCIA DE GEST\u00c3O, PLANEJAMENTO E FINAN\u00c7AS<b><\/b><\/p>\n<p align=\"center\">GER\u00caNCIA DE LICITA\u00c7\u00d5ES<\/p>\n<h3><b><span style=\"text-decoration: underline\">\u00a0<\/span><\/b><\/h3>\n<p align=\"center\"><b>CHAMAMENTO P\u00daBLICO <\/b><\/p>\n<p align=\"center\"><b>\u00a0<\/b><\/p>\n<p>Em raz\u00e3o do programa de parcerias com entidades do Terceiro Setor, por meio da celebra\u00e7\u00e3o de contratos, voltados \u00e0 gest\u00e3o de servi\u00e7os em Unidades Prisionais, o Estado de Goi\u00e1s convoca entidades da sociedade civil sem finalidade lucrativa a se qualificarem como \u201corganiza\u00e7\u00f5es sociais de gest\u00e3o de servi\u00e7os em Unidades Prisionais\u201d no \u00e2mbito de seu territ\u00f3rio, nos termos da Lei Estadual n\u00ba 15.503\/05 e suas altera\u00e7\u00f5es, requisito indispens\u00e1vel \u00e0 participa\u00e7\u00e3o em procedimento de sele\u00e7\u00e3o para o gerenciamento de servi\u00e7os em Unidades Prisionais. A Secretaria de Estado de Seguran\u00e7a P\u00fablica e Administra\u00e7\u00e3o Penitenci\u00e1ria encontra-se em fase preparat\u00f3rias dos procedimentos para a realiza\u00e7\u00e3o de chamamento p\u00fablico referente \u00e0 sele\u00e7\u00e3o de entidades que assumir\u00e3o a gest\u00e3o das referidas atividades\/servi\u00e7os de relev\u00e2ncia p\u00fablica, cuja publica\u00e7\u00e3o de edital dever\u00e1 ser divulgado nos pr\u00f3ximos meses.<\/p>\n<p align=\"center\">Goi\u00e1s\/Goi\u00e2nia, 10 de Novembro de 2015<\/p>\n<p align=\"center\">Joaquim Cl\u00e1udio Fiqueiredo Mesquita<\/p>\n<p align=\"center\">Secret\u00e1rio<\/p>\n","protected":false},"excerpt":{"rendered":"<p>Convoca\u00e7\u00e3o de entidades da sociedade civil sem finalidade lucrativa a se qualificarem como \u201corganiza\u00e7\u00f5es sociais de gest\u00e3o de servi\u00e7os em Unidades Prisionais.<\/p>\n","protected":false},"author":3,"featured_media":0,"comment_status":"closed","ping_status":"closed","sticky":false,"template":"","format":"standard","meta":{"footnotes":"","_links_to":"","_links_to_target":""},"categories":[21],"tags":[1794,1795,1796],"class_list":["post-12258","post","type-post","status-publish","format-standard","hentry","category-editais-em-aberto","tag-chamamento-publico","tag-os","tag-servicos-penitenciarios"],"rttpg_featured_image_url":null,"rttpg_author":{"display_name":"joanaredator","author_link":"https:\/\/goias.gov.br\/seguranca\/author\/joanaredator\/"},"rttpg_comment":0,"rttpg_category":"<a href=\"https:\/\/goias.gov.br\/seguranca\/categoria\/editais-em-aberto\/\" rel=\"category tag\">Editais em Aberto<\/a>","rttpg_excerpt":"Convoca\u00e7\u00e3o de entidades da sociedade civil sem finalidade lucrativa a se qualificarem como \u201corganiza\u00e7\u00f5es sociais de gest\u00e3o de servi\u00e7os em Unidades Prisionais.","_links":{"self":[{"href":"https:\/\/goias.gov.br\/seguranca\/wp-json\/wp\/v2\/posts\/12258","targetHints":{"allow":["GET"]}}],"collection":[{"href":"https:\/\/goias.gov.br\/seguranca\/wp-json\/wp\/v2\/posts"}],"about":[{"href":"https:\/\/goias.gov.br\/seguranca\/wp-json\/wp\/v2\/types\/post"}],"author":[{"embeddable":true,"href":"https:\/\/goias.gov.br\/seguranca\/wp-json\/wp\/v2\/users\/3"}],"replies":[{"embeddable":true,"href":"https:\/\/goias.gov.br\/seguranca\/wp-json\/wp\/v2\/comments?post=12258"}],"version-history":[{"count":0,"href":"https:\/\/goias.gov.br\/seguranca\/wp-json\/wp\/v2\/posts\/12258\/revisions"}],"wp:attachment":[{"href":"https:\/\/goias.gov.br\/seguranca\/wp-json\/wp\/v2\/media?parent=12258"}],"wp:term":[{"taxonomy":"category","embeddable":true,"href":"https:\/\/goias.gov.br\/seguranca\/wp-json\/wp\/v2\/categories?post=12258"},{"taxonomy":"post_tag","embeddable":true,"href":"https:\/\/goias.gov.br\/seguranca\/wp-json\/wp\/v2\/tags?post=12258"}],"curies":[{"name":"wp","href":"https:\/\/api.w.org\/{rel}","templated":true}]}}