

{"id":12080,"date":"2015-09-28T15:29:33","date_gmt":"2015-09-28T18:29:33","guid":{"rendered":"http:\/\/www.ssp.go.gov.br\/?p=12080"},"modified":"2015-09-28T15:29:33","modified_gmt":"2015-09-28T18:29:33","slug":"pregao-eletronico-no-0532015-edital-2","status":"publish","type":"post","link":"https:\/\/goias.gov.br\/seguranca\/pregao-eletronico-no-0532015-edital-2\/","title":{"rendered":"Preg\u00e3o Eletr\u00f4nico n\u00ba 053\/2015 &#8211; edital"},"content":{"rendered":"<h3 style=\"text-align: left\"><span style=\"text-decoration: underline\">ADIAMENTO DE LICITA\u00c7\u00c3O<\/span><\/h3>\n<p><b>Preg\u00e3o Eletr\u00f4nico n\u00ba 053\/2015<\/b><br \/>\nPROCESSO: 201500037000631<br \/>\nSOLICITANTE: Superintend\u00eancia de Prote\u00e7\u00e3o aos Direitos do Consumidor &#8211; PROCON.<br \/>\nOBJETO: Contrata\u00e7\u00e3o de empresa especializada para presta\u00e7\u00e3o de servi\u00e7os de limpeza e conserva\u00e7\u00e3o, por um per\u00edodo de 12 (doze) meses.<br \/>\nO pregoeiro respons\u00e1vel pelo procedimento em tela comunica aos interessados que a sess\u00e3o p\u00fablica definida para o <b>dia 28\/09\/2015 (segunda-feira) \u00e0s 08:00, <\/b>foi adiada <b>\u201c<i>sine die\u201d<\/i><\/b>, e que a mesma ser\u00e1 marcada em momento oportuno.<br \/>\nEduardo Tolentino Caldeira<br \/>\nPregoeiro da SSP<\/p>\n","protected":false},"excerpt":{"rendered":"<p>ADIAMENTO DE LICITA\u00c7\u00c3O Preg\u00e3o Eletr\u00f4nico n\u00ba 053\/2015 PROCESSO: 201500037000631 SOLICITANTE: Superintend\u00eancia de Prote\u00e7\u00e3o aos Direitos do Consumidor &#8211; PROCON. OBJETO: Contrata\u00e7\u00e3o de empresa especializada para presta\u00e7\u00e3o de servi\u00e7os de limpeza e conserva\u00e7\u00e3o, por um per\u00edodo de 12 (doze) meses. O pregoeiro respons\u00e1vel pelo procedimento em tela comunica aos interessados que a sess\u00e3o p\u00fablica definida para [&hellip;]<\/p>\n","protected":false},"author":3,"featured_media":0,"comment_status":"closed","ping_status":"closed","sticky":false,"template":"","format":"standard","meta":{"footnotes":"","_links_to":"","_links_to_target":""},"categories":[21],"tags":[1707],"class_list":["post-12080","post","type-post","status-publish","format-standard","hentry","category-editais-em-aberto","tag-adiamento-pe05315-procon-empresa-de-limpeza-e-conservacao"],"rttpg_featured_image_url":null,"rttpg_author":{"display_name":"joanaredator","author_link":"https:\/\/goias.gov.br\/seguranca\/author\/joanaredator\/"},"rttpg_comment":0,"rttpg_category":"<a href=\"https:\/\/goias.gov.br\/seguranca\/categoria\/editais-em-aberto\/\" rel=\"category tag\">Editais em Aberto<\/a>","rttpg_excerpt":"ADIAMENTO DE LICITA\u00c7\u00c3O Preg\u00e3o Eletr\u00f4nico n\u00ba 053\/2015 PROCESSO: 201500037000631 SOLICITANTE: Superintend\u00eancia de Prote\u00e7\u00e3o aos Direitos do Consumidor &#8211; PROCON. OBJETO: Contrata\u00e7\u00e3o de empresa especializada para presta\u00e7\u00e3o de servi\u00e7os de limpeza e conserva\u00e7\u00e3o, por um per\u00edodo de 12 (doze) meses. O pregoeiro respons\u00e1vel pelo procedimento em tela comunica aos interessados que a sess\u00e3o p\u00fablica definida para&hellip;","_links":{"self":[{"href":"https:\/\/goias.gov.br\/seguranca\/wp-json\/wp\/v2\/posts\/12080","targetHints":{"allow":["GET"]}}],"collection":[{"href":"https:\/\/goias.gov.br\/seguranca\/wp-json\/wp\/v2\/posts"}],"about":[{"href":"https:\/\/goias.gov.br\/seguranca\/wp-json\/wp\/v2\/types\/post"}],"author":[{"embeddable":true,"href":"https:\/\/goias.gov.br\/seguranca\/wp-json\/wp\/v2\/users\/3"}],"replies":[{"embeddable":true,"href":"https:\/\/goias.gov.br\/seguranca\/wp-json\/wp\/v2\/comments?post=12080"}],"version-history":[{"count":0,"href":"https:\/\/goias.gov.br\/seguranca\/wp-json\/wp\/v2\/posts\/12080\/revisions"}],"wp:attachment":[{"href":"https:\/\/goias.gov.br\/seguranca\/wp-json\/wp\/v2\/media?parent=12080"}],"wp:term":[{"taxonomy":"category","embeddable":true,"href":"https:\/\/goias.gov.br\/seguranca\/wp-json\/wp\/v2\/categories?post=12080"},{"taxonomy":"post_tag","embeddable":true,"href":"https:\/\/goias.gov.br\/seguranca\/wp-json\/wp\/v2\/tags?post=12080"}],"curies":[{"name":"wp","href":"https:\/\/api.w.org\/{rel}","templated":true}]}}