

{"id":10494,"date":"2014-09-08T16:36:15","date_gmt":"2014-09-08T19:36:15","guid":{"rendered":"http:\/\/www.ssp.go.gov.br\/?p=10494"},"modified":"2014-09-08T16:36:15","modified_gmt":"2014-09-08T19:36:15","slug":"pregao-eletronico-no-2002014-edital-2","status":"publish","type":"post","link":"https:\/\/goias.gov.br\/seguranca\/pregao-eletronico-no-2002014-edital-2\/","title":{"rendered":"Preg\u00e3o Eletr\u00f4nico n\u00ba 200\/2014 &#8211; edital"},"content":{"rendered":"<h3><span style=\"text-decoration: underline\">ADIAMENTO DE LICITA\u00c7\u00c3O<\/span><\/h3>\n<p><b>Preg\u00e3o Eletr\u00f4nico n\u00ba 200\/2014<\/b><br \/>\nPROCESSO: 201400016000777<br \/>\nSOLICITANTE: Secretaria de Seguran\u00e7a P\u00fablica &#8211; SSP.<br \/>\nOBJETO: Aquisi\u00e7\u00e3o de V\u00eddeo Wall<br \/>\nO pregoeiro respons\u00e1vel pelo procedimento em tela comunica aos interessados que a sess\u00e3o p\u00fablica definida para o dia <b>12\/09\/2014 (sexta-feira) \u00e0s 10:00 ser\u00e1 adiada para o dia 24\/09\/2014 (quarta-feira) \u00e0s 09:00<\/b><i>, <\/i>devido a altera\u00e7\u00e3o no Termo de Refer\u00eancia Anexo I do Edital.<\/p>\n<p><a title=\"Preg\u00e3o Eletr\u00f4nico 200\/2014 - edital\" href=\"https:\/\/goias.gov.br\/seguranca\/wp-content\/uploads\/sites\/56\/2014\/09\/edital-200-2014.pdf\" target=\"_blank\" rel=\"noopener\">Preg\u00e3o Eletr\u00f4nico 200-2014<\/a><\/p>\n<p>Eduardo Tolentino Caldeira<br \/>\nPregoeiro<\/p>\n","protected":false},"excerpt":{"rendered":"<p>Aquisi\u00e7\u00e3o de V\u00eddeo Wall<\/p>\n","protected":false},"author":3,"featured_media":0,"comment_status":"closed","ping_status":"closed","sticky":false,"template":"","format":"standard","meta":{"footnotes":"","_links_to":"","_links_to_target":""},"categories":[21],"tags":[1129],"class_list":["post-10494","post","type-post","status-publish","format-standard","hentry","category-editais-em-aberto","tag-pe20014-adiamento-ssp-aquisicao-de-video-wall"],"rttpg_featured_image_url":null,"rttpg_author":{"display_name":"joanaredator","author_link":"https:\/\/goias.gov.br\/seguranca\/author\/joanaredator\/"},"rttpg_comment":0,"rttpg_category":"<a href=\"https:\/\/goias.gov.br\/seguranca\/categoria\/editais-em-aberto\/\" rel=\"category tag\">Editais em Aberto<\/a>","rttpg_excerpt":"Aquisi\u00e7\u00e3o de V\u00eddeo Wall","_links":{"self":[{"href":"https:\/\/goias.gov.br\/seguranca\/wp-json\/wp\/v2\/posts\/10494","targetHints":{"allow":["GET"]}}],"collection":[{"href":"https:\/\/goias.gov.br\/seguranca\/wp-json\/wp\/v2\/posts"}],"about":[{"href":"https:\/\/goias.gov.br\/seguranca\/wp-json\/wp\/v2\/types\/post"}],"author":[{"embeddable":true,"href":"https:\/\/goias.gov.br\/seguranca\/wp-json\/wp\/v2\/users\/3"}],"replies":[{"embeddable":true,"href":"https:\/\/goias.gov.br\/seguranca\/wp-json\/wp\/v2\/comments?post=10494"}],"version-history":[{"count":0,"href":"https:\/\/goias.gov.br\/seguranca\/wp-json\/wp\/v2\/posts\/10494\/revisions"}],"wp:attachment":[{"href":"https:\/\/goias.gov.br\/seguranca\/wp-json\/wp\/v2\/media?parent=10494"}],"wp:term":[{"taxonomy":"category","embeddable":true,"href":"https:\/\/goias.gov.br\/seguranca\/wp-json\/wp\/v2\/categories?post=10494"},{"taxonomy":"post_tag","embeddable":true,"href":"https:\/\/goias.gov.br\/seguranca\/wp-json\/wp\/v2\/tags?post=10494"}],"curies":[{"name":"wp","href":"https:\/\/api.w.org\/{rel}","templated":true}]}}