

{"id":9854,"date":"2014-01-10T07:01:29","date_gmt":"2014-01-10T09:01:29","guid":{"rendered":"https:\/\/siteshom.goias.gov.br\/saude\/composicao-do-conselho-estadual-de-saude-2016-2020\/"},"modified":"2014-01-10T07:01:29","modified_gmt":"2014-01-10T09:01:29","slug":"composicao-do-conselho-estadual-de-saude-2016-2020","status":"publish","type":"post","link":"https:\/\/goias.gov.br\/saude\/composicao-do-conselho-estadual-de-saude-2016-2020\/","title":{"rendered":"Composi\u00e7\u00e3o do Conselho Estadual de Sa\u00fade 2016 &#8211; 2020"},"content":{"rendered":"<table border=\"1\" cellpadding=\"0\" cellspacing=\"0\" class=\"table table-striped\">\n<thead>\n<tr>\n<th colspan=\"2\" scope=\"col\" style=\"text-align: center;\">REPRESENTA&Ccedil;&Otilde;ES DO SEGMENTO DE USU&Aacute;RIOS<br \/>\n\t\t\tTITULARES<\/th>\n<\/tr>\n<\/thead>\n<tbody>\n<tr>\n<td><strong>ENTIDADE<\/strong><\/td>\n<td><strong>Nome do representante indicado<\/strong><\/td>\n<\/tr>\n<tr>\n<td>ABRAZ &ndash; ASSOCIA&Ccedil;&Atilde;O BRASILEIRA DE ALZHEIMER E DOEN&Ccedil;AS SIMILARES &ndash; REGIONAL GOI&Aacute;S<\/td>\n<td>GERINALDO TEODORO DE ASSUN&Ccedil;&Atilde;O<\/td>\n<\/tr>\n<tr>\n<td>AGD &ndash; Associa&ccedil;&atilde;o Goiana de Diab&eacute;ticos<\/td>\n<td>MARIA DALVA DA SILVA PINHEIRO<\/td>\n<\/tr>\n<tr>\n<td>ASSOCIA&Ccedil;&Atilde;O DOS HEMOF&Iacute;LICOS DO ESTADO DE GOI&Aacute;S<\/td>\n<td>JORGE PEREIRA PORTO<\/td>\n<\/tr>\n<tr>\n<td>AVCESIO &ndash; ASSOCIA&Ccedil;&Atilde;O DAS VITIMAS DO C&Eacute;SIO 137<\/td>\n<td>MEIRIELLE CHAPADENCE FABIANO<\/td>\n<\/tr>\n<tr>\n<td>CENTRAL DE MOVIMENTOS POPULARES DE GOI&Aacute;S &ndash; CMP<\/td>\n<td>WALTER DA SILVA MONTEIRO<\/td>\n<\/tr>\n<tr>\n<td>CENTRAL DOS TRABALHADORES E TRABALHADORA DO BRASIL-CTB<\/td>\n<td>JANE BELLE PIMENTEL DE CASTRO<\/td>\n<\/tr>\n<tr>\n<td>CENTRO BRASILEIRO DE ESTUDOS DE SA&Uacute;DE &ndash; CEBES<\/td>\n<td>ISMAEL NATA PASSOS SILVA<\/td>\n<\/tr>\n<tr>\n<td>GRUPAGO &ndash; GRUPO DE PACIENTE ARTR&Iacute;TICOS DE GOI&Aacute;S, ASSOCIA&Ccedil;&Atilde;O DOS REUM&Aacute;TICOS DO ESTADO DE GOI&Aacute;S<\/td>\n<td>JOANA D&#39; ARC DE ANDRADE<\/td>\n<\/tr>\n<tr>\n<td>GRUPO AAVE &#8211; AIDS: APOIO, VIDA, ESPERAN&Ccedil;A<\/td>\n<td>S&Acirc;MARA NATACHA BORGES GON&Ccedil;ALVES<\/td>\n<\/tr>\n<tr>\n<td>GRUPO ELES POR ELES &ndash; GEE<\/td>\n<td>LIORCINO MENDES PEREIRA FILHO<\/td>\n<\/tr>\n<tr>\n<td>INTERSINDICAL &#8211; CENTRAL DA CLASSE TRABALHADORA &#8211; CCT<\/td>\n<td>CRISTINA CAMARGO PEREIRA<\/td>\n<\/tr>\n<tr>\n<td>MOVIMENTO NACIONAL DA POPULA&Ccedil;&Atilde;O DE RUA DE GOI&Aacute;S&ndash; MNPR &#8211; GO<\/td>\n<td>&#8211;<\/td>\n<\/tr>\n<tr>\n<td>PASTORAL DA SA&Uacute;DE NACIONAL \/ CNBB<\/td>\n<td>IOLANY CAROLINA NUNES<\/td>\n<\/tr>\n<tr>\n<td>PROJETO RONDON &ndash; ASSOCIA&Ccedil;&Atilde;O DOS RONDONISTAS DO ESTADO DE GOI&Aacute;S<\/td>\n<td>DANIEL REGIS DE OLIVEIRA<\/td>\n<\/tr>\n<tr>\n<td>SINDICATO DO COM&Eacute;RCIO VAREJISTA DE OPTICA, J&Oacute;IAS, REL&Oacute;GIOS, CINE FOTOS E BIJOUTERIAS DO ESTADO DE GOI&Aacute;S &ndash; SINDOPTICA<\/td>\n<td>WALTENO RIBEIRO DE SOUZA<\/td>\n<\/tr>\n<tr>\n<td>SINDICATO DOS TRABALHADORES EM EDUCA&Ccedil;&Atilde;O DE GOI&Aacute;S &#8211; SINTEGO<\/td>\n<td>&nbsp;<\/td>\n<\/tr>\n<tr>\n<td>SINDICATO DOS T&Eacute;CNICOS DE SEGURANCA DO TRABALHO DOS ESTADOS DE GOI&Aacute;S E TOCANTINS -SINTESGO\/TO<\/td>\n<td>VALDECY MEIRELES DO CARMO<\/td>\n<\/tr>\n<tr>\n<td>SINDICATO DOS VIGILANTES DO ESTADO DE GOI&Aacute;S &#8211; SINDVIG<\/td>\n<td>AMILTON GRACIANO RAMOS<\/td>\n<\/tr>\n<tr>\n<td>UNI&Atilde;O ESTADUAL POR MORADIA POPULAR DO ESTADO DE GOI&Aacute;S &ndash; UEMP<\/td>\n<td>SEVERINO SOARES DA SILVA<\/td>\n<\/tr>\n<tr>\n<td>UNI&Atilde;O JUSSARENSE DE PROMO&Ccedil;&Atilde;O DO MENOR E O ADOLESCENTE CARENTE E ABANDONADO E DE DEFESA DA VIDA &#8211; UNIVIDA<\/td>\n<td>VENERANDO LEMES DE JESUS<\/td>\n<\/tr>\n<tr>\n<th colspan=\"2\">\n<p style=\"text-align: center;\">SUPLENTES<\/p>\n<\/th>\n<\/tr>\n<tr>\n<td><strong>ENTIDADE<\/strong><\/td>\n<td><strong>Nome do representante indicado<\/strong><\/td>\n<\/tr>\n<tr>\n<td>ASSOCIA&Ccedil;&Atilde;O DOS DEFICIENTES VISUAIS DO ESTADO DE GOI&Aacute;S &#8211; ADVEG<\/td>\n<td>&nbsp;<\/td>\n<\/tr>\n<tr>\n<td>CONSELHO ARQUIDIOCESANO DO LAICATO DE GOI&Acirc;NIA &#8211; CAL<\/td>\n<td>ALBERTINA DE SOUZA BERNARDES<\/td>\n<\/tr>\n<tr>\n<td>FEDERA&Ccedil;&Atilde;O DOS TRABALHADORES RURAIS NA AGRICULTURA FAMILIAR DO ESTADO DE GOI&Aacute;S &#8211; FETAEG<\/td>\n<td>ORLANDO LUIZ DA SILVA<\/td>\n<\/tr>\n<tr>\n<td>ORDEM DOS ADVOGADOS DO BRASIL &ndash; SUBSE&Ccedil;&Atilde;O GOI&Aacute;S &ndash; OAB<\/td>\n<td>CL&Aacute;UDIO ATTUX<\/td>\n<\/tr>\n<tr>\n<td>PASTORAL CARCER&Aacute;RIA DA ARQUIDIOCESE DE GOI&Acirc;NIA &#8211; PCA<\/td>\n<td>GLAUCIENE MAIA DE ALMEIDA PRAXEDES<\/td>\n<\/tr>\n<\/tbody>\n<\/table>\n<table border=\"1\" cellpadding=\"0\" cellspacing=\"0\" class=\"table table-striped\">\n<tbody>\n<tr>\n<th colspan=\"2\" style=\"text-align: center;\"><strong>REPRESENTA&Ccedil;&Otilde;ES DO SEGMENTO DE PROFISSIONAIS DE SA&Uacute;DE<\/strong><br \/>\n\t\t\t<strong>TITULARES<\/strong><\/th>\n<\/tr>\n<tr>\n<td><strong>ENTIDADE<\/strong><\/td>\n<td><strong>Nome do representante indicado<\/strong><\/td>\n<\/tr>\n<tr>\n<td>CONSELHO REGIONAL DE FONOAUDIOLOGIA &ndash; 5&ordf; REGI&Atilde;O &#8211; CREFONO<\/td>\n<td>M&Aacute;RCIA CRISTINA MOURA REZENDE<\/td>\n<\/tr>\n<tr>\n<td>CONSELHO REGIONAL DE ENFERMAGEM DE GOI&Aacute;S &#8211; COREN-GO<\/td>\n<td>VIVIANE RIBEIRO<\/td>\n<\/tr>\n<tr>\n<td>CONSELHO REGIONAL DE FARM&Aacute;CIA DO ESTADO DE GOI&Aacute;S &#8211; CRF\/GO<\/td>\n<td>ELZA LUIZ RODRIGUES DE SOUZA<\/td>\n<\/tr>\n<tr>\n<td>SINDICATO DOS ENFERMEIROS DE GOI&Aacute;S &#8211; SIEG<\/td>\n<td>DIONNE HALLYSON SILVA DE SIQUEIRA<\/td>\n<\/tr>\n<tr>\n<td>SINDICATO DOS AGENTES COMUNIT&Aacute;RIOS DE SA&Uacute;DE<br \/>\n\t\t\tE DE COMBATE &Agrave;S ENDEMIAS DO ESTADO DE GOI&Aacute;S &#8211; SINDACSE-GO<\/td>\n<td>ROSENI BISPO DA SILVA<\/td>\n<\/tr>\n<tr>\n<td>SINDICATO DOS TRABALHADORES DO SISTEMA &Uacute;NICO<br \/>\n\t\t\tDE SA&Uacute;DE\/GO &#8211; SINDSA&Uacute;DE<\/td>\n<td>LUZINEIA VIEIRA DOS SANTOS<\/td>\n<\/tr>\n<tr>\n<td>SINDICATO DOS FARMAC&Ecirc;UTICOS NO ESTADO DE GOI&Aacute;S &#8211; SINFAR<\/td>\n<td>INESLAINE BATAGIN RIBEIRO<\/td>\n<\/tr>\n<tr>\n<td>SINDICATO DOS(AS) T&Eacute;CNICOS(AS) E AUXILIARES EM<br \/>\n\t\t\tSA&Uacute;DE BUCAL DO ESTADO DE GOI&Aacute;S &#8211; SINTASB<\/td>\n<td>UIRIS JOS&Eacute; GUERRA<\/td>\n<\/tr>\n<tr>\n<td>SINDICATO DOS TRABALHADORES FEDERAIS<br \/>\n\t\t\tEM SA&Uacute;DE E PREVID&Ecirc;NCIA NOS ESTADOS DE GOI&Aacute;S E TOCANTINS &#8211; SINTFESP-GO\/TO<\/td>\n<td>JESULINA REGIS DOS SANTOS<\/td>\n<\/tr>\n<tr>\n<td>SINDICATO DOS ODONTOLOGISTAS NO ESTADO DE GOI&Aacute;S &#8211; SOEGO<\/td>\n<td>SHIRLEY FERREIRA SILVA<\/td>\n<\/tr>\n<tr>\n<th colspan=\"2\" style=\"text-align: center;\">SUPLENTES<\/th>\n<\/tr>\n<tr>\n<td><strong>ENTIDADE<\/strong><\/td>\n<td><strong>Nome do representante indicado<\/strong><\/td>\n<\/tr>\n<tr>\n<td>ASSOCIA&Ccedil;&Atilde;O DOS AUDITORES DE SISTEMA DE SA&Uacute;DE DO ESTADO DE GOI&Aacute;S &ndash; AUDITASUS-GO<\/td>\n<td>&#8211;<\/td>\n<\/tr>\n<tr>\n<td>CONSELHO REGIONAL DE PSICOLOGIA NONA REGI&Atilde;O &ndash; CRP<\/td>\n<td>&#8211;<\/td>\n<\/tr>\n<tr>\n<td>&#8211;<\/td>\n<td>&#8211;<\/td>\n<\/tr>\n<\/tbody>\n<\/table>\n<table border=\"1\" cellpadding=\"0\" cellspacing=\"0\" class=\"table table-striped\">\n<tbody>\n<tr>\n<th colspan=\"2\" style=\"text-align: center;\">REPRESENTA&Ccedil;&Atilde;O DO SEGMENTO DE GESTORES DA SA&Uacute;DE<br \/>\n\t\t\tTITULARES<\/th>\n<\/tr>\n<tr>\n<td><strong>ENTIDADE<\/strong><\/td>\n<td><strong>Nome do representante indicado<\/strong><\/td>\n<\/tr>\n<tr>\n<td>CONSELHO DOS SECRET&Aacute;RIOS MUNICIPAIS DE SA&Uacute;DE DE GOI&Aacute;S &#8211; COSEMS<\/td>\n<td>LUC&Eacute;LIA BORGES DE ABREU FERREIRA<\/td>\n<\/tr>\n<tr>\n<td>INSTITUTO FEDERAL DE EDUCA&Ccedil;&Atilde;O, CI&Ecirc;NCIA E TECNOLOGIA DE GOI&Aacute;S &ndash; IFG<\/td>\n<td>ILZA DE CARVALHO SANTOS<\/td>\n<\/tr>\n<tr>\n<td>N&Uacute;CLEO ESTADUAL DO MINIST&Eacute;RIO DA SA&Uacute;DE<\/td>\n<td>ROS&Aacute;LIA PEREIRA MATOS<\/td>\n<\/tr>\n<tr>\n<td>SECRETARIA DE POL&Iacute;TICAS PARA MULHERES E PROMO&Ccedil;&Atilde;O DA IGUALDADE RACIAL<\/td>\n<td>FL&Aacute;VIA CRUVINEL DE OLIVEIRA<\/td>\n<\/tr>\n<tr>\n<td>SECRETARIA DE ESTADO DA SA&Uacute;DE DO ESTADO DE GOI&Aacute;S &#8211; SES\/GO<\/td>\n<td>LUCIANA VIEIRA TAVERNAR DE OLIVEIRA<\/td>\n<\/tr>\n<tr>\n<th colspan=\"2\" style=\"text-align: center;\">SUPLENTES<\/th>\n<\/tr>\n<tr>\n<td><strong>ENTIDADE<\/strong><\/td>\n<td><strong>Nome do representante indicado<\/strong><\/td>\n<\/tr>\n<tr>\n<td>SUPERINTEND&Ecirc;NCIA DE CONTROLE E AVALIA&Ccedil;&Atilde;O E GERENCIAMENTO DAS UNIDADES DE SA&Uacute;DE &ndash; SCAGES<\/td>\n<td>RAFAEL SOUTO<\/td>\n<\/tr>\n<tr>\n<td>SUPERINTEND&Ecirc;NCIA DE POL&Iacute;TICA DE ATEN&Ccedil;&Atilde;O INTEGRAL &Agrave; SAUDE &ndash; SPAIS<\/td>\n<td>V&Acirc;NIA RASMUSSEN PEREIRA<\/td>\n<\/tr>\n<\/tbody>\n<\/table>\n<table border=\"1\" cellpadding=\"0\" cellspacing=\"0\">\n<tbody>\n<tr>\n<th colspan=\"2\" style=\"text-align: center;\">REPRESENTA&Ccedil;&Atilde;O DO SEGMENTO DE PRESTADORES DE SERVI&Ccedil;OS DE SA&Uacute;DE<br \/>\n\t\t\tTITULARES<\/th>\n<\/tr>\n<tr>\n<td><strong>ENTIDADE<\/strong><\/td>\n<td><strong>Nome do representante indicado<\/strong><\/td>\n<\/tr>\n<tr>\n<td>ASSOCIA&Ccedil;&Atilde;O DE COMBATE AO C&Acirc;NCER EM GOI&Aacute;S &#8211; ACCG<\/td>\n<td>&Acirc;NGELA MACHADO DE S&Aacute; FERREIRA<\/td>\n<\/tr>\n<tr>\n<td>ASSOCIA&Ccedil;&Atilde;O DE PAIS E AMIGOS DOS EXCEPCIONAIS DE AN&Aacute;POLIS &#8211; APAE<\/td>\n<td>ELIANE PEREIRA DOS SANTOS<\/td>\n<\/tr>\n<tr>\n<td>INSTITUTO DE DESENVOLVIMENTO TECNOL&Oacute;GICO E HUMANO &#8211; IDTECH<\/td>\n<td>ALEXSANDRO JORGE LIMA<\/td>\n<\/tr>\n<tr>\n<td>N&Uacute;CLEO DE PROTE&Ccedil;&Atilde;O AOS QUEIMADOS &#8211; NPQ<\/td>\n<td>ROSA IRLENE MARIA SERAFIM<\/td>\n<\/tr>\n<tr>\n<td>SANTA CASA DE MISERIC&Oacute;RDIA DE GOI&Acirc;NIA<\/td>\n<td>IRANI RIBEIRO DE MOURA<\/td>\n<\/tr>\n<tr>\n<td>VILA S&Atilde;O JOS&Eacute; BENTO COTTOLENGO<\/td>\n<td>ANA L&Uacute;CIA ROSIAK<\/td>\n<\/tr>\n<tr>\n<th colspan=\"2\">SUPLENTES<\/th>\n<\/tr>\n<tr>\n<td>ENTIDADE<\/td>\n<td>Nome do representante indicado<\/td>\n<\/tr>\n<tr>\n<td>Instituto de Gest&atilde;o em Sa&uacute;de &#8211; GERIR<\/td>\n<td>&#8211;<\/td>\n<\/tr>\n<tr>\n<td>HOSPITAL DE URG&Ecirc;NCIAS GOVERNADOR OT&Aacute;VIO LAGE DE SIQUEIRA &#8211; HUGOL<\/td>\n<td>&#8211;<\/td>\n<\/tr>\n<\/tbody>\n<\/table>\n","protected":false},"excerpt":{"rendered":"<p>REPRESENTA&Ccedil;&Otilde;ES DO SEGMENTO DE USU&Aacute;RIOS TITULARES ENTIDADE Nome do representante indicado ABRAZ &ndash; ASSOCIA&Ccedil;&Atilde;O BRASILEIRA DE ALZHEIMER E DOEN&Ccedil;AS SIMILARES &ndash; REGIONAL GOI&Aacute;S GERINALDO TEODORO DE ASSUN&Ccedil;&Atilde;O AGD &ndash; Associa&ccedil;&atilde;o Goiana de Diab&eacute;ticos MARIA DALVA DA SILVA PINHEIRO ASSOCIA&Ccedil;&Atilde;O DOS HEMOF&Iacute;LICOS DO ESTADO DE GOI&Aacute;S JORGE PEREIRA PORTO AVCESIO &ndash; ASSOCIA&Ccedil;&Atilde;O DAS VITIMAS DO C&Eacute;SIO [&hellip;]<\/p>\n","protected":false},"author":46,"featured_media":0,"comment_status":"closed","ping_status":"open","sticky":false,"template":"","format":"standard","meta":{"footnotes":""},"categories":[14],"tags":[],"class_list":["post-9854","post","type-post","status-publish","format-standard","hentry","category-conselho-estadual-de-saude"],"rttpg_featured_image_url":null,"rttpg_author":{"display_name":"cleybetsls","author_link":"https:\/\/goias.gov.br\/saude\/author\/cleybetsls\/"},"rttpg_comment":0,"rttpg_category":"<a href=\"https:\/\/goias.gov.br\/saude\/categoria\/conselho-estadual-de-saude\/\" rel=\"category tag\">Conselho Estadual de Sa\u00fade<\/a>","rttpg_excerpt":"REPRESENTA&Ccedil;&Otilde;ES DO SEGMENTO DE USU&Aacute;RIOS TITULARES ENTIDADE Nome do representante indicado ABRAZ &ndash; ASSOCIA&Ccedil;&Atilde;O BRASILEIRA DE ALZHEIMER E DOEN&Ccedil;AS SIMILARES &ndash; REGIONAL GOI&Aacute;S GERINALDO TEODORO DE ASSUN&Ccedil;&Atilde;O AGD &ndash; Associa&ccedil;&atilde;o Goiana de Diab&eacute;ticos MARIA DALVA DA SILVA PINHEIRO ASSOCIA&Ccedil;&Atilde;O DOS HEMOF&Iacute;LICOS DO ESTADO DE GOI&Aacute;S JORGE PEREIRA PORTO AVCESIO &ndash; ASSOCIA&Ccedil;&Atilde;O DAS VITIMAS DO C&Eacute;SIO&hellip;","_links":{"self":[{"href":"https:\/\/goias.gov.br\/saude\/wp-json\/wp\/v2\/posts\/9854","targetHints":{"allow":["GET"]}}],"collection":[{"href":"https:\/\/goias.gov.br\/saude\/wp-json\/wp\/v2\/posts"}],"about":[{"href":"https:\/\/goias.gov.br\/saude\/wp-json\/wp\/v2\/types\/post"}],"author":[{"embeddable":true,"href":"https:\/\/goias.gov.br\/saude\/wp-json\/wp\/v2\/users\/46"}],"replies":[{"embeddable":true,"href":"https:\/\/goias.gov.br\/saude\/wp-json\/wp\/v2\/comments?post=9854"}],"version-history":[{"count":0,"href":"https:\/\/goias.gov.br\/saude\/wp-json\/wp\/v2\/posts\/9854\/revisions"}],"wp:attachment":[{"href":"https:\/\/goias.gov.br\/saude\/wp-json\/wp\/v2\/media?parent=9854"}],"wp:term":[{"taxonomy":"category","embeddable":true,"href":"https:\/\/goias.gov.br\/saude\/wp-json\/wp\/v2\/categories?post=9854"},{"taxonomy":"post_tag","embeddable":true,"href":"https:\/\/goias.gov.br\/saude\/wp-json\/wp\/v2\/tags?post=9854"}],"curies":[{"name":"wp","href":"https:\/\/api.w.org\/{rel}","templated":true}]}}