

{"id":9840,"date":"2018-09-24T13:09:17","date_gmt":"2018-09-24T16:09:17","guid":{"rendered":"https:\/\/siteshom.goias.gov.br\/saude\/estruturaorganizacional\/"},"modified":"2025-09-19T08:01:08","modified_gmt":"2025-09-19T11:01:08","slug":"estrutura-organizacional-ces","status":"publish","type":"post","link":"https:\/\/goias.gov.br\/saude\/estrutura-organizacional-ces\/","title":{"rendered":"Estrutura Organizacional"},"content":{"rendered":"\n<p><span class=\"Corpo_0020do_0020texto__Char\">O Conselho Estadual de Sa\u00fade \u00e9 organizado em:<\/span><\/p>\n\n\n\n<ul class=\"wp-block-list\">\n<li><span class=\"Corpo_0020do_0020texto__Char\">Plen\u00e1rio<\/span><\/li>\n\n\n\n<li><span class=\"Corpo_0020do_0020texto__Char\">Mesa Diretora<\/span><\/li>\n\n\n\n<li><span class=\"Corpo_0020do_0020texto__Char\">Presid\u00eancia<\/span><\/li>\n\n\n\n<li><a href=\"https:\/\/goias.gov.br\/saude\/composicao-do-conselho-estadual-de-saude-2025-2028\/\" target=\"_blank\" rel=\"noreferrer noopener\"><b>Conselheiros Estaduais de Sa\u00fade<\/b><\/a><\/li>\n\n\n\n<li><span class=\"Corpo_0020do_0020texto__Char\">Secretaria-Executiva<\/span><\/li>\n\n\n\n<li><strong><a href=\"https:\/\/goias.gov.br\/saude\/comissoes-intersetoriais-de-apoio-tecnico-ces\/\" target=\"_blank\" rel=\"noopener\"><span class=\"Corpo_0020do_0020texto__Char\">Comiss\u00f5es&nbsp;Intersetoriais<\/span><\/a><\/strong><\/li>\n\n\n\n<li><span class=\"Corpo_0020do_0020texto__Char\">Grupos de Trabalho<\/span><\/li>\n<\/ul>\n\n\n\n<h2 class=\"wp-block-heading Corpo_0020do_0020texto\">Plen\u00e1rio<\/h2>\n\n\n\n<p>O Plen\u00e1rio do CES &#8211; GO \u00e9 o f\u00f3rum de delibera\u00e7\u00e3o plena e conclusiva formado pelos representantes de usu\u00e1rios e usu\u00e1rias ,profissionais de sa\u00fade , governo e prestadores da \u00e1rea da sa\u00fade .<\/p>\n\n\n\n<p>As reuni\u00f5es ocorrem de forma ordin\u00e1ria doze vezes por ano, uma vez por m\u00eas, ou por convoca\u00e7\u00e3o extraordin\u00e1ria requerida pelo Presidente do CES ou por delibera\u00e7\u00e3o do Plen\u00e1rio.<\/p>\n\n\n\n<h2 class=\"wp-block-heading\">Mesa Diretora<\/h2>\n\n\n\n<p>A Mesa Diretora do CES, eleita pelo Plen\u00e1rio, \u00e9 composta por quatro Conselheiros e Conselheiras titulares, inclu\u00eddo o Presidente do CES, para mandato de dois ano, permitida reelei\u00e7\u00e3o, desde que observado o prazo de tr\u00eas anos, fixado no Art. 7\u00ba do Decreto n.\u00ba 5.839, de 11 de julho de 2006.<\/p>\n\n\n\n<p>Cabe \u00e0 Mesa Diretora, a responsabilidade por toda a condu\u00e7\u00e3o dos processos administrativos e pol\u00edticos a serem deliberados pelo Pleno. Outra compet\u00eancia da Mesa do CES, que trabalha de forma colegiada, \u00e9 promover articula\u00e7\u00f5es pol\u00edticas com \u00f3rg\u00e3os e institui\u00e7\u00f5es, internos e externos, para garantir a intersetorialidade do Controle Social e a articula\u00e7\u00e3o com outros conselhos de pol\u00edticas p\u00fablicas.<\/p>\n\n\n\n<p><strong>Composi\u00e7\u00e3o da Mesa Diretora do CES:<\/strong><\/p>\n\n\n\n<ul class=\"wp-block-list\">\n<li>Presidente: Walter da Silva Monteiro &#8211; Segmento de Usu\u00e1rios<\/li>\n\n\n\n<li>Vice-presidente: S\u00e9rgio Gomes de Carvalho &#8211; Segmento Gestor\/Prestador<\/li>\n\n\n\n<li>1\u00ba Secret\u00e1rio:\u00a0Neiton Pedro Chaves &#8211; Segmento de Usu\u00e1rios<\/li>\n\n\n\n<li>2\u00ba Secret\u00e1ria:&nbsp;Marta Maria Neto Silva &#8211; Segmento de Trabalhadores<\/li>\n<\/ul>\n\n\n\n<h2 class=\"wp-block-heading\">Presid\u00eancia<\/h2>\n\n\n\n<p>A Presid\u00eancia do Conselho Estadual de Sa\u00fade \u00e9 definida por meio de vota\u00e7\u00e3o , entre os Conselheiros Titulares, em elei\u00e7\u00e3o que precede a escolha dos demais membros da Mesa Diretora. Seu mandato tamb\u00e9m ser\u00e1 de dois anos, permitida reelei\u00e7\u00e3o<\/p>\n\n\n\n<p>Entre as principais atribui\u00e7\u00f5es da Presid\u00eancia, est\u00e3o a coordena\u00e7\u00e3o da Mesa Diretora, a representa\u00e7\u00e3o do Conselho em suas rela\u00e7\u00f5es internas e externas, o estabelecimento da interlocu\u00e7\u00e3o com \u00f3rg\u00e3os da Secretaria Estadual de Sa\u00fade e demais \u00f3rg\u00e3os do governo e com institui\u00e7\u00f5es p\u00fablicas ou entidades privadas para o cumprimento das delibera\u00e7\u00f5es do CES, expedir atos decorrentes de delibera\u00e7\u00f5es do CES, entre outras.<\/p>\n\n\n\n<p><strong>Presidente do CES:<\/strong>&nbsp;Walter da Silva &nbsp;Monteiro<\/p>\n\n\n\n<h2 class=\"wp-block-heading\">Comiss\u00f5es&nbsp;<\/h2>\n\n\n\n<p>As Comiss\u00f5es s\u00e3o organismos de assessoria ao Plen\u00e1rio do CNS, que resgatam e reiteram os princ\u00edpios do SUS e do Controle Social. As Comiss\u00f5es buscam fornecer subs\u00eddios de discuss\u00e3o ao Pleno para a delibera\u00e7\u00e3o sobre a formula\u00e7\u00e3o da estrat\u00e9gia e controle da execu\u00e7\u00e3o de pol\u00edticas p\u00fablicas de sa\u00fade.<\/p>\n\n\n\n<p>As Comiss\u00f5es s\u00e3o compostas por at\u00e9 22 membros, entre titulares e suplentes. Poder\u00e3o compor a Comiss\u00e3o: Conselheiros E Conselheiras estaduais e representantes das \u00e1reas t\u00e9cnicas da Secretaria Estadual de Sa\u00fade , outras Secretarias e Entidades e Movimentos Nacionais, de acordo com as necessidades e especificidades. Para as fun\u00e7\u00f5es de Coordenador e Coordenador Adjunto somente poder\u00e3o ser indicados Conselheiros e Conselheiras, titulares ou suplentes.<\/p>\n\n\n\n<p><strong>Comiss\u00f5es em atividade:<\/strong><\/p>\n\n\n\n<ul class=\"wp-block-list\">\n<li>Comiss\u00e3o Intersetorial de Sa\u00fade do Trabalhador e da Trabalhadora (CISTT)<\/li>\n\n\n\n<li>Comiss\u00e3o Intersetorial de Monitoramento da Execu\u00e7\u00e3o da Pol\u00edtica de Sa\u00fade (CIMEPS)<\/li>\n\n\n\n<li>Comiss\u00e3o Intersetorial de Monitoramento da Execu\u00e7\u00e3o Or\u00e7ament\u00e1ria e Financeira (CIMEOF)<\/li>\n\n\n\n<li>Comiss\u00e3o Intersetorial de Apoio e Monitoramento dos Conselhos Municipais de Sa\u00fade (CIAMCMS)<\/li>\n\n\n\n<li>Comiss\u00e3o Intersetorial de Recursos Humanos e Rela\u00e7\u00e3o de Trabalho (CIRHRT)<\/li>\n\n\n\n<li>Comiss\u00e3o Intersetorial de Educa\u00e7\u00e3o Permanente para o Controle Social no SUS (CIEPCSS)<\/li>\n<\/ul>\n\n\n\n<h2 class=\"wp-block-heading\">Grupos de Trabalho<\/h2>\n\n\n\n<p>Os Grupos de Trabalho (GT) s\u00e3o organismos institu\u00eddos pelo Plen\u00e1rio para assessoramento ao CES ou \u00e0s Comiss\u00f5es, com objetivos definidos e prazo para o seu funcionamento fixado em at\u00e9 quatro meses.<\/p>\n\n\n\n<p>Cabe ao GT fornecer subs\u00eddios de ordem pol\u00edtica, t\u00e9cnica, administrativa, econ\u00f4mico-financeira e jur\u00eddica. Sua composi\u00e7\u00e3o pode ser de at\u00e9 cinco Conselheiros, incluindo o Coordenador, garantindo, preferencialmente, a representa\u00e7\u00e3o de todos os segmentos do CNS.<\/p>\n\n\n\n<h2 class=\"wp-block-heading\">Secretaria-Executiva<\/h2>\n\n\n\n<p>A Secretaria-Executiva do CES \u00e9 um \u00f3rg\u00e3o vinculado ao Gabinete do Secretario estadual de Sa\u00fade com a finalidade de fornecer as condi\u00e7\u00f5es necess\u00e1rias para o cumprimento das compet\u00eancias do CES. Cabe \u00e0 Secretaria dar todo o suporte t\u00e9cnico-administrativo para as atribui\u00e7\u00f5es do Conselho Estadual de Sa\u00fade, \u00e0s suas Comiss\u00f5es e Grupos de Trabalho.<\/p>\n\n\n\n<p>Tamb\u00e9m est\u00e1 entre as atribui\u00e7\u00f5es da Secretaria-Executiva o encaminhamento das demandas aos Conselhos Municipais de Sa\u00fade ap\u00f3s delibera\u00e7\u00e3o do Pleno, acompanhar, assessorar e participar da execu\u00e7\u00e3o e do mapeamento do recolhimento de dados e an\u00e1lises estrat\u00e9gicas formuladas pelos \u00f3rg\u00e3os conveniados, organizar o processo eleitoral do CES e participar da organiza\u00e7\u00e3o da Confer\u00eancia Estadual de Sa\u00fade e das Confer\u00eancias Tem\u00e1ticas, entre outras.<\/p>\n\n\n\n<p><\/p>\n","protected":false},"excerpt":{"rendered":"<p>O Conselho Estadual de Sa\u00fade \u00e9 organizado em: Plen\u00e1rio O Plen\u00e1rio do CES &#8211; GO \u00e9 o f\u00f3rum de delibera\u00e7\u00e3o plena e conclusiva formado pelos representantes de usu\u00e1rios e usu\u00e1rias ,profissionais de sa\u00fade , governo e prestadores da \u00e1rea da sa\u00fade . As reuni\u00f5es ocorrem de forma ordin\u00e1ria doze vezes por ano, uma vez por [&hellip;]<\/p>\n","protected":false},"author":46,"featured_media":0,"comment_status":"closed","ping_status":"open","sticky":false,"template":"","format":"standard","meta":{"footnotes":""},"categories":[14],"tags":[],"class_list":["post-9840","post","type-post","status-publish","format-standard","hentry","category-conselho-estadual-de-saude"],"rttpg_featured_image_url":null,"rttpg_author":{"display_name":"cleybetsls","author_link":"https:\/\/goias.gov.br\/saude\/author\/cleybetsls\/"},"rttpg_comment":0,"rttpg_category":"<a href=\"https:\/\/goias.gov.br\/saude\/categoria\/conselho-estadual-de-saude\/\" rel=\"category tag\">Conselho Estadual de Sa\u00fade<\/a>","rttpg_excerpt":"O Conselho Estadual de Sa\u00fade \u00e9 organizado em: Plen\u00e1rio O Plen\u00e1rio do CES &#8211; GO \u00e9 o f\u00f3rum de delibera\u00e7\u00e3o plena e conclusiva formado pelos representantes de usu\u00e1rios e usu\u00e1rias ,profissionais de sa\u00fade , governo e prestadores da \u00e1rea da sa\u00fade . As reuni\u00f5es ocorrem de forma ordin\u00e1ria doze vezes por ano, uma vez por&hellip;","_links":{"self":[{"href":"https:\/\/goias.gov.br\/saude\/wp-json\/wp\/v2\/posts\/9840","targetHints":{"allow":["GET"]}}],"collection":[{"href":"https:\/\/goias.gov.br\/saude\/wp-json\/wp\/v2\/posts"}],"about":[{"href":"https:\/\/goias.gov.br\/saude\/wp-json\/wp\/v2\/types\/post"}],"author":[{"embeddable":true,"href":"https:\/\/goias.gov.br\/saude\/wp-json\/wp\/v2\/users\/46"}],"replies":[{"embeddable":true,"href":"https:\/\/goias.gov.br\/saude\/wp-json\/wp\/v2\/comments?post=9840"}],"version-history":[{"count":2,"href":"https:\/\/goias.gov.br\/saude\/wp-json\/wp\/v2\/posts\/9840\/revisions"}],"predecessor-version":[{"id":504189,"href":"https:\/\/goias.gov.br\/saude\/wp-json\/wp\/v2\/posts\/9840\/revisions\/504189"}],"wp:attachment":[{"href":"https:\/\/goias.gov.br\/saude\/wp-json\/wp\/v2\/media?parent=9840"}],"wp:term":[{"taxonomy":"category","embeddable":true,"href":"https:\/\/goias.gov.br\/saude\/wp-json\/wp\/v2\/categories?post=9840"},{"taxonomy":"post_tag","embeddable":true,"href":"https:\/\/goias.gov.br\/saude\/wp-json\/wp\/v2\/tags?post=9840"}],"curies":[{"name":"wp","href":"https:\/\/api.w.org\/{rel}","templated":true}]}}