

{"id":97,"date":"2019-10-04T16:53:29","date_gmt":"2019-10-04T19:53:29","guid":{"rendered":"https:\/\/siteshom.goias.gov.br\/saude\/data-celebra-importancia-dos-agentes-comunitarios-e-de-endemias\/"},"modified":"2019-10-04T16:53:29","modified_gmt":"2019-10-04T19:53:29","slug":"data-celebra-importancia-dos-agentes-comunitarios-e-de-endemias","status":"publish","type":"post","link":"https:\/\/goias.gov.br\/saude\/data-celebra-importancia-dos-agentes-comunitarios-e-de-endemias\/","title":{"rendered":"Data celebra import\u00e2ncia dos agentes comunit\u00e1rios e de endemias"},"content":{"rendered":"<p><em>Profissionais das duas categorias t\u00eam como marca o contato direto com a popula\u00e7\u00e3o, a orienta\u00e7\u00e3o e a preven\u00e7\u00e3o de doen\u00e7as graves<\/em><\/p>\n<p>O dia 4 de outubro \u00e9 celebrado em todo o Brasil como o Dia Nacional do Agente Comunit\u00e1rio de Sa\u00fade e Dia Nacional do Agente de Controle de Endemias. A data comemorativa visa valorizar, homenagear e destacar a relev\u00e2ncia destas duas categorias na composi\u00e7\u00e3o das equipes multiprofissionais de sa\u00fade e no contexto da sa\u00fade p\u00fablica do pa\u00eds, em especial no \u00eaxito da aten\u00e7\u00e3o prim\u00e1ria \u00e0 sa\u00fade.<\/p>\n<p>O agente comunit\u00e1rio da sa\u00fade (ACS) \u00e9 o profissional respons\u00e1vel por realizar visitas domiciliares, ouvir os relatos da comunidade, identificar os problemas e agravos de sa\u00fade e informar a demanda da popula\u00e7\u00e3o \u00e0 equipe do programa Estrat\u00e9gia de Sa\u00fade da Fam\u00edlia. Ele se destaca pela capacidade de se comunicar com as pessoas e pela lideran\u00e7a natural que exerce.<\/p>\n<p>A gerente de Aten\u00e7\u00e3o Prim\u00e1ria da Superintend\u00eancia de Aten\u00e7\u00e3o Integral \u00e0 Sa\u00fade (Sais) da Secretaria de Estado da Sa\u00fade de Goi\u00e1s (SES-GO), Ticiane Peixoto Nakae da Silva, acentua que o ACS \u00e9 um profissional de extrema import\u00e2ncia na implementa\u00e7\u00e3o do Sistema \u00danico de Sa\u00fade (SUS), fortalecendo a integra\u00e7\u00e3o entre os servi\u00e7os da aten\u00e7\u00e3o prim\u00e1ria com a comunidade.<\/p>\n<p>J\u00e1 o agente de controle de endemias (ACE) \u00e9 o profissional respons\u00e1vel por identificar\u00a0 as condi\u00e7\u00f5es favor\u00e1veis \u00e0 exist\u00eancia de focos para a prolifera\u00e7\u00e3o de enfermidades. Al\u00e9m de promover a\u00e7\u00f5es de educa\u00e7\u00e3o em sa\u00fade junto \u00e0 comunidade e de informar \u00e0 popula\u00e7\u00e3o sobre os riscos das doen\u00e7as, o ACE tamb\u00e9m realiza visita aos im\u00f3veis e outras localidades com o objetivo de prevenir e controlar doen\u00e7as como dengue, mal\u00e1ria, leishmaniose e doen\u00e7a de Chagas. Ele tamb\u00e9m atua no controle de roedores e na preven\u00e7\u00e3o de acidentes por cobras, escorpi\u00f5es e aranhas e participa das a\u00e7\u00f5es de vacina\u00e7\u00e3o de c\u00e3es e gatos para preven\u00e7\u00e3o e controle da raiva.<\/p>\n<p><strong>Curso de Capacita\u00e7\u00e3o<\/strong><\/p>\n<p>Em Goi\u00e1s, conforme dados da SES-GO, existem cerca de 9,5 mil ACSs e 3,5 mil ACEs. Tais profissionais s\u00e3o contratados e geridos pelos munic\u00edpios. A Secretaria de Estado da Sa\u00fade de Goi\u00e1s define a pol\u00edtica de sa\u00fade implementada em todo o territ\u00f3rio goiano, faz o monitoramento das atividades desempenhadas pelas equipes, o interc\u00e2mbio com o Minist\u00e9rio da Sa\u00fade e a implementa\u00e7\u00e3o de cursos voltados \u00e0 atualiza\u00e7\u00e3o profissional.<\/p>\n<p>Neste ano, por exemplo, a SES-GO, por meio da Escola de Sa\u00fade de Goi\u00e1s, realiza o Curso de Capacita\u00e7\u00e3o do Processo de Trabalho dos Agentes Comunit\u00e1rios de Sa\u00fade e Agentes de Combate \u00e0s Endemias. A terceira edi\u00e7\u00e3o do curso tem in\u00edcio em 14 de outubro, com a participa\u00e7\u00e3o de 1.635 agentes. Realizado por meio de Ensino \u00e0 Dist\u00e2ncia, o curso tem a dura\u00e7\u00e3o de 160 horas.<\/p>\n<p>A superintendente da Escola de Sa\u00fade de Goi\u00e1s, Kelli Coelho Santos, informa que um total de 7,6 mil ACSs e ACEs j\u00e1 participaram do curso. Ela destaca que essa capacita\u00e7\u00e3o vai al\u00e9m do conte\u00fado em si. \u201cA realiza\u00e7\u00e3o desse projeto est\u00e1 proporcionando a inclus\u00e3o digital dos profissionais que agora se sentem inseridos no mundo globalizado, em que a internet quebra as barreiras geogr\u00e1ficas e universaliza o acesso ao conhecimento\u201d, avalia.<\/p>\n<p><strong>D\u00edvida hist\u00f3rica<\/strong><\/p>\n<p>Para o coordenador de Vigil\u00e2ncia e Controle Ambiental da Superintend\u00eancia de Vigil\u00e2ncia em Sa\u00fade (Suvisa) da SES-GO, Marcello Rosa, o Brasil tem uma d\u00edvida hist\u00f3rica com os agentes comunit\u00e1rios de sa\u00fade e os agentes de controle de endemias. Ele destaca que a a\u00e7\u00e3o dos ACEs come\u00e7ou h\u00e1 cerca de um s\u00e9culo, durante a atua\u00e7\u00e3o de renomados sanitaristas, entre eles Oswaldo Cruz e Em\u00edlio Ribas.<\/p>\n<p>Embora a profiss\u00e3o dos agentes de endemias tivesse na \u00e9poca outra denomina\u00e7\u00e3o, tais t\u00e9cnicos, de acordo com Marcello Rosa, come\u00e7aram a desenvolver as a\u00e7\u00f5es de preven\u00e7\u00e3o com o contato direto com a popula\u00e7\u00e3o, que muitas vezes residia em logradouros distantes e de dif\u00edcil acesso. Eles estruturaram as equipes para fazer frente a v\u00e1rios agravos. Em Goi\u00e1s, a atua\u00e7\u00e3o foi marcante e decisiva na busca ativa e tratamento de pacientes com a doen\u00e7a de Chagas.<\/p>\n<p>Marcello Rosa enfatiza que os agentes, como bravos guerreiros, enfrentaram v\u00e1rias situa\u00e7\u00f5es hostis. Eles mudaram a hist\u00f3ria da sa\u00fade no Brasil desenvolvendo um trabalho exaustivo e nobre. Muitas vezes, contra\u00edram as doen\u00e7as que combatiam, como mal\u00e1ria e febre amarela, e morreram por estas enfermidades.<\/p>\n<p><img fetchpriority=\"high\" decoding=\"async\" class=\"size-full wp-image-28405 aligncenter\" src=\"https:\/\/goias.gov.br\/saude\/wp-content\/uploads\/sites\/34\/images\/imagens_migradas\/2019\/10\/foto_-anna-lucia-almeida.jpg\" alt=\"\" width=\"800\" height=\"573\" \/><\/p>\n<p>J\u00e1 os agentes comunit\u00e1rios de sa\u00fade, enfatiza Marcello Rosa, contribu\u00edram de forma preponderante para a diminui\u00e7\u00e3o dos \u00edndices de mortalidade infantil na d\u00e9cada de 1990, por meio de um trabalho simples, fundamentado na visita domiciliar e na orienta\u00e7\u00e3o \u00e0 popula\u00e7\u00e3o. \u201cEsta conduta rotineira contribuiu para que muitas crian\u00e7as n\u00e3o morressem\u201d, assinala.<\/p>\n<p>Legisla\u00e7\u00e3o Representantes das duas categorias ressaltam a import\u00e2ncia do Dia Nacional do Agente Comunit\u00e1rio da Sa\u00fade e Agente de Controle de Endemias. O agente comunit\u00e1rio Josu\u00e9 Alves Ribeiro, vice-presidente do Conselho Municipal de Sa\u00fade de Senador Canedo, ressalta que o 4 de outubro \u00e9 um dia para ser lembrado em fun\u00e7\u00e3o das lutas e conquistas dos agentes ao longo dos \u00faltimos anos.<\/p>\n<p>As profiss\u00f5es de agente comunit\u00e1rio de sa\u00fade e agente de controle de endemias tiveram um salto qualitativo em 2018, com a promulga\u00e7\u00e3o da Lei 13.595, tamb\u00e9m conhecida como Lei Ruth Brilhante, em alus\u00e3o a uma l\u00edder da categoria falecida em 2017. Entre outros pontos, a lei determina as particularidades de cada categoria, ressalvando que os profissionais devem atuar em a\u00e7\u00f5es de preven\u00e7\u00e3o de doen\u00e7as e promo\u00e7\u00e3o da sa\u00fade, vigil\u00e2ncia e registro de casos e em campanhas de combate a surtos epid\u00eamicos. Al\u00e9m disso, define que cada trabalhador deve atuar em uma \u00e1rea espec\u00edfica, consolidado na comunidade.<\/p>\n<p><em>Maria Jos\u00e9 Silva, da Comunica\u00e7\u00e3o Setorial<\/em><\/p>\n<p><strong>Fotos:<\/strong>\u00a0<em>Anna L\u00facia Almeida e\u00a0Leticia Scheifer<\/em><\/p>\n","protected":false},"excerpt":{"rendered":"<p>Profissionais das duas categorias t\u00eam como marca o contato direto com a popula\u00e7\u00e3o, a orienta\u00e7\u00e3o e a preven\u00e7\u00e3o de doen\u00e7as graves O dia 4 de outubro \u00e9 celebrado em todo o Brasil como o Dia Nacional do Agente Comunit\u00e1rio de Sa\u00fade e Dia Nacional do Agente de Controle de Endemias. A data comemorativa visa valorizar, [&hellip;]<\/p>\n","protected":false},"author":46,"featured_media":0,"comment_status":"closed","ping_status":"open","sticky":false,"template":"","format":"standard","meta":{"footnotes":""},"categories":[3],"tags":[],"class_list":["post-97","post","type-post","status-publish","format-standard","hentry","category-noticias"],"rttpg_featured_image_url":null,"rttpg_author":{"display_name":"cleybetsls","author_link":"https:\/\/goias.gov.br\/saude\/author\/cleybetsls\/"},"rttpg_comment":0,"rttpg_category":"<a href=\"https:\/\/goias.gov.br\/saude\/categoria\/noticias\/\" rel=\"category tag\">Not\u00edcias<\/a>","rttpg_excerpt":"Profissionais das duas categorias t\u00eam como marca o contato direto com a popula\u00e7\u00e3o, a orienta\u00e7\u00e3o e a preven\u00e7\u00e3o de doen\u00e7as graves O dia 4 de outubro \u00e9 celebrado em todo o Brasil como o Dia Nacional do Agente Comunit\u00e1rio de Sa\u00fade e Dia Nacional do Agente de Controle de Endemias. A data comemorativa visa valorizar,&hellip;","_links":{"self":[{"href":"https:\/\/goias.gov.br\/saude\/wp-json\/wp\/v2\/posts\/97","targetHints":{"allow":["GET"]}}],"collection":[{"href":"https:\/\/goias.gov.br\/saude\/wp-json\/wp\/v2\/posts"}],"about":[{"href":"https:\/\/goias.gov.br\/saude\/wp-json\/wp\/v2\/types\/post"}],"author":[{"embeddable":true,"href":"https:\/\/goias.gov.br\/saude\/wp-json\/wp\/v2\/users\/46"}],"replies":[{"embeddable":true,"href":"https:\/\/goias.gov.br\/saude\/wp-json\/wp\/v2\/comments?post=97"}],"version-history":[{"count":0,"href":"https:\/\/goias.gov.br\/saude\/wp-json\/wp\/v2\/posts\/97\/revisions"}],"wp:attachment":[{"href":"https:\/\/goias.gov.br\/saude\/wp-json\/wp\/v2\/media?parent=97"}],"wp:term":[{"taxonomy":"category","embeddable":true,"href":"https:\/\/goias.gov.br\/saude\/wp-json\/wp\/v2\/categories?post=97"},{"taxonomy":"post_tag","embeddable":true,"href":"https:\/\/goias.gov.br\/saude\/wp-json\/wp\/v2\/tags?post=97"}],"curies":[{"name":"wp","href":"https:\/\/api.w.org\/{rel}","templated":true}]}}