

{"id":9589,"date":"2018-02-02T10:02:57","date_gmt":"2018-02-02T12:02:57","guid":{"rendered":"https:\/\/siteshom.goias.gov.br\/saude\/curso-de-regulacao-e-adi\/"},"modified":"2018-02-02T10:02:57","modified_gmt":"2018-02-02T12:02:57","slug":"curso-de-regulacao-e-adi","status":"publish","type":"post","link":"https:\/\/goias.gov.br\/saude\/curso-de-regulacao-e-adi\/","title":{"rendered":"Curso de regula\u00e7\u00e3o \u00e9 adiado"},"content":{"rendered":"<p><!DOCTYPE html PUBLIC \"-\/\/W3C\/\/DTD HTML 4.0 Transitional\/\/EN\" \"https:\/\/www.w3.org\/TR\/REC-html40\/loose.dtd\"><br \/>\n<html><body><\/p>\n<p>A pedido do Minist&eacute;rio da Sa&uacute;de, a Superintend&ecirc;ncia de Educa&ccedil;&atilde;o em Sa&uacute;de e Trabalho para o SUS &ndash; Sest\/SUS informa que o Curso B&aacute;sico de Regula&ccedil;&atilde;o do SUS da Superintend&ecirc;ncia de Acesso a Servi&ccedil;os Hospitalares e ambulatoriais &ndash; Suprass\/SES-GO, previsto para iniciar no pr&oacute;ximo dia 05 (segunda feira), tem uma nova data. As aulas v&atilde;o acontecer entre os dias 12 e 16 de mar&ccedil;o na Escola Estadual de Sa&uacute;de P&uacute;blica C&acirc;ndido Santiago, Em Goi&acirc;nia.<br \/>O minist&eacute;rio justificou o adiamento pela impossibilidade da disponibiliza&ccedil;&atilde;o dos facilitadores no m&ecirc;s de fevereiro. Mesmo com a mudan&ccedil;a de data as inscri&ccedil;&otilde;es realizadas e deferidas continuam v&aacute;lidas. A turma ser&aacute; formada por 29 alunos, ao todo. &#8203;<\/p>\n<p><\/body><\/html><\/p>\n","protected":false},"excerpt":{"rendered":"<p>A pedido do Minist&eacute;rio da Sa&uacute;de, a Superintend&ecirc;ncia de Educa&ccedil;&atilde;o em Sa&uacute;de e Trabalho para o SUS &ndash; Sest\/SUS informa que o Curso B&aacute;sico de Regula&ccedil;&atilde;o do SUS da Superintend&ecirc;ncia de Acesso a Servi&ccedil;os Hospitalares e ambulatoriais &ndash; Suprass\/SES-GO, previsto para iniciar no pr&oacute;ximo dia 05 (segunda feira), tem uma nova data. As aulas v&atilde;o [&hellip;]<\/p>\n","protected":false},"author":46,"featured_media":0,"comment_status":"closed","ping_status":"open","sticky":false,"template":"","format":"standard","meta":{"footnotes":""},"categories":[18],"tags":[],"class_list":["post-9589","post","type-post","status-publish","format-standard","hentry","category-vigilancia-em-saude"],"rttpg_featured_image_url":null,"rttpg_author":{"display_name":"cleybetsls","author_link":"https:\/\/goias.gov.br\/saude\/author\/cleybetsls\/"},"rttpg_comment":0,"rttpg_category":"<a href=\"https:\/\/goias.gov.br\/saude\/categoria\/vigilancia-em-saude\/\" rel=\"category tag\">Vigil\u00e2ncia em Sa\u00fade<\/a>","rttpg_excerpt":"A pedido do Minist&eacute;rio da Sa&uacute;de, a Superintend&ecirc;ncia de Educa&ccedil;&atilde;o em Sa&uacute;de e Trabalho para o SUS &ndash; Sest\/SUS informa que o Curso B&aacute;sico de Regula&ccedil;&atilde;o do SUS da Superintend&ecirc;ncia de Acesso a Servi&ccedil;os Hospitalares e ambulatoriais &ndash; Suprass\/SES-GO, previsto para iniciar no pr&oacute;ximo dia 05 (segunda feira), tem uma nova data. As aulas v&atilde;o&hellip;","_links":{"self":[{"href":"https:\/\/goias.gov.br\/saude\/wp-json\/wp\/v2\/posts\/9589","targetHints":{"allow":["GET"]}}],"collection":[{"href":"https:\/\/goias.gov.br\/saude\/wp-json\/wp\/v2\/posts"}],"about":[{"href":"https:\/\/goias.gov.br\/saude\/wp-json\/wp\/v2\/types\/post"}],"author":[{"embeddable":true,"href":"https:\/\/goias.gov.br\/saude\/wp-json\/wp\/v2\/users\/46"}],"replies":[{"embeddable":true,"href":"https:\/\/goias.gov.br\/saude\/wp-json\/wp\/v2\/comments?post=9589"}],"version-history":[{"count":0,"href":"https:\/\/goias.gov.br\/saude\/wp-json\/wp\/v2\/posts\/9589\/revisions"}],"wp:attachment":[{"href":"https:\/\/goias.gov.br\/saude\/wp-json\/wp\/v2\/media?parent=9589"}],"wp:term":[{"taxonomy":"category","embeddable":true,"href":"https:\/\/goias.gov.br\/saude\/wp-json\/wp\/v2\/categories?post=9589"},{"taxonomy":"post_tag","embeddable":true,"href":"https:\/\/goias.gov.br\/saude\/wp-json\/wp\/v2\/tags?post=9589"}],"curies":[{"name":"wp","href":"https:\/\/api.w.org\/{rel}","templated":true}]}}