{"id":954746,"date":"2026-09-04T15:36:09","date_gmt":"2026-09-04T18:36:09","guid":{"rendered":"https:\/\/goias.gov.br\/saude\/?p=954746"},"modified":"2026-09-04T15:36:09","modified_gmt":"2026-09-04T18:36:09","slug":"hospitais-estaduais-mantem-atendimento-de-urgencia-e-emergencia-no-feriado-da-independencia-do-brasil","status":"publish","type":"post","link":"https:\/\/goias.gov.br\/saude\/hospitais-estaduais-mantem-atendimento-de-urgencia-e-emergencia-no-feriado-da-independencia-do-brasil\/","title":{"rendered":"Hospitais estaduais mant\u00eam atendimento de urg\u00eancia e emerg\u00eancia no feriado da Independ\u00eancia do Brasil"},"content":{"rendered":"\n<p class=\"has-text-align-center wp-block-paragraph\"><strong>Unidades de Sa\u00fade funcionar\u00e3o em regime especial no dia 7 de setembro; servi\u00e7os essenciais e assist\u00eancia aos pacientes internados ser\u00e3o mantidos sem interrup\u00e7\u00e3o<\/strong><\/p>\n\n\n\n<!--more-->\n\n\n\n<figure class=\"wp-block-image size-large\"><img fetchpriority=\"high\" decoding=\"async\" width=\"1024\" height=\"576\" src=\"https:\/\/goias.gov.br\/saude\/wp-content\/uploads\/sites\/34\/2026\/09\/040926-funcionamento-1024x576.jpeg\" alt=\"\" class=\"wp-image-954762\" srcset=\"https:\/\/goias.gov.br\/saude\/wp-content\/uploads\/sites\/34\/2026\/09\/040926-funcionamento-1024x576.jpeg 1024w, https:\/\/goias.gov.br\/saude\/wp-content\/uploads\/sites\/34\/2026\/09\/040926-funcionamento-300x169.jpeg 300w, https:\/\/goias.gov.br\/saude\/wp-content\/uploads\/sites\/34\/2026\/09\/040926-funcionamento-768x432.jpeg 768w, https:\/\/goias.gov.br\/saude\/wp-content\/uploads\/sites\/34\/2026\/09\/040926-funcionamento-1536x864.jpeg 1536w, https:\/\/goias.gov.br\/saude\/wp-content\/uploads\/sites\/34\/2026\/09\/040926-funcionamento-2048x1152.jpeg 2048w\" sizes=\"(max-width: 1024px) 100vw, 1024px\" \/><figcaption class=\"wp-element-caption\"><em>HGG e demais hospitais estaduais mant\u00eam servi\u00e7os essenciais durante o feriado da Independ\u00eancia do Brasil<\/em><\/figcaption><\/figure>\n\n\n\n<p class=\"wp-block-paragraph\">Os hospitais e demais unidades vinculadas \u00e0 Secretaria de Estado da Sa\u00fade de Goi\u00e1s (SES-GO) funcionar\u00e3o em regime especial durante o feriado da Independ\u00eancia do Brasil, na segunda-feira (7\/9). Os atendimentos de urg\u00eancia e emerg\u00eancia e a assist\u00eancia aos pacientes internados ser\u00e3o mantidos sem interrup\u00e7\u00e3o em toda a rede estadual de sa\u00fade.<\/p>\n\n\n\n<p class=\"wp-block-paragraph\">Em Goi\u00e2nia, o Hospital Estadual de Urg\u00eancias Governador Ot\u00e1vio Lage de Siqueira (Hugol) manter\u00e1 o funcionamento do pronto-socorro e das interna\u00e7\u00f5es. Os atendimentos ambulatoriais e as atividades administrativas estar\u00e3o suspensos, com retorno na ter\u00e7a-feira (8\/9). O Banco de Sangue da unidade tamb\u00e9m n\u00e3o funcionar\u00e1 na segunda-feira e retomar\u00e1 os atendimentos na ter\u00e7a-feira, a partir das 7h.<\/p>\n\n\n\n<p class=\"wp-block-paragraph\">No Hospital de Urg\u00eancias de Goi\u00e1s Dr. Valdemiro Cruz (Hugo), os servi\u00e7os de urg\u00eancia e emerg\u00eancia seguir\u00e3o funcionando normalmente. As atividades administrativas e os atendimentos ambulatoriais estar\u00e3o suspensos no feriado e ser\u00e3o retomados na ter\u00e7a-feira (8\/9).<\/p>\n\n\n\n<p class=\"wp-block-paragraph\">O Hospital Estadual de Doen\u00e7as Tropicais Dr. Anuar Auad (HDT) funcionar\u00e1 em regime de plant\u00e3o para os casos de urg\u00eancia e emerg\u00eancia. O ambulat\u00f3rio e a Farm\u00e1cia Ambulatorial permanecer\u00e3o fechados, com retorno das atividades na ter\u00e7a-feira (8\/9).<\/p>\n\n\n\n<p class=\"wp-block-paragraph\">No Centro Estadual de Reabilita\u00e7\u00e3o e Readapta\u00e7\u00e3o Dr. Henrique Santillo (Crer), n\u00e3o haver\u00e1 atendimento ambulatorial de consultas e terapias na segunda-feira (7\/9). Os servi\u00e7os ser\u00e3o retomados normalmente na ter\u00e7a-feira (8\/9).<\/p>\n\n\n\n<p class=\"wp-block-paragraph\">No Hospital Estadual da Crian\u00e7a e do Adolescente (Hecad), os servi\u00e7os de urg\u00eancia e emerg\u00eancia funcionar\u00e3o normalmente, 24 horas por dia. Os atendimentos ambulatoriais estar\u00e3o suspensos e retornar\u00e3o \u00e0 normalidade na ter\u00e7a-feira (8\/9).<\/p>\n\n\n\n<p class=\"wp-block-paragraph\">No Hospital Estadual da Mulher (Hemu), os atendimentos de emerg\u00eancia permanecer\u00e3o ativos. O Banco de Leite Humano n\u00e3o funcionar\u00e1 na segunda-feira (7\/9) e retomar\u00e1 as atividades na ter\u00e7a-feira (8\/9).<\/p>\n\n\n\n<p class=\"wp-block-paragraph\">O Hospital Estadual e Maternidade Nossa Senhora de Lourdes (HEMNSL) manter\u00e1 os servi\u00e7os de emerg\u00eancia e interna\u00e7\u00e3o em funcionamento ininterrupto, enquanto as atividades administrativas estar\u00e3o suspensas.<\/p>\n\n\n\n<p class=\"wp-block-paragraph\">No Hospital Estadual Dr. Alberto Rassi (HGG), n\u00e3o haver\u00e1 expediente administrativo nem funcionamento do Ambulat\u00f3rio de Medicina Avan\u00e7ada (AMA), do Centro Estadual de Aten\u00e7\u00e3o ao Diabetes (Cead) e do Centro de Servi\u00e7os Especializados (Cesesp). As alas de interna\u00e7\u00e3o funcionar\u00e3o normalmente.<\/p>\n\n\n\n<p class=\"wp-block-paragraph\">No Centro Estadual de Aten\u00e7\u00e3o Prolongada e Casa de Apoio Condom\u00ednio Solidariedade (Ceap-SOL), os servi\u00e7os de interna\u00e7\u00e3o funcionar\u00e3o de forma ininterrupta, 24 horas por dia. Os atendimentos ambulatoriais estar\u00e3o suspensos exclusivamente na segunda-feira (7\/9), com retorno na ter\u00e7a-feira (8\/9).<\/p>\n\n\n\n<p class=\"wp-block-paragraph\"><strong>Interior e Regi\u00e3o Metropolitana<\/strong><br>Os hospitais estaduais de Trindade (Hetrin), Formosa (HEF) e do Centro-Norte Goiano (HCN), em Urua\u00e7u, manter\u00e3o normalmente os servi\u00e7os de urg\u00eancia e emerg\u00eancia. Os atendimentos ambulatoriais e as atividades administrativas estar\u00e3o suspensos durante o feriado.<\/p>\n\n\n\n<p class=\"wp-block-paragraph\">No Hospital Estadual de Aparecida de Goi\u00e2nia Cairo Louzada (Heapa), os atendimentos administrativos e ambulatoriais estar\u00e3o suspensos no dia 7. Os servi\u00e7os de urg\u00eancia e emerg\u00eancia funcionar\u00e3o normalmente.<\/p>\n\n\n\n<p class=\"wp-block-paragraph\">O Hospital Estadual de An\u00e1polis Dr. Henrique Santillo (Heana), o Hospital Estadual Dr. Geraldo Land\u00f3 (HESLMB), em S\u00e3o Lu\u00eds de Montes Belos, e o Hospital Estadual de Piren\u00f3polis Ernestina Lopes Jaime (HEELJ) manter\u00e3o os atendimentos de urg\u00eancia e emerg\u00eancia.<\/p>\n\n\n\n<p class=\"wp-block-paragraph\">No Hospital Estadual de Jata\u00ed Dr. Serafim de Carvalho (HEJ), os servi\u00e7os de emerg\u00eancia e interna\u00e7\u00e3o funcionar\u00e3o normalmente. O ambulat\u00f3rio e os setores administrativos estar\u00e3o fechados, com retorno na ter\u00e7a-feira (8\/9).<\/p>\n\n\n\n<p class=\"wp-block-paragraph\">No Hospital Estadual de Jaragu\u00e1 Dr. Sandino de Amorim (Heja), o setor administrativo n\u00e3o ter\u00e1 expediente na segunda-feira (7\/9), em raz\u00e3o do feriado nacional da Independ\u00eancia do Brasil, nem na ter\u00e7a-feira (8\/9), devido ao feriado municipal. Os atendimentos de urg\u00eancia e emerg\u00eancia seguir\u00e3o funcionando normalmente durante o per\u00edodo.<\/p>\n\n\n\n<p class=\"wp-block-paragraph\">O Complexo de Refer\u00eancia Estadual em Sa\u00fade Mental Prof. Jamil Issy (Cresm) suspender\u00e1 os atendimentos ambulatoriais e as atividades administrativas no feriado. Os atendimentos de urg\u00eancia e emerg\u00eancia ser\u00e3o mantidos em regime de plant\u00e3o.<\/p>\n\n\n\n<p class=\"wp-block-paragraph\"><strong>Cora<\/strong><br>No Complexo Oncol\u00f3gico do Estado de Goi\u00e1s (Cora), os servi\u00e7os de interna\u00e7\u00e3o funcionar\u00e3o normalmente. Os atendimentos ambulatoriais e as atividades administrativas estar\u00e3o suspensos na segunda-feira (7\/9).<\/p>\n\n\n\n<p class=\"wp-block-paragraph\"><strong>Policl\u00ednicas<\/strong><br>As Policl\u00ednicas Estaduais de Goi\u00e1s, S\u00e3o Lu\u00eds de Montes Belos, Posse, Formosa, Quirin\u00f3polis e Goian\u00e9sia n\u00e3o funcionar\u00e3o para atendimentos ambulatoriais e administrativos durante o feriado. Apenas os servi\u00e7os de hemodi\u00e1lise ser\u00e3o mantidos, garantindo a continuidade do atendimento aos pacientes em tratamento.<\/p>\n\n\n\n<p class=\"wp-block-paragraph\"><strong>Rede Hemo<\/strong><br>As unidades da Rede Estadual de Servi\u00e7os Hemoter\u00e1picos (Rede Hemo) em Goi\u00e2nia e no interior, localizadas em Rio Verde, Catal\u00e3o, Ceres, Jata\u00ed, Formosa, Ipor\u00e1, Porangatu e Quirin\u00f3polis, n\u00e3o funcionar\u00e3o na segunda-feira (7\/9). As atividades ser\u00e3o retomadas na ter\u00e7a-feira (8\/9).<\/p>\n\n\n\n<p class=\"wp-block-paragraph\"><strong>Cemac<\/strong><br>O Centro Estadual de Medica\u00e7\u00e3o de Alto Custo Juarez Barbosa (Cemac JB) suspender\u00e1 as atividades durante o feriado e retomar\u00e1 os atendimentos na ter\u00e7a-feira (8\/9), a partir das 7h.<\/p>\n\n\n\n<p class=\"wp-block-paragraph\"><strong>Lacen<\/strong><br>O Laborat\u00f3rio Estadual de Sa\u00fade P\u00fablica Dr. Giovanni Cysneiros (Lacen-GO) manter\u00e1 plant\u00e3o para recebimento de amostras destinadas \u00e0 rotina de cultura microbiana, al\u00e9m de casos relacionados a surtos e emerg\u00eancias, das 8h \u00e0s 16h. Os servi\u00e7os administrativos, a retirada de kits e outros insumos estar\u00e3o suspensos, com retorno \u00e0 normalidade na ter\u00e7a-feira (8\/9).<\/p>\n\n\n\n<p class=\"wp-block-paragraph\"><strong>Ciatox e Ger\u00eancia de Transplantes<\/strong><br>O Centro de Informa\u00e7\u00e3o e Assist\u00eancia Toxicol\u00f3gica de Goi\u00e1s (Ciatox) permanecer\u00e1 em regime de plant\u00e3o 24 horas. O Disque Intoxica\u00e7\u00e3o oferece orienta\u00e7\u00f5es aos profissionais de sa\u00fade e \u00e0 popula\u00e7\u00e3o sobre intoxica\u00e7\u00f5es, envenenamentos e acidentes com animais pe\u00e7onhentos. O servi\u00e7o funciona pelos telefones 0800 646 4350 e (62) 3241-2723.<\/p>\n\n\n\n<p class=\"wp-block-paragraph\">J\u00e1 a Ger\u00eancia de Transplantes de Goi\u00e1s seguir\u00e1 de plant\u00e3o para atender casos de notifica\u00e7\u00e3o e capta\u00e7\u00e3o de \u00f3rg\u00e3os. O telefone de contato \u00e9 (62) 3201-2200.<\/p>\n\n\n\n<p class=\"wp-block-paragraph\">Foto: Ion Braz<\/p>\n\n\n\n<p class=\"wp-block-paragraph\">Secretaria da Sa\u00fade \u2013 Governo de Goi\u00e1s<\/p>\n","protected":false},"excerpt":{"rendered":"<p>Unidades de Sa\u00fade funcionar\u00e3o em regime especial no dia 7 de setembro; servi\u00e7os essenciais e assist\u00eancia aos pacientes internados ser\u00e3o mantidos sem interrup\u00e7\u00e3o<\/p>\n","protected":false},"author":165,"featured_media":954762,"comment_status":"closed","ping_status":"open","sticky":false,"template":"","format":"standard","meta":{"footnotes":""},"categories":[539],"tags":[540],"class_list":["post-954746","post","type-post","status-publish","format-standard","has-post-thumbnail","hentry","category-informativos","tag-informativos"],"rttpg_featured_image_url":{"full":["https:\/\/goias.gov.br\/saude\/wp-content\/uploads\/sites\/34\/2026\/09\/040926-funcionamento.jpeg",2560,1440,false],"landscape":["https:\/\/goias.gov.br\/saude\/wp-content\/uploads\/sites\/34\/2026\/09\/040926-funcionamento.jpeg",2560,1440,false],"portraits":["https:\/\/goias.gov.br\/saude\/wp-content\/uploads\/sites\/34\/2026\/09\/040926-funcionamento.jpeg",2560,1440,false],"thumbnail":["https:\/\/goias.gov.br\/saude\/wp-content\/uploads\/sites\/34\/2026\/09\/040926-funcionamento-150x150.jpeg",150,150,true],"medium":["https:\/\/goias.gov.br\/saude\/wp-content\/uploads\/sites\/34\/2026\/09\/040926-funcionamento-300x169.jpeg",300,169,true],"large":["https:\/\/goias.gov.br\/saude\/wp-content\/uploads\/sites\/34\/2026\/09\/040926-funcionamento-1024x576.jpeg",1024,576,true],"1536x1536":["https:\/\/goias.gov.br\/saude\/wp-content\/uploads\/sites\/34\/2026\/09\/040926-funcionamento-1536x864.jpeg",1536,864,true],"2048x2048":["https:\/\/goias.gov.br\/saude\/wp-content\/uploads\/sites\/34\/2026\/09\/040926-funcionamento-2048x1152.jpeg",2048,1152,true]},"rttpg_author":{"display_name":"ricardocruz","author_link":"https:\/\/goias.gov.br\/saude\/author\/ricardocruz\/"},"rttpg_comment":0,"rttpg_category":"<a href=\"https:\/\/goias.gov.br\/saude\/categoria\/informativos\/\" rel=\"category tag\">Informativos<\/a>","rttpg_excerpt":"Unidades de Sa\u00fade funcionar\u00e3o em regime especial no dia 7 de setembro; servi\u00e7os essenciais e assist\u00eancia aos pacientes internados ser\u00e3o mantidos sem interrup\u00e7\u00e3o","_links":{"self":[{"href":"https:\/\/goias.gov.br\/saude\/wp-json\/wp\/v2\/posts\/954746","targetHints":{"allow":["GET"]}}],"collection":[{"href":"https:\/\/goias.gov.br\/saude\/wp-json\/wp\/v2\/posts"}],"about":[{"href":"https:\/\/goias.gov.br\/saude\/wp-json\/wp\/v2\/types\/post"}],"author":[{"embeddable":true,"href":"https:\/\/goias.gov.br\/saude\/wp-json\/wp\/v2\/users\/165"}],"replies":[{"embeddable":true,"href":"https:\/\/goias.gov.br\/saude\/wp-json\/wp\/v2\/comments?post=954746"}],"version-history":[{"count":1,"href":"https:\/\/goias.gov.br\/saude\/wp-json\/wp\/v2\/posts\/954746\/revisions"}],"predecessor-version":[{"id":954799,"href":"https:\/\/goias.gov.br\/saude\/wp-json\/wp\/v2\/posts\/954746\/revisions\/954799"}],"wp:featuredmedia":[{"embeddable":true,"href":"https:\/\/goias.gov.br\/saude\/wp-json\/wp\/v2\/media\/954762"}],"wp:attachment":[{"href":"https:\/\/goias.gov.br\/saude\/wp-json\/wp\/v2\/media?parent=954746"}],"wp:term":[{"taxonomy":"category","embeddable":true,"href":"https:\/\/goias.gov.br\/saude\/wp-json\/wp\/v2\/categories?post=954746"},{"taxonomy":"post_tag","embeddable":true,"href":"https:\/\/goias.gov.br\/saude\/wp-json\/wp\/v2\/tags?post=954746"}],"curies":[{"name":"wp","href":"https:\/\/api.w.org\/{rel}","templated":true}]}}