{"id":950822,"date":"2026-09-01T16:06:29","date_gmt":"2026-09-01T19:06:29","guid":{"rendered":"https:\/\/goias.gov.br\/saude\/?p=950822"},"modified":"2026-09-01T16:06:29","modified_gmt":"2026-09-01T19:06:29","slug":"saude-promove-campanha-para-ampliar-doacao-de-orgaos-em-goias","status":"publish","type":"post","link":"https:\/\/goias.gov.br\/saude\/saude-promove-campanha-para-ampliar-doacao-de-orgaos-em-goias\/","title":{"rendered":"Sa\u00fade promove campanha para ampliar doa\u00e7\u00e3o de \u00f3rg\u00e3os em Goi\u00e1s"},"content":{"rendered":"\n<p class=\"has-text-align-center wp-block-paragraph\"><strong>Setembro Verde refor\u00e7a di\u00e1logo em fam\u00edlia para incentivar doa\u00e7\u00e3o de \u00f3rg\u00e3os; atualmente, 2.585 pessoas aguardam por um transplante no estado<\/strong><\/p>\n\n\n\n<!--more-->\n\n\n\n<figure class=\"wp-block-image size-large\"><img fetchpriority=\"high\" decoding=\"async\" width=\"1024\" height=\"685\" src=\"https:\/\/goias.gov.br\/saude\/wp-content\/uploads\/sites\/34\/2026\/09\/010926-doacao-de-orgaos-1024x685.jpeg\" alt=\"\" class=\"wp-image-950853\" srcset=\"https:\/\/goias.gov.br\/saude\/wp-content\/uploads\/sites\/34\/2026\/09\/010926-doacao-de-orgaos-1024x685.jpeg 1024w, https:\/\/goias.gov.br\/saude\/wp-content\/uploads\/sites\/34\/2026\/09\/010926-doacao-de-orgaos-767x513.jpeg 767w, https:\/\/goias.gov.br\/saude\/wp-content\/uploads\/sites\/34\/2026\/09\/010926-doacao-de-orgaos-1536x1027.jpeg 1536w, https:\/\/goias.gov.br\/saude\/wp-content\/uploads\/sites\/34\/2026\/09\/010926-doacao-de-orgaos-300x201.jpeg 300w, https:\/\/goias.gov.br\/saude\/wp-content\/uploads\/sites\/34\/2026\/09\/010926-doacao-de-orgaos.jpeg 1600w\" sizes=\"(max-width: 1024px) 100vw, 1024px\" \/><figcaption class=\"wp-element-caption\"><em>Profissionais de sa\u00fade transportam \u00f3rg\u00e3os e tecidos para transplantes; Um doador pode salvar v\u00e1rios pacientes<\/em><\/figcaption><\/figure>\n\n\n\n<p class=\"wp-block-paragraph\">Em Goi\u00e1s, 2.585 pessoas aguardam atualmente por um transplante. Durante o Setembro Verde, a Secretaria de Estado da Sa\u00fade de Goi\u00e1s (SES) realiza uma s\u00e9rie de a\u00e7\u00f5es de conscientiza\u00e7\u00e3o sobre a import\u00e2ncia da doa\u00e7\u00e3o de \u00f3rg\u00e3os e tecidos. As atividades come\u00e7am nesta quarta-feira (2\/9), com a solenidade de abertura da campanha, no Audit\u00f3rio da Escola Estadual de Sa\u00fade P\u00fablica de Goi\u00e1s. O encontro reunir\u00e1 profissionais de sa\u00fade, fam\u00edlias doadoras, pessoas transplantadas, parceiros e representantes da sociedade.<\/p>\n\n\n\n<p class=\"wp-block-paragraph\">A Campanha Setembro Verde refor\u00e7a a import\u00e2ncia do di\u00e1logo em fam\u00edlia e chama aten\u00e7\u00e3o para um dos principais fatores que impedem a realiza\u00e7\u00e3o de transplantes: a recusa familiar. Dados da Central Estadual de Transplantes mostram que 67,3% das fam\u00edlias entrevistadas n\u00e3o autorizam a doa\u00e7\u00e3o de \u00f3rg\u00e3os ap\u00f3s a morte. No Brasil, a autoriza\u00e7\u00e3o da fam\u00edlia \u00e9 indispens\u00e1vel para que a doa\u00e7\u00e3o seja efetivada, mesmo que a pessoa tenha manifestado em vida o desejo de ser doadora. Por isso, a principal orienta\u00e7\u00e3o da campanha \u00e9 simples: quem deseja ser doador deve conversar sobre essa decis\u00e3o com seus familiares.<\/p>\n\n\n\n<p class=\"wp-block-paragraph\">Manifestar previamente essa vontade pode contribuir para que, em um momento de perda, a fam\u00edlia conhe\u00e7a e respeite a decis\u00e3o da pessoa, possibilitando que \u00f3rg\u00e3os e tecidos sejam doados para pacientes que aguardam na fila por um transplante. Atualmente, 1.807 pacientes em Goi\u00e1s aguardam por um transplante de c\u00f3rnea, 757 por rim, sete por f\u00edgado, tr\u00eas por p\u00e2ncreas e 11 por transplante conjugado de p\u00e2ncreas e rim.<\/p>\n\n\n\n<p class=\"wp-block-paragraph\">\u201cA doa\u00e7\u00e3o de \u00f3rg\u00e3os e tecidos representa a possibilidade de transformar a dor de uma perda em esperan\u00e7a para outras pessoas. Um \u00fanico doador pode beneficiar diversos pacientes e possibilitar a realiza\u00e7\u00e3o de m\u00faltiplos transplantes. Por isso, o Setembro Verde refor\u00e7a que a doa\u00e7\u00e3o come\u00e7a muito antes do momento da decis\u00e3o: come\u00e7a com uma conversa em fam\u00edlia\u201d, afirma a gerente da Central Estadual de Transplantes, Katiuscia Freitas. A orienta\u00e7\u00e3o \u00e9 que as pessoas que desejam ser doadoras comuniquem sua decis\u00e3o aos familiares.<\/p>\n\n\n\n<p class=\"wp-block-paragraph\"><strong>Programa\u00e7\u00e3o<\/strong><br>No dia 17 de setembro, \u00e0s 8h, ser\u00e1 realizada uma blitz educativa em parceria com o Departamento Estadual de Tr\u00e2nsito de Goi\u00e1s (Detran-GO), na Rua 94, no Setor Sul, em Goi\u00e2nia. A a\u00e7\u00e3o levar\u00e1 informa\u00e7\u00f5es sobre a doa\u00e7\u00e3o de \u00f3rg\u00e3os e tecidos \u00e0 popula\u00e7\u00e3o.<\/p>\n\n\n\n<p class=\"wp-block-paragraph\">J\u00e1 no dia 27 de setembro, Dia Nacional da Doa\u00e7\u00e3o de \u00d3rg\u00e3os, ser\u00e1 realizado o V Passeio Cicl\u00edstico \u201cPedal pela Vida\u201d. A concentra\u00e7\u00e3o est\u00e1 marcada para as 7h30, no Parque Arei\u00e3o, nas proximidades do Batalh\u00e3o de Opera\u00e7\u00f5es Especiais (BOPE), em Goi\u00e2nia.<\/p>\n\n\n\n<p class=\"wp-block-paragraph\">A mobiliza\u00e7\u00e3o reunir\u00e1 ciclistas, profissionais de sa\u00fade, fam\u00edlias e integrantes da comunidade para chamar aten\u00e7\u00e3o para a import\u00e2ncia da doa\u00e7\u00e3o de \u00f3rg\u00e3os e tecidos. Durante todo o m\u00eas, pr\u00e9dios e institui\u00e7\u00f5es p\u00fablicas e privadas tamb\u00e9m poder\u00e3o aderir \u00e0 campanha com a ilumina\u00e7\u00e3o de fachadas na cor verde, ampliando a visibilidade da mensagem sobre a doa\u00e7\u00e3o.<\/p>\n\n\n\n<p class=\"wp-block-paragraph\"><strong>Servi\u00e7o<\/strong><br>Abertura oficial da campanha Setembro Verde 2026<br>Quando: Quarta-feira (2\/9), \u00e0s 9h<br>Onde: Audit\u00f3rio da Escola Estadual de Sa\u00fade P\u00fablica de Goi\u00e1s &#8211; Rua 26, n\u00ba 521, Vila Legion\u00e1rios, Goi\u00e2nia<\/p>\n\n\n\n<p class=\"wp-block-paragraph\">Blitz educativa em parceria com o Detran-GO<br>Quando: Quinta-feira (17\/9), \u00e0s 8h<br>Onde: Rua 94, Setor Sul, Goi\u00e2nia<\/p>\n\n\n\n<p class=\"wp-block-paragraph\">Dia Nacional da Doa\u00e7\u00e3o de \u00d3rg\u00e3os \u2013 V Passeio Cicl\u00edstico \u201cPedal pela Vida\u201d<br>Quando: Domingo (27\/9), \u00e0s 7h30 (concentra\u00e7\u00e3o)<br>Onde: Parque Arei\u00e3o, nas proximidades do Batalh\u00e3o do BOPE, Goi\u00e2nia<\/p>\n\n\n\n<p class=\"wp-block-paragraph\">Fotos: SES<\/p>\n\n\n\n<p class=\"wp-block-paragraph\">Secretaria da Sa\u00fade \u2013 Governo de Goi\u00e1s<\/p>\n","protected":false},"excerpt":{"rendered":"<p>Setembro Verde refor\u00e7a di\u00e1logo em fam\u00edlia para incentivar doa\u00e7\u00e3o de \u00f3rg\u00e3os; atualmente, 2.585 pessoas aguardam por um transplante no estado<\/p>\n","protected":false},"author":165,"featured_media":950853,"comment_status":"closed","ping_status":"open","sticky":false,"template":"","format":"standard","meta":{"footnotes":""},"categories":[539],"tags":[540],"class_list":["post-950822","post","type-post","status-publish","format-standard","has-post-thumbnail","hentry","category-informativos","tag-informativos"],"rttpg_featured_image_url":{"full":["https:\/\/goias.gov.br\/saude\/wp-content\/uploads\/sites\/34\/2026\/09\/010926-doacao-de-orgaos.jpeg",1600,1070,false],"landscape":["https:\/\/goias.gov.br\/saude\/wp-content\/uploads\/sites\/34\/2026\/09\/010926-doacao-de-orgaos.jpeg",1600,1070,false],"portraits":["https:\/\/goias.gov.br\/saude\/wp-content\/uploads\/sites\/34\/2026\/09\/010926-doacao-de-orgaos.jpeg",1600,1070,false],"thumbnail":["https:\/\/goias.gov.br\/saude\/wp-content\/uploads\/sites\/34\/2026\/09\/010926-doacao-de-orgaos-150x150.jpeg",150,150,true],"medium":["https:\/\/goias.gov.br\/saude\/wp-content\/uploads\/sites\/34\/2026\/09\/010926-doacao-de-orgaos-300x201.jpeg",300,201,true],"large":["https:\/\/goias.gov.br\/saude\/wp-content\/uploads\/sites\/34\/2026\/09\/010926-doacao-de-orgaos-1024x685.jpeg",1024,685,true],"1536x1536":["https:\/\/goias.gov.br\/saude\/wp-content\/uploads\/sites\/34\/2026\/09\/010926-doacao-de-orgaos-1536x1027.jpeg",1536,1027,true],"2048x2048":["https:\/\/goias.gov.br\/saude\/wp-content\/uploads\/sites\/34\/2026\/09\/010926-doacao-de-orgaos.jpeg",1600,1070,false]},"rttpg_author":{"display_name":"ricardocruz","author_link":"https:\/\/goias.gov.br\/saude\/author\/ricardocruz\/"},"rttpg_comment":0,"rttpg_category":"<a href=\"https:\/\/goias.gov.br\/saude\/categoria\/informativos\/\" rel=\"category tag\">Informativos<\/a>","rttpg_excerpt":"Setembro Verde refor\u00e7a di\u00e1logo em fam\u00edlia para incentivar doa\u00e7\u00e3o de \u00f3rg\u00e3os; atualmente, 2.585 pessoas aguardam por um transplante no estado","_links":{"self":[{"href":"https:\/\/goias.gov.br\/saude\/wp-json\/wp\/v2\/posts\/950822","targetHints":{"allow":["GET"]}}],"collection":[{"href":"https:\/\/goias.gov.br\/saude\/wp-json\/wp\/v2\/posts"}],"about":[{"href":"https:\/\/goias.gov.br\/saude\/wp-json\/wp\/v2\/types\/post"}],"author":[{"embeddable":true,"href":"https:\/\/goias.gov.br\/saude\/wp-json\/wp\/v2\/users\/165"}],"replies":[{"embeddable":true,"href":"https:\/\/goias.gov.br\/saude\/wp-json\/wp\/v2\/comments?post=950822"}],"version-history":[{"count":1,"href":"https:\/\/goias.gov.br\/saude\/wp-json\/wp\/v2\/posts\/950822\/revisions"}],"predecessor-version":[{"id":950873,"href":"https:\/\/goias.gov.br\/saude\/wp-json\/wp\/v2\/posts\/950822\/revisions\/950873"}],"wp:featuredmedia":[{"embeddable":true,"href":"https:\/\/goias.gov.br\/saude\/wp-json\/wp\/v2\/media\/950853"}],"wp:attachment":[{"href":"https:\/\/goias.gov.br\/saude\/wp-json\/wp\/v2\/media?parent=950822"}],"wp:term":[{"taxonomy":"category","embeddable":true,"href":"https:\/\/goias.gov.br\/saude\/wp-json\/wp\/v2\/categories?post=950822"},{"taxonomy":"post_tag","embeddable":true,"href":"https:\/\/goias.gov.br\/saude\/wp-json\/wp\/v2\/tags?post=950822"}],"curies":[{"name":"wp","href":"https:\/\/api.w.org\/{rel}","templated":true}]}}