

{"id":9480,"date":"2017-08-14T17:08:02","date_gmt":"2017-08-14T20:08:02","guid":{"rendered":"https:\/\/siteshom.goias.gov.br\/saude\/ses-participara-de-conferencia-internacional-sobre-o-cesio-137\/"},"modified":"2017-08-14T17:08:02","modified_gmt":"2017-08-14T20:08:02","slug":"ses-participara-de-conferencia-internacional-sobre-o-cesio-137","status":"publish","type":"post","link":"https:\/\/goias.gov.br\/saude\/ses-participara-de-conferencia-internacional-sobre-o-cesio-137\/","title":{"rendered":"SES participar\u00e1 de confer\u00eancia internacional sobre o C\u00e9sio-137"},"content":{"rendered":"<p><img fetchpriority=\"high\" decoding=\"async\" class=\" size-full wp-image-9479\" src=\"https:\/\/goias.gov.br\/saude\/wp-content\/uploads\/sites\/34\/2017\/08\/img-20170814-wa0014-fc3.jpg\" alt=\"\" width=\"1280\" height=\"960\" srcset=\"https:\/\/goias.gov.br\/saude\/wp-content\/uploads\/sites\/34\/2017\/08\/img-20170814-wa0014-fc3.jpg 1280w, https:\/\/goias.gov.br\/saude\/wp-content\/uploads\/sites\/34\/2017\/08\/img-20170814-wa0014-fc3-300x225.jpg 300w, https:\/\/goias.gov.br\/saude\/wp-content\/uploads\/sites\/34\/2017\/08\/img-20170814-wa0014-fc3-1024x768.jpg 1024w, https:\/\/goias.gov.br\/saude\/wp-content\/uploads\/sites\/34\/2017\/08\/img-20170814-wa0014-fc3-768x576.jpg 768w, https:\/\/goias.gov.br\/saude\/wp-content\/uploads\/sites\/34\/2017\/08\/img-20170814-wa0014-fc3-600x450.jpg 600w\" sizes=\"(max-width: 1280px) 100vw, 1280px\" \/><!DOCTYPE html PUBLIC \"-\/\/W3C\/\/DTD HTML 4.0 Transitional\/\/EN\" \"https:\/\/www.w3.org\/TR\/REC-html40\/loose.dtd\"><br \/>\n<html><body><\/p>\n<p>Para lembrar os 30 anos do acidente radiol&oacute;gico com o C&eacute;sio 137 que aconteceu em Goi&acirc;nia em 1987, a Secretaria de Estado da Sa&uacute;de de Goi&aacute;s\/SES-GO vai participar da Confer&ecirc;ncia Internacional Conjunta RADIO 2017, no Centro de conven&ccedil;&otilde;es de Goi&acirc;nia, promovida pela Sociedade Brasileira de Prote&ccedil;&atilde;o Radiol&oacute;gica entre os dias 25 e 29 de setembro. O evento ser&aacute; composto pelo V Congresso Brasileiro de Radioprote&ccedil;&atilde;o, o VI Congresso de Prote&ccedil;&atilde;o Contra as Radia&ccedil;&otilde;es dos Pa&iacute;ses de L&iacute;ngua Portuguesa, do VII C ongresso Internacional de Prote&ccedil;&atilde;o Radiol&oacute;gica na Ind&uacute;stria, al&eacute;m de uma feira de exposi&ccedil;&atilde;o de produtos de radioprote&ccedil;&atilde;o e dosimetria.<\/p>\n<p>O estande da SES-GO ter&aacute; 18 metros quadrados e contar&aacute; com um espa&ccedil;o de exposi&ccedil;&otilde;es sobre a hist&oacute;ria do acidente com fotos e documentos que mostrar&atilde;o como o problema foi enfrentado. Os fatos e medidas adotadas ser&atilde;o contadas para que o mundo como uma experi&ecirc;ncia in&eacute;dita em ambiente urbano.<\/p>\n<p>Durante a confer&ecirc;ncia a SES\/GO tr&ecirc;s mesas redondas compostas com as maiores autoridades envolvidas no processo durante os 30 anos. Uma delas ser&aacute; m&eacute;dica que ser&aacute; presidida pelo secret&aacute;rio de sa&uacute;de da &eacute;poca do acidente, Ant&ocirc;nio Faleiros, onde ser&aacute; apresentado como foi realizado o acompanhamento m&eacute;dico &agrave;s v&iacute;timas; a segunda ter&aacute; uma discuss&atilde;o multidisciplinar abordando os aspectos psicossociais e uma mesa de encerramento com a presen&ccedil;a de autoridades e dos radioacidentados que tamb&eacute;m ter&atilde;o um momento para apresentar a situa&ccedil;&atilde;o atual e at&eacute; fazer reivindica&ccedil;&otilde;es sobre a assist&ecirc;ncia que recebem do poder p&uacute;blico.<\/p>\n<p>Dentre as atividades que est&atilde;o sendo definidas para os 5 dias do evento ser&atilde;o discutidos v&aacute;rios assuntos de interesse mundial de forma a revelar o que Goi&acirc;nia aprendeu com acidente radiol&oacute;gico com o C&eacute;sio-137, os efeitos biol&oacute;gicos e sociais nas v&iacute;timas, como &eacute; feita a assist&ecirc;ncia, qual o perfil dos pacientes dentro dos n&iacute;veis de classifica&ccedil;&atilde;o referente &agrave; contamina&ccedil;&atilde;o. Durante as discuss&otilde;es de prepara&ccedil;&atilde;o do evento, que contou com as pessoas mais importantes que estiveram envolvidas com o acidente, tamb&eacute;m foi destacado o alto n&iacute;vel dos profissionais que atuam na &aacute;rea est&atilde;o &agrave; frente dos conhecimentos sobre o assunto em todo o planeta.<\/p>\n<p>Durante a confer&ecirc;ncia ser&aacute; lan&ccedil;ado o livro: &ldquo;Os Bastidores do C&eacute;sio-137: O acidente radioativo de Goi&acirc;nia sob a &oacute;tica dos profissionais que nele atuam&rdquo;, da psic&oacute;loga Suzana Helou, que acompanha os radioacidentados desde trinta anos, desde 30 anos, trazendo informa&ccedil;&otilde;es sobre o impacto de um acidente radiol&oacute;gico sobre a sociedade e seus indiv&iacute;duos.<\/p>\n<p><\/body><\/html><\/p>\n","protected":false},"excerpt":{"rendered":"<p>Para lembrar os 30 anos do acidente radiol&oacute;gico com o C&eacute;sio 137 que aconteceu em Goi&acirc;nia em 1987, a Secretaria de Estado da Sa&uacute;de de Goi&aacute;s\/SES-GO vai participar da Confer&ecirc;ncia Internacional Conjunta RADIO 2017, no Centro de conven&ccedil;&otilde;es de Goi&acirc;nia, promovida pela Sociedade Brasileira de Prote&ccedil;&atilde;o Radiol&oacute;gica entre os dias 25 e 29 de setembro. [&hellip;]<\/p>\n","protected":false},"author":46,"featured_media":9479,"comment_status":"closed","ping_status":"open","sticky":false,"template":"","format":"standard","meta":{"footnotes":""},"categories":[18],"tags":[],"class_list":["post-9480","post","type-post","status-publish","format-standard","has-post-thumbnail","hentry","category-vigilancia-em-saude"],"rttpg_featured_image_url":{"full":["https:\/\/goias.gov.br\/saude\/wp-content\/uploads\/sites\/34\/2017\/08\/img-20170814-wa0014-fc3.jpg",1280,960,false],"landscape":["https:\/\/goias.gov.br\/saude\/wp-content\/uploads\/sites\/34\/2017\/08\/img-20170814-wa0014-fc3.jpg",1280,960,false],"portraits":["https:\/\/goias.gov.br\/saude\/wp-content\/uploads\/sites\/34\/2017\/08\/img-20170814-wa0014-fc3.jpg",1280,960,false],"thumbnail":["https:\/\/goias.gov.br\/saude\/wp-content\/uploads\/sites\/34\/2017\/08\/img-20170814-wa0014-fc3-150x150.jpg",150,150,true],"medium":["https:\/\/goias.gov.br\/saude\/wp-content\/uploads\/sites\/34\/2017\/08\/img-20170814-wa0014-fc3-300x225.jpg",300,225,true],"large":["https:\/\/goias.gov.br\/saude\/wp-content\/uploads\/sites\/34\/2017\/08\/img-20170814-wa0014-fc3-1024x768.jpg",1024,768,true],"1536x1536":["https:\/\/goias.gov.br\/saude\/wp-content\/uploads\/sites\/34\/2017\/08\/img-20170814-wa0014-fc3.jpg",1280,960,false],"2048x2048":["https:\/\/goias.gov.br\/saude\/wp-content\/uploads\/sites\/34\/2017\/08\/img-20170814-wa0014-fc3.jpg",1280,960,false]},"rttpg_author":{"display_name":"cleybetsls","author_link":"https:\/\/goias.gov.br\/saude\/author\/cleybetsls\/"},"rttpg_comment":0,"rttpg_category":"<a href=\"https:\/\/goias.gov.br\/saude\/categoria\/vigilancia-em-saude\/\" rel=\"category tag\">Vigil\u00e2ncia em Sa\u00fade<\/a>","rttpg_excerpt":"Para lembrar os 30 anos do acidente radiol&oacute;gico com o C&eacute;sio 137 que aconteceu em Goi&acirc;nia em 1987, a Secretaria de Estado da Sa&uacute;de de Goi&aacute;s\/SES-GO vai participar da Confer&ecirc;ncia Internacional Conjunta RADIO 2017, no Centro de conven&ccedil;&otilde;es de Goi&acirc;nia, promovida pela Sociedade Brasileira de Prote&ccedil;&atilde;o Radiol&oacute;gica entre os dias 25 e 29 de setembro.&hellip;","_links":{"self":[{"href":"https:\/\/goias.gov.br\/saude\/wp-json\/wp\/v2\/posts\/9480","targetHints":{"allow":["GET"]}}],"collection":[{"href":"https:\/\/goias.gov.br\/saude\/wp-json\/wp\/v2\/posts"}],"about":[{"href":"https:\/\/goias.gov.br\/saude\/wp-json\/wp\/v2\/types\/post"}],"author":[{"embeddable":true,"href":"https:\/\/goias.gov.br\/saude\/wp-json\/wp\/v2\/users\/46"}],"replies":[{"embeddable":true,"href":"https:\/\/goias.gov.br\/saude\/wp-json\/wp\/v2\/comments?post=9480"}],"version-history":[{"count":0,"href":"https:\/\/goias.gov.br\/saude\/wp-json\/wp\/v2\/posts\/9480\/revisions"}],"wp:featuredmedia":[{"embeddable":true,"href":"https:\/\/goias.gov.br\/saude\/wp-json\/wp\/v2\/media\/9479"}],"wp:attachment":[{"href":"https:\/\/goias.gov.br\/saude\/wp-json\/wp\/v2\/media?parent=9480"}],"wp:term":[{"taxonomy":"category","embeddable":true,"href":"https:\/\/goias.gov.br\/saude\/wp-json\/wp\/v2\/categories?post=9480"},{"taxonomy":"post_tag","embeddable":true,"href":"https:\/\/goias.gov.br\/saude\/wp-json\/wp\/v2\/tags?post=9480"}],"curies":[{"name":"wp","href":"https:\/\/api.w.org\/{rel}","templated":true}]}}