{"id":946929,"date":"2026-08-31T08:16:41","date_gmt":"2026-08-31T11:16:41","guid":{"rendered":"https:\/\/goias.gov.br\/saude\/?p=946929"},"modified":"2026-08-31T08:16:41","modified_gmt":"2026-08-31T11:16:41","slug":"extrato-da-portaria-no-2680-2026-ses-go","status":"publish","type":"post","link":"https:\/\/goias.gov.br\/saude\/extrato-da-portaria-no-2680-2026-ses-go\/","title":{"rendered":"Extrato da Portaria n\u00ba 2680\/2026 \u2013 SES\/GO"},"content":{"rendered":"\n<p class=\"wp-block-paragraph\"><strong>PORTARIA SES N\u00ba 2680, DE 20 DE agosto DE 2026<\/strong><\/p>\n\n\n\n<p class=\"wp-block-paragraph\"><strong>Indica\u00e7\u00e3o de Gestor de Conv\u00eanio.<\/strong><\/p>\n\n\n\n<p class=\"wp-block-paragraph\">O SECRET\u00c1RIO DE ESTADO DA SA\u00daDE, usando das atribui\u00e7\u00f5es que lhe s\u00e3o legalmente conferidas e considerando a necessidade de cumprir o preceito do Art. 117 da Lei federal n\u00ba 14.133\/2021, e Art. 11, inciso IV, do Decreto Estadual n\u00ba 10.248\/2023, conforme disposto no Processo SEI n\u00ba 202600010065094, resolve:<\/p>\n\n\n\n<p class=\"wp-block-paragraph\">Art. 1\u00ba Designar o servidor Sr. LELES FRAN\u00c7A MORAIS, CPF: ***.102.031-**, ocupante do cargo de Coordenador de Est\u00e1gio, para ser Gestor dos Conv\u00eanios, n\u00ba 034\/2021-SES, n\u00ba 020\/2021-SES, n\u00ba 019\/2021-SES, n\u00ba 012\/2021-SES, n\u00ba 024\/2021-SES, n\u00ba 011\/2021-SES, n\u00ba 033\/2022-SES, n\u00ba 06\/2022-SES, n\u00ba 04\/2022-SES, n\u00ba 014\/2021-SES, n\u00ba 037\/2021-SES e aditivo, n\u00ba 018\/2021-SES, n\u00ba 08\/2022-SES, n\u00ba 036\/2021-SES, n\u00ba 02\/2023-SES, n\u00ba 029\/2021-SES, n\u00ba 027\/2021-SES, n\u00ba 016\/2021-SES, n\u00ba 023\/2021-SES, n\u00ba 017\/2021-SES, n\u00ba 02\/2022-SES, n\u00ba 032\/2021-SES, n\u00ba 026\/2021-SES n\u00ba 010\/2021-SES, n\u00ba 022\/2021-SES, n\u00ba 025\/2021-SES, n\u00ba 030\/2021-SES, n\u00ba 05\/2022-SES e, n\u00ba 006\/2022 &#8211; SES, em substitui\u00e7\u00e3o \u00e0 servidora, EDINALVA RODRIGUES BATISTA GONCALVES, designada pela Portaria n\u00ba 1.125\/2023, publicada no di\u00e1rio oficial do estado n\u00ba 24.028\/2023, p\u00e1gina n\u00ba 39. O objeto dos conv\u00eanios ora celebrados consiste na viabiliza\u00e7\u00e3o da realiza\u00e7\u00e3o de est\u00e1gio curricular obrigat\u00f3rio nos campos de pr\u00e1tica da Secretaria de Estado da Sa\u00fade de Goi\u00e1s (SES-GO), bem como em cen\u00e1rios destinados \u00e0s atividades das resid\u00eancias.<\/p>\n\n\n\n<p class=\"wp-block-paragraph\">Art. 2\u00ba Revogar a Portaria n\u00ba 1.125\/2023, publicada no di\u00e1rio oficial do estado n\u00ba 24.028\/2023, p\u00e1gina n\u00ba 39.<\/p>\n\n\n\n<p class=\"wp-block-paragraph\">Art. 3\u00ba Atribuir ao Gestor as responsabilidades estabelecidas em Lei.<\/p>\n\n\n\n<p class=\"wp-block-paragraph\">Art. 4\u00ba Esta Portaria entrar\u00e1 em vigor na data de sua publica\u00e7\u00e3o.<\/p>\n\n\n\n<p class=\"wp-block-paragraph\"><strong>RAS\u00cdVEL DOS REIS SANTOS J\u00daNIOR<\/strong><\/p>\n","protected":false},"excerpt":{"rendered":"<p>PORTARIA SES N\u00ba 2680, DE 20 DE agosto DE 2026 Indica\u00e7\u00e3o de Gestor de Conv\u00eanio. O SECRET\u00c1RIO DE ESTADO DA SA\u00daDE, usando das atribui\u00e7\u00f5es que lhe s\u00e3o legalmente conferidas e considerando a necessidade de cumprir o preceito do Art. 117 da Lei federal n\u00ba 14.133\/2021, e Art. 11, inciso IV, do Decreto Estadual n\u00ba 10.248\/2023, [&hellip;]<\/p>\n","protected":false},"author":164,"featured_media":0,"comment_status":"closed","ping_status":"open","sticky":false,"template":"","format":"standard","meta":{"footnotes":""},"categories":[503],"tags":[],"class_list":["post-946929","post","type-post","status-publish","format-standard","hentry","category-extrato-de-portarias-2026"],"rttpg_featured_image_url":null,"rttpg_author":{"display_name":"isabelamelo","author_link":"https:\/\/goias.gov.br\/saude\/author\/isabelamelo\/"},"rttpg_comment":0,"rttpg_category":"<a href=\"https:\/\/goias.gov.br\/saude\/categoria\/prestacao-de-contas\/licitacoes\/extrato-de-portarias-2026\/\" rel=\"category tag\">Extrato de Portarias 2026<\/a>","rttpg_excerpt":"PORTARIA SES N\u00ba 2680, DE 20 DE agosto DE 2026 Indica\u00e7\u00e3o de Gestor de Conv\u00eanio. O SECRET\u00c1RIO DE ESTADO DA SA\u00daDE, usando das atribui\u00e7\u00f5es que lhe s\u00e3o legalmente conferidas e considerando a necessidade de cumprir o preceito do Art. 117 da Lei federal n\u00ba 14.133\/2021, e Art. 11, inciso IV, do Decreto Estadual n\u00ba 10.248\/2023,&hellip;","_links":{"self":[{"href":"https:\/\/goias.gov.br\/saude\/wp-json\/wp\/v2\/posts\/946929","targetHints":{"allow":["GET"]}}],"collection":[{"href":"https:\/\/goias.gov.br\/saude\/wp-json\/wp\/v2\/posts"}],"about":[{"href":"https:\/\/goias.gov.br\/saude\/wp-json\/wp\/v2\/types\/post"}],"author":[{"embeddable":true,"href":"https:\/\/goias.gov.br\/saude\/wp-json\/wp\/v2\/users\/164"}],"replies":[{"embeddable":true,"href":"https:\/\/goias.gov.br\/saude\/wp-json\/wp\/v2\/comments?post=946929"}],"version-history":[{"count":1,"href":"https:\/\/goias.gov.br\/saude\/wp-json\/wp\/v2\/posts\/946929\/revisions"}],"predecessor-version":[{"id":946949,"href":"https:\/\/goias.gov.br\/saude\/wp-json\/wp\/v2\/posts\/946929\/revisions\/946949"}],"wp:attachment":[{"href":"https:\/\/goias.gov.br\/saude\/wp-json\/wp\/v2\/media?parent=946929"}],"wp:term":[{"taxonomy":"category","embeddable":true,"href":"https:\/\/goias.gov.br\/saude\/wp-json\/wp\/v2\/categories?post=946929"},{"taxonomy":"post_tag","embeddable":true,"href":"https:\/\/goias.gov.br\/saude\/wp-json\/wp\/v2\/tags?post=946929"}],"curies":[{"name":"wp","href":"https:\/\/api.w.org\/{rel}","templated":true}]}}