{"id":946687,"date":"2026-08-31T08:07:27","date_gmt":"2026-08-31T11:07:27","guid":{"rendered":"https:\/\/goias.gov.br\/saude\/?p=946687"},"modified":"2026-08-31T08:07:27","modified_gmt":"2026-08-31T11:07:27","slug":"extrato-da-portaria-no-2741-2026-ses-go","status":"publish","type":"post","link":"https:\/\/goias.gov.br\/saude\/extrato-da-portaria-no-2741-2026-ses-go\/","title":{"rendered":"Extrato da Portaria n\u00ba 2741\/2026 \u2013 SES\/GO"},"content":{"rendered":"\n<p class=\"wp-block-paragraph\">PROCESSO 202600010023079<\/p>\n\n\n\n<p class=\"wp-block-paragraph\">O SECRET\u00c1RIO DE ESTADO DA SA\u00daDE, no uso de suas atribui\u00e7\u00f5es legais, considerando o disposto nos Art. 5\u00ba e 6\u00ba da Lei Estadual n\u00ba 17.797\/2012 e Art. 8\u00ba do Decreto Estadual n\u00ba 7.824\/2013 e Portaria n\u00ba 3.924\/2024 \u2013 GAB\/SES \u2013 GO, que trata sobre normas para solicita\u00e7\u00e3o de recursos financeiros pelas Organiza\u00e7\u00f5es Sociais de Sa\u00fade e\/ou Organiza\u00e7\u00f5es da Sociedade Civil a t\u00edtulo de investimento.<\/p>\n\n\n\n<p class=\"wp-block-paragraph\">Considerando o Of\u00edcio de Solicita\u00e7\u00e3o de Recursos n\u00ba 560\/2026\/GAB\/SMS (88003874), o Despacho n\u00ba 2087\/2026\/SES\/GEAAL-21277 (93118053), a Requisi\u00e7\u00e3o de Despesa n\u00ba 117\/2026 (93187797), o Despacho n\u00ba 195\/2026\/SES\/GERTEL (93188363) e, Considerando ainda o que consta no Processo n\u00ba 202600010023079, resolve:<\/p>\n\n\n\n<p class=\"wp-block-paragraph\">Art. 1\u00ba. APROVAR o repasse de recursos, do Fundo Estadual de Sa\u00fade\/FES para a Funda\u00e7\u00e3o Universit\u00e1ria Evang\u00e9lica &#8211; FUNEV a t\u00edtulo de investimento, para aquisi\u00e7\u00e3o de 02 (duas) Balan\u00e7as Tipo Plataforma, destinado ao Hospital Estadual de S\u00e3o Lu\u00eds de Montes Belos Dr. Geraldo Land\u00f3 &#8211; HESMLB, conforme se observa no anexo \u00fanico.<\/p>\n\n\n\n<p class=\"wp-block-paragraph\">Art. 2\u00ba. DETERMINAR a transfer\u00eancia de recursos, na modalidade de transfer\u00eancias para organiza\u00e7\u00f5es sem fins lucrativos, no valor correspondente ao da Requisi\u00e7\u00e3o de Despesas no total de R$ 2.020,00 (dois mil e vinte reais).<\/p>\n\n\n\n<p class=\"wp-block-paragraph\">Par\u00e1grafo \u00fanico. Em caso de irregularidades na presta\u00e7\u00e3o de contas, o processo ser\u00e1 encaminhado \u00e0 Superintend\u00eancia de Monitoramento dos Conv\u00eanios e Contratos de Gest\u00e3o &#8211; SUPECC para acompanhamento e monitoramento (art. 48 da Portaria n\u00ba 3924\/2024 &#8211; SES\/GO (68882873)).<\/p>\n\n\n\n<p class=\"wp-block-paragraph\">Art. 3\u00ba. A vig\u00eancia do presente instrumento ser\u00e1 de 12 (doze) meses.<\/p>\n\n\n\n<h5 class=\"wp-block-heading\">RAS\u00cdVEL DOS REIS SANTOS J\u00daNIOR<\/h5>\n\n\n\n<p class=\"wp-block-paragraph\">ANEXO \u00daNICO<\/p>\n\n\n\n<figure class=\"wp-block-table\"><table class=\"has-fixed-layout\"><tbody><tr><td><strong>Detalhamento<\/strong><\/td><td><strong>Qtde<\/strong><\/td><td><strong>Prazo para sua Realiza\u00e7\u00e3o<\/strong><\/td><td><strong>Estimativa de Custo Unit\u00e1rio<\/strong><\/td><td><strong>Estimativa&nbsp;de Custo Total<\/strong><\/td><\/tr><tr><td><a><\/a> Repasse de recursos a Funda\u00e7\u00e3o Universit\u00e1ria Evang\u00e9lica \u2013 FUNEV a t\u00edtulo de investimento, <strong>para aquisi\u00e7\u00e3o de 02 (duas) Balan\u00e7as Tipo Plataforma,<\/strong><strong> <\/strong>destinado ao Hospital Estadual de S\u00e3o Lu\u00eds de Montes Belos Dr. Geraldo Land\u00f3 &#8211; HESMLB, conforme DESPACHO N\u00ba2087\/2026\/SES\/GEAAL-21277 (<a href=\"https:\/\/sei.go.gov.br\/sei\/controlador.php?acao=protocolo_visualizar&amp;id_protocolo=98086351&amp;id_procedimento_atual=92502866&amp;infra_sistema=100000100&amp;infra_unidade_atual=6506&amp;infra_hash=943373fb02d5345f35d57fcec1f25432d68b3a4304af6faf07ea6cd39c3a4f0a81a363944535750d6d45bad348ce1169ed198a6d38781196ac1f2f8248dcdccfe5ad27b3502bf1702cf1bc2e52575d7ae9ed18bcdb8e49d9dd7996dbbcc3cca5\" target=\"_blank\" rel=\"noreferrer noopener\">93118053<\/a>).<\/td><td>02<\/td><td>Imediato<\/td><td><strong>R$ 1.010,00<\/strong><\/td><td><strong>R$ 2.020,00<\/strong><\/td><\/tr><\/tbody><\/table><\/figure>\n\n\n\n<p class=\"wp-block-paragraph\"><strong>D<\/strong><strong>ata da assinatura:<\/strong> 27\/08\/2026. Signat\u00e1rio: Ras\u00edvel dos Reis Santos J\u00fanior &#8211; Secret\u00e1rio de Estado da Sa\u00fade.<\/p>\n","protected":false},"excerpt":{"rendered":"<p>PROCESSO 202600010023079 O SECRET\u00c1RIO DE ESTADO DA SA\u00daDE, no uso de suas atribui\u00e7\u00f5es legais, considerando o disposto nos Art. 5\u00ba e 6\u00ba da Lei Estadual n\u00ba 17.797\/2012 e Art. 8\u00ba do Decreto Estadual n\u00ba 7.824\/2013 e Portaria n\u00ba 3.924\/2024 \u2013 GAB\/SES \u2013 GO, que trata sobre normas para solicita\u00e7\u00e3o de recursos financeiros pelas Organiza\u00e7\u00f5es Sociais [&hellip;]<\/p>\n","protected":false},"author":164,"featured_media":0,"comment_status":"closed","ping_status":"open","sticky":false,"template":"","format":"standard","meta":{"footnotes":""},"categories":[503],"tags":[],"class_list":["post-946687","post","type-post","status-publish","format-standard","hentry","category-extrato-de-portarias-2026"],"rttpg_featured_image_url":null,"rttpg_author":{"display_name":"isabelamelo","author_link":"https:\/\/goias.gov.br\/saude\/author\/isabelamelo\/"},"rttpg_comment":0,"rttpg_category":"<a href=\"https:\/\/goias.gov.br\/saude\/categoria\/prestacao-de-contas\/licitacoes\/extrato-de-portarias-2026\/\" rel=\"category tag\">Extrato de Portarias 2026<\/a>","rttpg_excerpt":"PROCESSO 202600010023079 O SECRET\u00c1RIO DE ESTADO DA SA\u00daDE, no uso de suas atribui\u00e7\u00f5es legais, considerando o disposto nos Art. 5\u00ba e 6\u00ba da Lei Estadual n\u00ba 17.797\/2012 e Art. 8\u00ba do Decreto Estadual n\u00ba 7.824\/2013 e Portaria n\u00ba 3.924\/2024 \u2013 GAB\/SES \u2013 GO, que trata sobre normas para solicita\u00e7\u00e3o de recursos financeiros pelas Organiza\u00e7\u00f5es Sociais&hellip;","_links":{"self":[{"href":"https:\/\/goias.gov.br\/saude\/wp-json\/wp\/v2\/posts\/946687","targetHints":{"allow":["GET"]}}],"collection":[{"href":"https:\/\/goias.gov.br\/saude\/wp-json\/wp\/v2\/posts"}],"about":[{"href":"https:\/\/goias.gov.br\/saude\/wp-json\/wp\/v2\/types\/post"}],"author":[{"embeddable":true,"href":"https:\/\/goias.gov.br\/saude\/wp-json\/wp\/v2\/users\/164"}],"replies":[{"embeddable":true,"href":"https:\/\/goias.gov.br\/saude\/wp-json\/wp\/v2\/comments?post=946687"}],"version-history":[{"count":1,"href":"https:\/\/goias.gov.br\/saude\/wp-json\/wp\/v2\/posts\/946687\/revisions"}],"predecessor-version":[{"id":946702,"href":"https:\/\/goias.gov.br\/saude\/wp-json\/wp\/v2\/posts\/946687\/revisions\/946702"}],"wp:attachment":[{"href":"https:\/\/goias.gov.br\/saude\/wp-json\/wp\/v2\/media?parent=946687"}],"wp:term":[{"taxonomy":"category","embeddable":true,"href":"https:\/\/goias.gov.br\/saude\/wp-json\/wp\/v2\/categories?post=946687"},{"taxonomy":"post_tag","embeddable":true,"href":"https:\/\/goias.gov.br\/saude\/wp-json\/wp\/v2\/tags?post=946687"}],"curies":[{"name":"wp","href":"https:\/\/api.w.org\/{rel}","templated":true}]}}