{"id":943019,"date":"2026-08-26T13:56:46","date_gmt":"2026-08-26T16:56:46","guid":{"rendered":"https:\/\/goias.gov.br\/saude\/?p=943019"},"modified":"2026-08-26T17:05:49","modified_gmt":"2026-08-26T20:05:49","slug":"plano-estadual-de-emergencias-em-saude-publica","status":"publish","type":"post","link":"https:\/\/goias.gov.br\/saude\/plano-estadual-de-emergencias-em-saude-publica\/","title":{"rendered":"Plano Estadual de Emerg\u00eancias em Sa\u00fade P\u00fablica"},"content":{"rendered":"\n<p class=\"wp-block-paragraph\"><strong>Plano Estadual das Emerg\u00eancias em Sa\u00fade P\u00fablica de Goi\u00e1s<\/strong><\/p>\n\n\n\n<p class=\"wp-block-paragraph\">A Secretaria de Estado da Sa\u00fade de Goi\u00e1s (SES-GO) trabalha diariamente n\u00e3o apenas para garantir a assist\u00eancia cont\u00ednua \u00e0 popula\u00e7\u00e3o, mas tamb\u00e9m para assegurar a resili\u00eancia do nosso estado nos momentos de maior vulnerabilidade. \u00c9 com esse compromisso t\u00e9cnico e operacional que apresentamos o Plano Estadual das Emerg\u00eancias em Sa\u00fade P\u00fablica de Goi\u00e1s.<\/p>\n\n\n\n<p class=\"wp-block-paragraph\"><strong>O que \u00e9 o Plano Estadual das Emerg\u00eancias em Sa\u00fade P\u00fablica?<\/strong><\/p>\n\n\n\n<p class=\"wp-block-paragraph\">\u00c9 o documento diretor que consolida o marco regulat\u00f3rio e estrat\u00e9gico para a gest\u00e3o de riscos e resposta a crises no estado. Ele \u00e9 a base metodol\u00f3gica a partir da qual todos os planos de conting\u00eancia espec\u00edficos s\u00e3o derivados, orientando a atua\u00e7\u00e3o integrada de todas as \u00e1reas t\u00e9cnicas da SES-GO diante de desastres naturais, surtos epidemiol\u00f3gicos, acidentes tecnol\u00f3gicos e eventos de grande porte com m\u00faltiplas v\u00edtimas.<\/p>\n\n\n\n<p class=\"wp-block-paragraph\"><strong>Por que este Plano \u00e9 fundamental para Goi\u00e1s?<\/strong><\/p>\n\n\n\n<p class=\"wp-block-paragraph\">A import\u00e2ncia do plano reside na transi\u00e7\u00e3o de um modelo reativo para uma atua\u00e7\u00e3o antecipat\u00f3ria. Em uma emerg\u00eancia, o tempo resposta \u00e9 o principal fator para salvar vidas e proteger a rede do Sistema \u00danico de Sa\u00fade (SUS). Ter um plano previamente estruturado significa que, no instante em que uma crise se instaura, n\u00e3o h\u00e1 espa\u00e7o para improvisos: cada setor e cada profissional sabe exatamente qual \u00e9 o seu papel.<\/p>\n\n\n\n<p class=\"wp-block-paragraph\">Para garantir essa efici\u00eancia, o plano implementa metodologias de padr\u00e3o internacional, trazendo inova\u00e7\u00f5es fundamentais como:<\/p>\n\n\n\n<ul class=\"wp-block-list\">\n<li>Mapeamento e Avalia\u00e7\u00e3o Estrat\u00e9gica de Riscos (STAR): Identifica\u00e7\u00e3o e classifica\u00e7\u00e3o precisa das amea\u00e7as reais do territ\u00f3rio goiano, respeitando a sazonalidade do nosso clima \u2014 como as epidemias de arboviroses no per\u00edodo chuvoso e os agravos respirat\u00f3rios nas secas severas e queimadas.<\/li>\n\n\n\n<li>Sistema de Comando de Incidentes (SCI): Estabelecimento de uma cadeia de comando unificada, assegurando que o Governo de Goi\u00e1s e suas for\u00e7as de salvamento falem a mesma l\u00edngua t\u00e9cnica e operem de forma articulada.<\/li>\n\n\n\n<li>Invent\u00e1rio Estrat\u00e9gico e Regula\u00e7\u00e3o \u00c1gil: Planejamento log\u00edstico pr\u00e9vio de insumos vitais e defini\u00e7\u00e3o de fluxos de regula\u00e7\u00e3o de leitos para evitar o colapso de macrorregi\u00f5es afetadas por incidentes cr\u00edticos.<\/li>\n<\/ul>\n\n\n\n<p class=\"wp-block-paragraph\">Acesse abaixo a \u00edntegra do Plano Estadual das Emerg\u00eancias em Sa\u00fade P\u00fablica e conhe\u00e7a a estrutura que fortalece, treina e prepara Goi\u00e1s para proteger a sua sa\u00fade, 24 horas por dia. Quaisquer d\u00favidas a equipe da Ger\u00eancia de Emerg\u00eancias em Sa\u00fade est\u00e1 \u00e0 disposi\u00e7\u00e3o pelo e-mail <em>gesp.suvisa@goias.gov.br<\/em>.<\/p>\n\n\n\n<div class=\"wp-block-buttons is-layout-flex wp-block-buttons-is-layout-flex\">\n<div class=\"wp-block-button\"><a class=\"wp-block-button__link wp-element-button\" href=\"https:\/\/goias.gov.br\/saude\/wp-content\/uploads\/sites\/34\/vigilancia-em-saude\/emergencias-em-saude-publica\/planos\/Plano%20de%20Emerg%C3%AAncia-6.pdf\" target=\"_blank\" rel=\"noreferrer noopener\">Acesse aqui o plano<\/a><\/div>\n<\/div>\n\n\n\n<p class=\"wp-block-paragraph\"><\/p>\n","protected":false},"excerpt":{"rendered":"<p>Plano Estadual das Emerg\u00eancias em Sa\u00fade P\u00fablica de Goi\u00e1s A Secretaria de Estado da Sa\u00fade de Goi\u00e1s (SES-GO) trabalha diariamente n\u00e3o apenas para garantir a assist\u00eancia cont\u00ednua \u00e0 popula\u00e7\u00e3o, mas tamb\u00e9m para assegurar a resili\u00eancia do nosso estado nos momentos de maior vulnerabilidade. \u00c9 com esse compromisso t\u00e9cnico e operacional que apresentamos o Plano Estadual [&hellip;]<\/p>\n","protected":false},"author":165,"featured_media":0,"comment_status":"closed","ping_status":"open","sticky":false,"template":"","format":"standard","meta":{"footnotes":""},"categories":[279],"tags":[],"class_list":["post-943019","post","type-post","status-publish","format-standard","hentry","category-emergencias-em-saude-publica"],"rttpg_featured_image_url":null,"rttpg_author":{"display_name":"ricardocruz","author_link":"https:\/\/goias.gov.br\/saude\/author\/ricardocruz\/"},"rttpg_comment":0,"rttpg_category":"<a href=\"https:\/\/goias.gov.br\/saude\/categoria\/vigilancia-em-saude\/emergencias-em-saude-publica\/\" rel=\"category tag\">Emerg\u00eancias em Saude P\u00fablica<\/a>","rttpg_excerpt":"Plano Estadual das Emerg\u00eancias em Sa\u00fade P\u00fablica de Goi\u00e1s A Secretaria de Estado da Sa\u00fade de Goi\u00e1s (SES-GO) trabalha diariamente n\u00e3o apenas para garantir a assist\u00eancia cont\u00ednua \u00e0 popula\u00e7\u00e3o, mas tamb\u00e9m para assegurar a resili\u00eancia do nosso estado nos momentos de maior vulnerabilidade. \u00c9 com esse compromisso t\u00e9cnico e operacional que apresentamos o Plano Estadual&hellip;","_links":{"self":[{"href":"https:\/\/goias.gov.br\/saude\/wp-json\/wp\/v2\/posts\/943019","targetHints":{"allow":["GET"]}}],"collection":[{"href":"https:\/\/goias.gov.br\/saude\/wp-json\/wp\/v2\/posts"}],"about":[{"href":"https:\/\/goias.gov.br\/saude\/wp-json\/wp\/v2\/types\/post"}],"author":[{"embeddable":true,"href":"https:\/\/goias.gov.br\/saude\/wp-json\/wp\/v2\/users\/165"}],"replies":[{"embeddable":true,"href":"https:\/\/goias.gov.br\/saude\/wp-json\/wp\/v2\/comments?post=943019"}],"version-history":[{"count":2,"href":"https:\/\/goias.gov.br\/saude\/wp-json\/wp\/v2\/posts\/943019\/revisions"}],"predecessor-version":[{"id":944250,"href":"https:\/\/goias.gov.br\/saude\/wp-json\/wp\/v2\/posts\/943019\/revisions\/944250"}],"wp:attachment":[{"href":"https:\/\/goias.gov.br\/saude\/wp-json\/wp\/v2\/media?parent=943019"}],"wp:term":[{"taxonomy":"category","embeddable":true,"href":"https:\/\/goias.gov.br\/saude\/wp-json\/wp\/v2\/categories?post=943019"},{"taxonomy":"post_tag","embeddable":true,"href":"https:\/\/goias.gov.br\/saude\/wp-json\/wp\/v2\/tags?post=943019"}],"curies":[{"name":"wp","href":"https:\/\/api.w.org\/{rel}","templated":true}]}}