{"id":939494,"date":"2026-08-25T07:33:46","date_gmt":"2026-08-25T10:33:46","guid":{"rendered":"https:\/\/goias.gov.br\/saude\/?p=939494"},"modified":"2026-08-25T07:33:46","modified_gmt":"2026-08-25T10:33:46","slug":"aviso-de-adiamento-e-republicacao-do-p-e-n-o-161-2026","status":"publish","type":"post","link":"https:\/\/goias.gov.br\/saude\/aviso-de-adiamento-e-republicacao-do-p-e-n-o-161-2026\/","title":{"rendered":"Aviso de Adiamento e Republica\u00e7\u00e3o do P.E. n.\u00ba 161\/2026"},"content":{"rendered":"\n<p class=\"wp-block-paragraph\">AVISO DE ADIAMENTO E REPUBLICA\u00c7\u00c3O PREG\u00c3O ELETR\u00d4NICO n. 161\/2026 \u2013 SES<\/p>\n\n\n\n<p class=\"wp-block-paragraph\">PROCESSO n. 202600005000182. N\u00famero da Contrata\u00e7\u00e3o Sislog: 118292<\/p>\n\n\n\n<p class=\"wp-block-paragraph\">O Estado de Goi\u00e1s, por interm\u00e9dio da SES &#8211; SECRETARIA DE ESTADO DA SA\u00daDE torna p\u00fablico, para conhecimento dos interessados, que a realiza\u00e7\u00e3o da sess\u00e3o p\u00fablica do Preg\u00e3o Eletr\u00f4nico n. 161\/2026 \u2013 SES, inicialmente marcada para o dia 21\/08\/2026, \u00e0s 09h00, est\u00e1 remarcada para a data abaixo relacionada. O adiamento se deu face \u00e0 altera\u00e7\u00f5es no Edital.<\/p>\n\n\n\n<p class=\"wp-block-paragraph\">Objeto: Contrata\u00e7\u00e3o de empresa para manuten\u00e7\u00e3o, calibra\u00e7\u00e3o e certifica\u00e7\u00e3o em equipamentos de refrigera\u00e7\u00e3o da Secretaria de Estado da Sa\u00fade de Goi\u00e1s. Tipo Menor Pre\u00e7o por Lote, com itens de Disputa Geral, nos termos da Lei 14.133\/2021, Art. 28, I, de 1\u00ba de abril de 2021 e na forma do Decreto Estadual n\u00ba 10.247, de 30 de mar\u00e7o de 2023. Valor total estimado: R$ 17.610.013,80.<\/p>\n\n\n\n<p class=\"wp-block-paragraph\">Data e hor\u00e1rio de abertura da sess\u00e3o p\u00fablica: 09:00 do dia 10\/09\/2026. Recebimento de Propostas: 25\/08\/2026 08:00:00. Informa\u00e7\u00f5es: www.sislog.go.gov.br ou 62 3201-3800.<\/p>\n\n\n\n<p class=\"wp-block-paragraph\">NATAL DE CASTRO &#8211; Gerente de Licita\u00e7\u00f5es\/SES-GO<\/p>\n","protected":false},"excerpt":{"rendered":"<p>AVISO DE ADIAMENTO E REPUBLICA\u00c7\u00c3O PREG\u00c3O ELETR\u00d4NICO n. 161\/2026 \u2013 SES PROCESSO n. 202600005000182. N\u00famero da Contrata\u00e7\u00e3o Sislog: 118292 O Estado de Goi\u00e1s, por interm\u00e9dio da SES &#8211; SECRETARIA DE ESTADO DA SA\u00daDE torna p\u00fablico, para conhecimento dos interessados, que a realiza\u00e7\u00e3o da sess\u00e3o p\u00fablica do Preg\u00e3o Eletr\u00f4nico n. 161\/2026 \u2013 SES, inicialmente marcada para [&hellip;]<\/p>\n","protected":false},"author":165,"featured_media":0,"comment_status":"closed","ping_status":"open","sticky":false,"template":"","format":"standard","meta":{"footnotes":""},"categories":[501],"tags":[],"class_list":["post-939494","post","type-post","status-publish","format-standard","hentry","category-pregao-eletronico-2026"],"rttpg_featured_image_url":null,"rttpg_author":{"display_name":"ricardocruz","author_link":"https:\/\/goias.gov.br\/saude\/author\/ricardocruz\/"},"rttpg_comment":0,"rttpg_category":"<a href=\"https:\/\/goias.gov.br\/saude\/categoria\/prestacao-de-contas\/licitacoes\/pregao-eletronico-2026\/\" rel=\"category tag\">Preg\u00e3o Eletr\u00f4nico 2026<\/a>","rttpg_excerpt":"AVISO DE ADIAMENTO E REPUBLICA\u00c7\u00c3O PREG\u00c3O ELETR\u00d4NICO n. 161\/2026 \u2013 SES PROCESSO n. 202600005000182. N\u00famero da Contrata\u00e7\u00e3o Sislog: 118292 O Estado de Goi\u00e1s, por interm\u00e9dio da SES &#8211; SECRETARIA DE ESTADO DA SA\u00daDE torna p\u00fablico, para conhecimento dos interessados, que a realiza\u00e7\u00e3o da sess\u00e3o p\u00fablica do Preg\u00e3o Eletr\u00f4nico n. 161\/2026 \u2013 SES, inicialmente marcada para&hellip;","_links":{"self":[{"href":"https:\/\/goias.gov.br\/saude\/wp-json\/wp\/v2\/posts\/939494","targetHints":{"allow":["GET"]}}],"collection":[{"href":"https:\/\/goias.gov.br\/saude\/wp-json\/wp\/v2\/posts"}],"about":[{"href":"https:\/\/goias.gov.br\/saude\/wp-json\/wp\/v2\/types\/post"}],"author":[{"embeddable":true,"href":"https:\/\/goias.gov.br\/saude\/wp-json\/wp\/v2\/users\/165"}],"replies":[{"embeddable":true,"href":"https:\/\/goias.gov.br\/saude\/wp-json\/wp\/v2\/comments?post=939494"}],"version-history":[{"count":1,"href":"https:\/\/goias.gov.br\/saude\/wp-json\/wp\/v2\/posts\/939494\/revisions"}],"predecessor-version":[{"id":939517,"href":"https:\/\/goias.gov.br\/saude\/wp-json\/wp\/v2\/posts\/939494\/revisions\/939517"}],"wp:attachment":[{"href":"https:\/\/goias.gov.br\/saude\/wp-json\/wp\/v2\/media?parent=939494"}],"wp:term":[{"taxonomy":"category","embeddable":true,"href":"https:\/\/goias.gov.br\/saude\/wp-json\/wp\/v2\/categories?post=939494"},{"taxonomy":"post_tag","embeddable":true,"href":"https:\/\/goias.gov.br\/saude\/wp-json\/wp\/v2\/tags?post=939494"}],"curies":[{"name":"wp","href":"https:\/\/api.w.org\/{rel}","templated":true}]}}