

{"id":9384,"date":"2017-03-15T06:03:40","date_gmt":"2017-03-15T09:03:40","guid":{"rendered":"https:\/\/siteshom.goias.gov.br\/saude\/comunicado-de-prorrogacao-de-chamada-publica-no-008-2017-sest-sus-ses-go\/"},"modified":"2017-03-15T06:03:40","modified_gmt":"2017-03-15T09:03:40","slug":"comunicado-de-prorrogacao-de-chamada-publica-no-008-2017-sest-sus-ses-go","status":"publish","type":"post","link":"https:\/\/goias.gov.br\/saude\/comunicado-de-prorrogacao-de-chamada-publica-no-008-2017-sest-sus-ses-go\/","title":{"rendered":"COMUNICADO DE PRORROGA\u00c7\u00c3O DE CHAMADA P\u00daBLICA  n\u00ba 008\/2017 \u0096 SEST-SUS\/SES-GO"},"content":{"rendered":"<p><!DOCTYPE html PUBLIC \"-\/\/W3C\/\/DTD HTML 4.0 Transitional\/\/EN\" \"https:\/\/www.w3.org\/TR\/REC-html40\/loose.dtd\"><br \/>\n<html><body><\/p>\n<p><span style=\"font-size: 12px;\">COMUNICADO DE PRORROGA&Ccedil;&Atilde;O DE CHAMADA P&Uacute;BLICA<\/span><\/p>\n<p><span style=\"font-size: 12px;\">A Superintend&ecirc;ncia de Educa&ccedil;&atilde;o em Sa&uacute;de e Trabalho para o SUS, em conformidade com o item 4.1 do Edital de Chamada P&uacute;blica n&ordm; 008\/2017-SEST-SUS\/SES-GO, prorroga os prazos de inscri&ccedil;&atilde;o para o preenchimento das vagas do Curso preenchimento das vagas de discente para o Curso de Atualiza&ccedil;&atilde;o em Sa&uacute;de Bucal na Aten&ccedil;&atilde;o Prim&aacute;ria, estabelecendo novo cronograma que segue em anexo, <a href=\"https:\/\/goias.gov.br\/saude\/wp-content\/uploads\/sites\/34\/2017\/03\/comunicado-de-prorrogaCAo-de-chamada-pUblica-discente-d29.pdf\">clique aqui e veja.<\/a><\/span><\/p>\n<p>&nbsp;<\/p>\n<p><span style=\"font-size: 12px;\"><strong>CHAMADA P&Uacute;BLICA n&ordm; 008\/2017 &ndash; SEST-SUS\/SES-GO<\/strong><\/span><\/p>\n<p><span style=\"font-size: 12px;\">A Superintend&ecirc;ncia de Educa&ccedil;&atilde;o em Sa&uacute;de e Trabalho para o SUS torna p&uacute;blica a presente Chamada e CONVIDA servidores p&uacute;blicos vinculados ao Sistema &Uacute;nico de Sa&uacute;de &#8211; SUS, podendo ser da esfera municipal e\/ou estadual; efetivos, comissionados ou contratados; com curso superior em odontologia reconhecido pelo MEC e que atuem nas equipes de Aten&ccedil;&atilde;o Prim&aacute;ria em Sa&uacute;de Bucal da Rede B&aacute;sica Municipal do Estado de Goi&aacute;s, ou nas Regionais de Sa&uacute;de a se inscreverem para preenchimento de vagas como discentes no Curso de &ldquo;Atualiza&ccedil;&atilde;o em Sa&uacute;de Bucal na Aten&ccedil;&atilde;o Prim&aacute;ria&rdquo;, aprovado e regulamentado pela Comiss&atilde;o Intergestores Bipartide,(CIB) Resolu&ccedil;&atilde;o N&ordm; 143\/2016.<\/span><\/p>\n<p><span style=\"font-size: 12px;\"><a href=\"https:\/\/goias.gov.br\/saude\/wp-content\/uploads\/sites\/34\/2018\/01\/chamada-publica-discentes-atualizacao-em-saude-bucal-na-atencao-primaria-47a.pdf\">Clique aqui e veja o edital.<\/a><\/span><\/p>\n<p><span style=\"font-size: 12px;\"><a href=\"https:\/\/goias.gov.br\/saude\/wp-content\/uploads\/sites\/34\/2018\/01\/anexos-i-e-ii-saude-bucal-discentes-f6d.doc\">Anexo I e II<\/a><\/span><\/p>\n<p><span style=\"font-size: 14px;\"><br \/><\/span><\/p>\n<p>&nbsp;<\/p>\n<p><span style=\"font-size: 14px;\">&nbsp;Edital n&ordm; 19\/2017 &ndash; SEST-SUS\/SES-GO&nbsp;CHAMADA PUBLICA PARA REABERTURA DAS INSCRUI&Ccedil;&Otilde;ES PARA DISCENTES DO CURSO DE ATUALIZA&Ccedil;&Atilde;O EM SA&Uacute;DE BUCAL NA ATEN&Ccedil;&Atilde;O PRIM&Aacute;RIA CONFORME ESTABELECIDO NO EDITAL N&ordm; 008\/2017-SESTSUS\/SES-GO<\/span><\/p>\n<p><span style=\"font-size: 14px;\"><a href=\"https:\/\/goias.gov.br\/saude\/wp-content\/uploads\/sites\/34\/2018\/01\/chamada-publica-n-19-de-2017-reabertura-de-inscricoes-215.pdf\">Clique aqui e veja o edita completo<\/a><\/span><\/p>\n<p><\/body><\/html><\/p>\n","protected":false},"excerpt":{"rendered":"<p>COMUNICADO DE PRORROGA&Ccedil;&Atilde;O DE CHAMADA P&Uacute;BLICA A Superintend&ecirc;ncia de Educa&ccedil;&atilde;o em Sa&uacute;de e Trabalho para o SUS, em conformidade com o item 4.1 do Edital de Chamada P&uacute;blica n&ordm; 008\/2017-SEST-SUS\/SES-GO, prorroga os prazos de inscri&ccedil;&atilde;o para o preenchimento das vagas do Curso preenchimento das vagas de discente para o Curso de Atualiza&ccedil;&atilde;o em Sa&uacute;de Bucal [&hellip;]<\/p>\n","protected":false},"author":46,"featured_media":0,"comment_status":"closed","ping_status":"open","sticky":false,"template":"","format":"standard","meta":{"footnotes":""},"categories":[11],"tags":[],"class_list":["post-9384","post","type-post","status-publish","format-standard","hentry","category-noticias-escola"],"rttpg_featured_image_url":null,"rttpg_author":{"display_name":"cleybetsls","author_link":"https:\/\/goias.gov.br\/saude\/author\/cleybetsls\/"},"rttpg_comment":0,"rttpg_category":"<a href=\"https:\/\/goias.gov.br\/saude\/categoria\/escola-de-saude\/noticias-escola\/\" rel=\"category tag\">Not\u00edcias Escola<\/a>","rttpg_excerpt":"COMUNICADO DE PRORROGA&Ccedil;&Atilde;O DE CHAMADA P&Uacute;BLICA A Superintend&ecirc;ncia de Educa&ccedil;&atilde;o em Sa&uacute;de e Trabalho para o SUS, em conformidade com o item 4.1 do Edital de Chamada P&uacute;blica n&ordm; 008\/2017-SEST-SUS\/SES-GO, prorroga os prazos de inscri&ccedil;&atilde;o para o preenchimento das vagas do Curso preenchimento das vagas de discente para o Curso de Atualiza&ccedil;&atilde;o em Sa&uacute;de Bucal&hellip;","_links":{"self":[{"href":"https:\/\/goias.gov.br\/saude\/wp-json\/wp\/v2\/posts\/9384","targetHints":{"allow":["GET"]}}],"collection":[{"href":"https:\/\/goias.gov.br\/saude\/wp-json\/wp\/v2\/posts"}],"about":[{"href":"https:\/\/goias.gov.br\/saude\/wp-json\/wp\/v2\/types\/post"}],"author":[{"embeddable":true,"href":"https:\/\/goias.gov.br\/saude\/wp-json\/wp\/v2\/users\/46"}],"replies":[{"embeddable":true,"href":"https:\/\/goias.gov.br\/saude\/wp-json\/wp\/v2\/comments?post=9384"}],"version-history":[{"count":0,"href":"https:\/\/goias.gov.br\/saude\/wp-json\/wp\/v2\/posts\/9384\/revisions"}],"wp:attachment":[{"href":"https:\/\/goias.gov.br\/saude\/wp-json\/wp\/v2\/media?parent=9384"}],"wp:term":[{"taxonomy":"category","embeddable":true,"href":"https:\/\/goias.gov.br\/saude\/wp-json\/wp\/v2\/categories?post=9384"},{"taxonomy":"post_tag","embeddable":true,"href":"https:\/\/goias.gov.br\/saude\/wp-json\/wp\/v2\/tags?post=9384"}],"curies":[{"name":"wp","href":"https:\/\/api.w.org\/{rel}","templated":true}]}}