{"id":926813,"date":"2026-08-10T16:19:04","date_gmt":"2026-08-10T19:19:04","guid":{"rendered":"https:\/\/goias.gov.br\/saude\/?p=926813"},"modified":"2026-08-10T16:19:04","modified_gmt":"2026-08-10T19:19:04","slug":"extrato-do-1o-termo-aditivo-ao-termo-de-descentralizacao-orcamentaria-n-o-001-2026","status":"publish","type":"post","link":"https:\/\/goias.gov.br\/saude\/extrato-do-1o-termo-aditivo-ao-termo-de-descentralizacao-orcamentaria-n-o-001-2026\/","title":{"rendered":"Extrato do 1\u00ba Termo Aditivo ao Termo de Descentraliza\u00e7\u00e3o Or\u00e7ament\u00e1ria n.\u00ba 001\/2026"},"content":{"rendered":"\n<p class=\"wp-block-paragraph\">EXTRATO DO 1\u00ba TERMO ADITIVO AO TERMO DE DESCENTRALIZA\u00c7\u00c3O OR\u00c7AMENT\u00c1RIA N\u00ba 001\/2026.<\/p>\n\n\n\n<p class=\"wp-block-paragraph\">PROCESSO n\u00ba 202300036015324<\/p>\n\n\n\n<p class=\"wp-block-paragraph\">OBJETIVO: Acr\u00e9scimo de recursos ao valor do repasse ao Termo de Descentraliza\u00e7\u00e3o Or\u00e7ament\u00e1ria 001\/2026 \u2013 SES (87882632) para a constru\u00e7\u00e3o da Policl\u00ednica de Mozarl\u00e2ndia, conforme Plano de Trabalho (SEI 94064320) e nos Termos do Decreto n\u00ba 10.283, de 6 de julho de 2023. DOTA\u00c7\u00c3O OR\u00c7AMENT\u00c1RIA: 2026.2850.10.302.1043.3348.04.15000100.90 VALOR: R$ 1.022.609,88 (um milh\u00e3o, vinte e dois mil, seiscentos e nove reais e oitenta e oito centavos). PARTICIPES: Secretaria de Estado da Sa\u00fade\/SES \u2013 GO e a Ag\u00eancia Goiana de Infraestrutura e Transportes \u2013 GOINFRA Assinatura: 06\/08\/2026.<\/p>\n","protected":false},"excerpt":{"rendered":"<p>EXTRATO DO 1\u00ba TERMO ADITIVO AO TERMO DE DESCENTRALIZA\u00c7\u00c3O OR\u00c7AMENT\u00c1RIA N\u00ba 001\/2026. PROCESSO n\u00ba 202300036015324 OBJETIVO: Acr\u00e9scimo de recursos ao valor do repasse ao Termo de Descentraliza\u00e7\u00e3o Or\u00e7ament\u00e1ria 001\/2026 \u2013 SES (87882632) para a constru\u00e7\u00e3o da Policl\u00ednica de Mozarl\u00e2ndia, conforme Plano de Trabalho (SEI 94064320) e nos Termos do Decreto n\u00ba 10.283, de 6 de [&hellip;]<\/p>\n","protected":false},"author":165,"featured_media":0,"comment_status":"closed","ping_status":"open","sticky":false,"template":"","format":"standard","meta":{"footnotes":""},"categories":[159],"tags":[],"class_list":["post-926813","post","type-post","status-publish","format-standard","hentry","category-termo-de-descentralizacao-orcamentaria"],"rttpg_featured_image_url":null,"rttpg_author":{"display_name":"ricardocruz","author_link":"https:\/\/goias.gov.br\/saude\/author\/ricardocruz\/"},"rttpg_comment":0,"rttpg_category":"<a href=\"https:\/\/goias.gov.br\/saude\/categoria\/termo-de-descentralizacao-orcamentaria\/\" rel=\"category tag\">Termo de descentraliza\u00e7\u00e3o Or\u00e7ament\u00e1ria<\/a>","rttpg_excerpt":"EXTRATO DO 1\u00ba TERMO ADITIVO AO TERMO DE DESCENTRALIZA\u00c7\u00c3O OR\u00c7AMENT\u00c1RIA N\u00ba 001\/2026. PROCESSO n\u00ba 202300036015324 OBJETIVO: Acr\u00e9scimo de recursos ao valor do repasse ao Termo de Descentraliza\u00e7\u00e3o Or\u00e7ament\u00e1ria 001\/2026 \u2013 SES (87882632) para a constru\u00e7\u00e3o da Policl\u00ednica de Mozarl\u00e2ndia, conforme Plano de Trabalho (SEI 94064320) e nos Termos do Decreto n\u00ba 10.283, de 6 de&hellip;","_links":{"self":[{"href":"https:\/\/goias.gov.br\/saude\/wp-json\/wp\/v2\/posts\/926813","targetHints":{"allow":["GET"]}}],"collection":[{"href":"https:\/\/goias.gov.br\/saude\/wp-json\/wp\/v2\/posts"}],"about":[{"href":"https:\/\/goias.gov.br\/saude\/wp-json\/wp\/v2\/types\/post"}],"author":[{"embeddable":true,"href":"https:\/\/goias.gov.br\/saude\/wp-json\/wp\/v2\/users\/165"}],"replies":[{"embeddable":true,"href":"https:\/\/goias.gov.br\/saude\/wp-json\/wp\/v2\/comments?post=926813"}],"version-history":[{"count":1,"href":"https:\/\/goias.gov.br\/saude\/wp-json\/wp\/v2\/posts\/926813\/revisions"}],"predecessor-version":[{"id":926844,"href":"https:\/\/goias.gov.br\/saude\/wp-json\/wp\/v2\/posts\/926813\/revisions\/926844"}],"wp:attachment":[{"href":"https:\/\/goias.gov.br\/saude\/wp-json\/wp\/v2\/media?parent=926813"}],"wp:term":[{"taxonomy":"category","embeddable":true,"href":"https:\/\/goias.gov.br\/saude\/wp-json\/wp\/v2\/categories?post=926813"},{"taxonomy":"post_tag","embeddable":true,"href":"https:\/\/goias.gov.br\/saude\/wp-json\/wp\/v2\/tags?post=926813"}],"curies":[{"name":"wp","href":"https:\/\/api.w.org\/{rel}","templated":true}]}}