

{"id":9264,"date":"2018-10-09T08:10:29","date_gmt":"2018-10-09T11:10:29","guid":{"rendered":"https:\/\/siteshom.goias.gov.br\/saude\/capacitacao-pedagogica-ja-rende-bons-resultados\/"},"modified":"2018-10-09T08:10:29","modified_gmt":"2018-10-09T11:10:29","slug":"capacitacao-pedagogica-ja-rende-bons-resultados","status":"publish","type":"post","link":"https:\/\/goias.gov.br\/saude\/capacitacao-pedagogica-ja-rende-bons-resultados\/","title":{"rendered":"Capacita\u00e7\u00e3o pedag\u00f3gica j\u00e1 rende bons resultados"},"content":{"rendered":"<p><img fetchpriority=\"high\" decoding=\"async\" class=\" size-full wp-image-9263\" src=\"https:\/\/goias.gov.br\/saude\/wp-content\/uploads\/sites\/34\/2018\/10\/foto-cidade-de-goiAs-aee.jpg\" alt=\"\" width=\"1224\" height=\"816\" srcset=\"https:\/\/goias.gov.br\/saude\/wp-content\/uploads\/sites\/34\/2018\/10\/foto-cidade-de-goiAs-aee.jpg 1224w, https:\/\/goias.gov.br\/saude\/wp-content\/uploads\/sites\/34\/2018\/10\/foto-cidade-de-goiAs-aee-300x200.jpg 300w, https:\/\/goias.gov.br\/saude\/wp-content\/uploads\/sites\/34\/2018\/10\/foto-cidade-de-goiAs-aee-1024x683.jpg 1024w, https:\/\/goias.gov.br\/saude\/wp-content\/uploads\/sites\/34\/2018\/10\/foto-cidade-de-goiAs-aee-768x512.jpg 768w\" sizes=\"(max-width: 1224px) 100vw, 1224px\" \/><!DOCTYPE html PUBLIC \"-\/\/W3C\/\/DTD HTML 4.0 Transitional\/\/EN\" \"https:\/\/www.w3.org\/TR\/REC-html40\/loose.dtd\"><br \/>\n<html><body><\/p>\n<p>&nbsp;<\/p>\n<p>&nbsp;<\/p>\n<p>&nbsp;<\/p>\n<p>&nbsp;<\/p>\n<p>&nbsp;<\/p>\n<p>&nbsp;<\/p>\n<p>&nbsp;<\/p>\n<p>&nbsp;<\/p>\n<p>&nbsp;<\/p>\n<p>&nbsp;<\/p>\n<p>&nbsp;<\/p>\n<p>&nbsp;<\/p>\n<p>&nbsp;<\/p>\n<p>&nbsp;<\/p>\n<p>&nbsp;<\/p>\n<p>Antes mesmo de concluir as atividades do Curso de Capacita&ccedil;&atilde;o Pedag&oacute;gica para Profissionais da &Aacute;rea de Sa&uacute;de, promovido pela Superintend&ecirc;ncia de Educa&ccedil;&atilde;o em Sa&uacute;de e Trabalho para o SUS (Sest\/SUS), com ecerramento hoje (09\/10), a coordenadora do N&uacute;cleo de Assist&ecirc;ncia &agrave; Sa&uacute;de da Fam&iacute;lia- Nasf, de Itapuranga, Carolina Coelho Proen&ccedil;a Guedes, j&aacute; est&aacute; aplicando as metodologias ativas para a busca de solu&ccedil;&otilde;es para os problemas enfrentados pelos profissionais de sa&uacute;de do munic&iacute;pio na presta&ccedil;&atilde;o dos servi&ccedil;os de sa&uacute;de para a popula&ccedil;&atilde;o.<\/p>\n<p>Segundo Carolina Coelho o sistema de envolvimento dos trabalhadores nas discuss&otilde;es das quest&otilde;es di&aacute;rias de trabalho d&aacute; a cada um a liberdade de opinar e, ao mesmo tempo, o poder de colaborar com as decis&otilde;es, o que resulta em maior resolutividade nas pr&oacute;prias unidades de sa&uacute;de. &ldquo;Quando conseguimos atender &agrave; demanda do usu&aacute;rio a gente evita o surgimento de outros problemas como o encaminhamento desnecess&aacute;rio do paciente para o servi&ccedil;o e m&eacute;dia e alta complexidade, com a gera&ccedil;&atilde;o de despesas e deslocamentos que podem ser evitados&rdquo;, comentou.<\/p>\n<p>A partir da conclus&atilde;o do curso a coordenadora pretende realizar reuni&otilde;es com v&aacute;rias equipes para colocar em pr&aacute;tica projetos, principalmente quanto &agrave; preven&ccedil;&atilde;o e acompanhamento relacionado as doen&ccedil;as preven&iacute;veis. Ela citou como exemplo o treinamento dos Agentes Comunit&aacute;rios de Sa&uacute;de para que sejam multiplicadores de orienta&ccedil;&otilde;es sobre m&eacute;todos preventivos de combate a enfermidades como obesidade, hipertens&atilde;o, colesterol alto e diabetes. Com as metodologias ativas ser&aacute; poss&iacute;vel tornar o trabalho mais din&acirc;mico e efetivo nas &aacute;reas de acolhimento do usu&aacute;rio, abordagem nos atendimentos domiciliares e nas parcerias com as escolas, disse.<\/p>\n<p><strong>O Curso<\/strong><\/p>\n<p>Junto com Carolina Coelho outros 13 participantes das regi&otilde;es de sa&uacute;de Rio Vermelho, Oeste I e Oeste II tamb&eacute;m conclu&iacute;ram o curso. A facilitadora Kelli Santos explicou que as metodologias apresentadas vem ao encontro da proposta de educa&ccedil;&atilde;o permanente desenvolvida nos pr&oacute;prios locais de trabalho dos profissionais de sa&uacute;de. O curso tamb&eacute;m prop&ocirc;s a apresenta&ccedil;&atilde;o de projetos de interven&ccedil;&atilde;o relacionados &agrave; realidade local e que s&atilde;o enfrentados no dia a dia de trabalho nas unidades de sa&uacute;de.<\/p>\n<p>Na Cidade de Goi&aacute;s foram apresentados, nos &uacute;ltimos dois dias, propostas nas &aacute;reas de obesidade, territorializa&ccedil;&atilde;o, equidade nas a&ccedil;&otilde;es de odontologia, envelhecimento saud&aacute;vel dentre outras, al&eacute;m de discuss&otilde;es relacionadas aos contributos para pr&aacute;tica educativa e avalia&ccedil;&atilde;o dos processos de ensino aprendizagem. Para a facilitadora a capacita&ccedil;&atilde;o pedag&oacute;gica vai permitir que os participantes levem para seus munic&iacute;pios as ferramentas necess&aacute;rias para atuar como facilitadores dos processos de ensino aprendizagem na &aacute;rea da sa&uacute;de por meio da educa&ccedil;&atilde;o permanente, educa&ccedil;&atilde;o continuada e educa&ccedil;&atilde;o em sa&uacute;de. Isso, segundo ela, dever&aacute; impactar positivamente na atua&ccedil;&atilde;o desses profissionais em atividades de preven&ccedil;&atilde;o, promo&ccedil;&atilde;o e assist&ecirc;ncia &agrave; sa&uacute;de da popula&ccedil;&atilde;o usu&aacute;ria do SUS.<\/p>\n<p><\/body><\/html><\/p>\n","protected":false},"excerpt":{"rendered":"<p>&nbsp; &nbsp; &nbsp; &nbsp; &nbsp; &nbsp; &nbsp; &nbsp; &nbsp; &nbsp; &nbsp; &nbsp; &nbsp; &nbsp; &nbsp; Antes mesmo de concluir as atividades do Curso de Capacita&ccedil;&atilde;o Pedag&oacute;gica para Profissionais da &Aacute;rea de Sa&uacute;de, promovido pela Superintend&ecirc;ncia de Educa&ccedil;&atilde;o em Sa&uacute;de e Trabalho para o SUS (Sest\/SUS), com ecerramento hoje (09\/10), a coordenadora do N&uacute;cleo de Assist&ecirc;ncia [&hellip;]<\/p>\n","protected":false},"author":46,"featured_media":9263,"comment_status":"closed","ping_status":"open","sticky":false,"template":"","format":"standard","meta":{"footnotes":""},"categories":[11],"tags":[],"class_list":["post-9264","post","type-post","status-publish","format-standard","has-post-thumbnail","hentry","category-noticias-escola"],"rttpg_featured_image_url":{"full":["https:\/\/goias.gov.br\/saude\/wp-content\/uploads\/sites\/34\/2018\/10\/foto-cidade-de-goiAs-aee.jpg",1224,816,false],"landscape":["https:\/\/goias.gov.br\/saude\/wp-content\/uploads\/sites\/34\/2018\/10\/foto-cidade-de-goiAs-aee.jpg",1224,816,false],"portraits":["https:\/\/goias.gov.br\/saude\/wp-content\/uploads\/sites\/34\/2018\/10\/foto-cidade-de-goiAs-aee.jpg",1224,816,false],"thumbnail":["https:\/\/goias.gov.br\/saude\/wp-content\/uploads\/sites\/34\/2018\/10\/foto-cidade-de-goiAs-aee-150x150.jpg",150,150,true],"medium":["https:\/\/goias.gov.br\/saude\/wp-content\/uploads\/sites\/34\/2018\/10\/foto-cidade-de-goiAs-aee-300x200.jpg",300,200,true],"large":["https:\/\/goias.gov.br\/saude\/wp-content\/uploads\/sites\/34\/2018\/10\/foto-cidade-de-goiAs-aee-1024x683.jpg",1024,683,true],"1536x1536":["https:\/\/goias.gov.br\/saude\/wp-content\/uploads\/sites\/34\/2018\/10\/foto-cidade-de-goiAs-aee.jpg",1224,816,false],"2048x2048":["https:\/\/goias.gov.br\/saude\/wp-content\/uploads\/sites\/34\/2018\/10\/foto-cidade-de-goiAs-aee.jpg",1224,816,false]},"rttpg_author":{"display_name":"cleybetsls","author_link":"https:\/\/goias.gov.br\/saude\/author\/cleybetsls\/"},"rttpg_comment":0,"rttpg_category":"<a href=\"https:\/\/goias.gov.br\/saude\/categoria\/escola-de-saude\/noticias-escola\/\" rel=\"category tag\">Not\u00edcias Escola<\/a>","rttpg_excerpt":"&nbsp; &nbsp; &nbsp; &nbsp; &nbsp; &nbsp; &nbsp; &nbsp; &nbsp; &nbsp; &nbsp; &nbsp; &nbsp; &nbsp; &nbsp; Antes mesmo de concluir as atividades do Curso de Capacita&ccedil;&atilde;o Pedag&oacute;gica para Profissionais da &Aacute;rea de Sa&uacute;de, promovido pela Superintend&ecirc;ncia de Educa&ccedil;&atilde;o em Sa&uacute;de e Trabalho para o SUS (Sest\/SUS), com ecerramento hoje (09\/10), a coordenadora do N&uacute;cleo de Assist&ecirc;ncia&hellip;","_links":{"self":[{"href":"https:\/\/goias.gov.br\/saude\/wp-json\/wp\/v2\/posts\/9264","targetHints":{"allow":["GET"]}}],"collection":[{"href":"https:\/\/goias.gov.br\/saude\/wp-json\/wp\/v2\/posts"}],"about":[{"href":"https:\/\/goias.gov.br\/saude\/wp-json\/wp\/v2\/types\/post"}],"author":[{"embeddable":true,"href":"https:\/\/goias.gov.br\/saude\/wp-json\/wp\/v2\/users\/46"}],"replies":[{"embeddable":true,"href":"https:\/\/goias.gov.br\/saude\/wp-json\/wp\/v2\/comments?post=9264"}],"version-history":[{"count":0,"href":"https:\/\/goias.gov.br\/saude\/wp-json\/wp\/v2\/posts\/9264\/revisions"}],"wp:featuredmedia":[{"embeddable":true,"href":"https:\/\/goias.gov.br\/saude\/wp-json\/wp\/v2\/media\/9263"}],"wp:attachment":[{"href":"https:\/\/goias.gov.br\/saude\/wp-json\/wp\/v2\/media?parent=9264"}],"wp:term":[{"taxonomy":"category","embeddable":true,"href":"https:\/\/goias.gov.br\/saude\/wp-json\/wp\/v2\/categories?post=9264"},{"taxonomy":"post_tag","embeddable":true,"href":"https:\/\/goias.gov.br\/saude\/wp-json\/wp\/v2\/tags?post=9264"}],"curies":[{"name":"wp","href":"https:\/\/api.w.org\/{rel}","templated":true}]}}