

{"id":9135,"date":"2018-05-23T12:05:00","date_gmt":"2018-05-23T15:05:00","guid":{"rendered":"https:\/\/siteshom.goias.gov.br\/saude\/esap-conclui-capacitacao-pedagogica-de-2018\/"},"modified":"2018-05-23T12:05:00","modified_gmt":"2018-05-23T15:05:00","slug":"esap-conclui-capacitacao-pedagogica-de-2018","status":"publish","type":"post","link":"https:\/\/goias.gov.br\/saude\/esap-conclui-capacitacao-pedagogica-de-2018\/","title":{"rendered":"Esap conclui capacita\u00e7\u00e3o pedag\u00f3gica de 2018"},"content":{"rendered":"<p><img fetchpriority=\"high\" decoding=\"async\" class=\" size-full wp-image-9134\" src=\"https:\/\/goias.gov.br\/saude\/wp-content\/uploads\/sites\/34\/2018\/05\/foto-capacitacao-pedagogica-2018-7e4.jpg\" alt=\"\" width=\"1500\" height=\"907\" srcset=\"https:\/\/goias.gov.br\/saude\/wp-content\/uploads\/sites\/34\/2018\/05\/foto-capacitacao-pedagogica-2018-7e4.jpg 1500w, https:\/\/goias.gov.br\/saude\/wp-content\/uploads\/sites\/34\/2018\/05\/foto-capacitacao-pedagogica-2018-7e4-300x181.jpg 300w, https:\/\/goias.gov.br\/saude\/wp-content\/uploads\/sites\/34\/2018\/05\/foto-capacitacao-pedagogica-2018-7e4-1024x619.jpg 1024w, https:\/\/goias.gov.br\/saude\/wp-content\/uploads\/sites\/34\/2018\/05\/foto-capacitacao-pedagogica-2018-7e4-768x464.jpg 768w\" sizes=\"(max-width: 1500px) 100vw, 1500px\" \/><!DOCTYPE html PUBLIC \"-\/\/W3C\/\/DTD HTML 4.0 Transitional\/\/EN\" \"https:\/\/www.w3.org\/TR\/REC-html40\/loose.dtd\"><br \/>\n<html><body><\/p>\n<p>Terminou hoje, 23\/05, o curso de Capacita&ccedil;&atilde;o Pedag&oacute;gica da Superintend&ecirc;ncia de Educa&ccedil;&atilde;o em Sa&uacute;de e Trabalho para o SUS &ndash; Sest\/SUS para profissionais de n&iacute;vel superior da Secretaria de Estado da Sa&uacute;de. O processo de qualifica&ccedil;&atilde;o foi realizado em duas etapas (a primeira entre os dias 8 e 10 de maio e a segunda ontem e hoje) com a participa&ccedil;&atilde;o de 34 alunos. No intervalo entre os dois momentos foi constru&iacute;do um projeto de Educa&ccedil;&atilde;o Permanente junto &agrave;s equipes de cada aprendente.<\/p>\n<p>O objetivo do curso &eacute; capacitar profissionais capazes de conduzir processos pedag&oacute;gicos juntos aos grupos de trabalho, alinhados com as metodologias ativas adotadas pela Escola Estadual de Sa&uacute;de P&uacute;blica C&acirc;ndido Santiago. Com o curso os participantes poder&atilde;o se tornar facilitadores nos processos educativos em suas equipes.<\/p>\n<p>&ldquo;Com a capacita&ccedil;&atilde;o pedag&oacute;gica buscamos despertar para a necessidade de conhecimentos sobre as metodologias pedag&oacute;gicas para mediar o aprendizado em Educa&ccedil;&atilde;o Permanente nos locais de trabalho&rdquo;, comentou uma das professoras Ussula Pitarelli.<\/p>\n<p><\/body><\/html><\/p>\n","protected":false},"excerpt":{"rendered":"<p>Terminou hoje, 23\/05, o curso de Capacita&ccedil;&atilde;o Pedag&oacute;gica da Superintend&ecirc;ncia de Educa&ccedil;&atilde;o em Sa&uacute;de e Trabalho para o SUS &ndash; Sest\/SUS para profissionais de n&iacute;vel superior da Secretaria de Estado da Sa&uacute;de. O processo de qualifica&ccedil;&atilde;o foi realizado em duas etapas (a primeira entre os dias 8 e 10 de maio e a segunda ontem [&hellip;]<\/p>\n","protected":false},"author":46,"featured_media":9134,"comment_status":"closed","ping_status":"open","sticky":false,"template":"","format":"standard","meta":{"footnotes":""},"categories":[11],"tags":[],"class_list":["post-9135","post","type-post","status-publish","format-standard","has-post-thumbnail","hentry","category-noticias-escola"],"rttpg_featured_image_url":{"full":["https:\/\/goias.gov.br\/saude\/wp-content\/uploads\/sites\/34\/2018\/05\/foto-capacitacao-pedagogica-2018-7e4.jpg",1500,907,false],"landscape":["https:\/\/goias.gov.br\/saude\/wp-content\/uploads\/sites\/34\/2018\/05\/foto-capacitacao-pedagogica-2018-7e4.jpg",1500,907,false],"portraits":["https:\/\/goias.gov.br\/saude\/wp-content\/uploads\/sites\/34\/2018\/05\/foto-capacitacao-pedagogica-2018-7e4.jpg",1500,907,false],"thumbnail":["https:\/\/goias.gov.br\/saude\/wp-content\/uploads\/sites\/34\/2018\/05\/foto-capacitacao-pedagogica-2018-7e4-150x150.jpg",150,150,true],"medium":["https:\/\/goias.gov.br\/saude\/wp-content\/uploads\/sites\/34\/2018\/05\/foto-capacitacao-pedagogica-2018-7e4-300x181.jpg",300,181,true],"large":["https:\/\/goias.gov.br\/saude\/wp-content\/uploads\/sites\/34\/2018\/05\/foto-capacitacao-pedagogica-2018-7e4-1024x619.jpg",1024,619,true],"1536x1536":["https:\/\/goias.gov.br\/saude\/wp-content\/uploads\/sites\/34\/2018\/05\/foto-capacitacao-pedagogica-2018-7e4.jpg",1500,907,false],"2048x2048":["https:\/\/goias.gov.br\/saude\/wp-content\/uploads\/sites\/34\/2018\/05\/foto-capacitacao-pedagogica-2018-7e4.jpg",1500,907,false]},"rttpg_author":{"display_name":"cleybetsls","author_link":"https:\/\/goias.gov.br\/saude\/author\/cleybetsls\/"},"rttpg_comment":0,"rttpg_category":"<a href=\"https:\/\/goias.gov.br\/saude\/categoria\/escola-de-saude\/noticias-escola\/\" rel=\"category tag\">Not\u00edcias Escola<\/a>","rttpg_excerpt":"Terminou hoje, 23\/05, o curso de Capacita&ccedil;&atilde;o Pedag&oacute;gica da Superintend&ecirc;ncia de Educa&ccedil;&atilde;o em Sa&uacute;de e Trabalho para o SUS &ndash; Sest\/SUS para profissionais de n&iacute;vel superior da Secretaria de Estado da Sa&uacute;de. O processo de qualifica&ccedil;&atilde;o foi realizado em duas etapas (a primeira entre os dias 8 e 10 de maio e a segunda ontem&hellip;","_links":{"self":[{"href":"https:\/\/goias.gov.br\/saude\/wp-json\/wp\/v2\/posts\/9135","targetHints":{"allow":["GET"]}}],"collection":[{"href":"https:\/\/goias.gov.br\/saude\/wp-json\/wp\/v2\/posts"}],"about":[{"href":"https:\/\/goias.gov.br\/saude\/wp-json\/wp\/v2\/types\/post"}],"author":[{"embeddable":true,"href":"https:\/\/goias.gov.br\/saude\/wp-json\/wp\/v2\/users\/46"}],"replies":[{"embeddable":true,"href":"https:\/\/goias.gov.br\/saude\/wp-json\/wp\/v2\/comments?post=9135"}],"version-history":[{"count":0,"href":"https:\/\/goias.gov.br\/saude\/wp-json\/wp\/v2\/posts\/9135\/revisions"}],"wp:featuredmedia":[{"embeddable":true,"href":"https:\/\/goias.gov.br\/saude\/wp-json\/wp\/v2\/media\/9134"}],"wp:attachment":[{"href":"https:\/\/goias.gov.br\/saude\/wp-json\/wp\/v2\/media?parent=9135"}],"wp:term":[{"taxonomy":"category","embeddable":true,"href":"https:\/\/goias.gov.br\/saude\/wp-json\/wp\/v2\/categories?post=9135"},{"taxonomy":"post_tag","embeddable":true,"href":"https:\/\/goias.gov.br\/saude\/wp-json\/wp\/v2\/tags?post=9135"}],"curies":[{"name":"wp","href":"https:\/\/api.w.org\/{rel}","templated":true}]}}