

{"id":9029,"date":"1969-12-31T21:00:00","date_gmt":"1970-01-01T00:00:00","guid":{"rendered":"https:\/\/siteshom.goias.gov.br\/saude\/sest-sus-prorroga-inscria\/"},"modified":"1969-12-31T21:00:00","modified_gmt":"1970-01-01T00:00:00","slug":"sest-sus-prorroga-inscria","status":"publish","type":"post","link":"https:\/\/goias.gov.br\/saude\/sest-sus-prorroga-inscria\/","title":{"rendered":"Sest\/SUS prorroga inscri\u00e7\u00f5es da sele\u00e7\u00e3o de conteudista"},"content":{"rendered":"<p><!DOCTYPE html PUBLIC \"-\/\/W3C\/\/DTD HTML 4.0 Transitional\/\/EN\" \"https:\/\/www.w3.org\/TR\/REC-html40\/loose.dtd\"><br \/>\n<html><body><\/p>\n<p align=\"left\">A Superintend&ecirc;ncia de Educa&ccedil;&atilde;o em Sa&uacute;de e Trabalho para o SUS prorrogou, at&eacute; o dia 14 de agosto, o prazo para as inscri&ccedil;&otilde;es da chamada p&uacute;blica para o preenchimento de vagas para conteudista para o Curso de Qualifica&ccedil;&atilde;o para Gestores Municipais de Sa&uacute;de. Maiores informa&ccedil;&otilde;es sobre a sele&ccedil;&atilde;o e edital podem ser encontrados nos sites da Escola Estadual de Sa&uacute;de P&uacute;blica:&nbsp;<a href=\"https:\/\/www.esap.go.gov.br\/\" target=\"_blank\" data-saferedirecturl=\"https:\/\/www.google.com\/url?hl=pt-BR&amp;q=https:\/\/www.esap.go.gov.br&amp;source=gmail&amp;ust=1470849558830000&amp;usg=AFQjCNGCJ36wc9LHvBZ1N8A9QvCZHY1Frw\" rel=\"noopener\">www.esap.go.gov.br<\/a>&nbsp;e da Secretaria Estadual de Sa&uacute;de:&nbsp;<a href=\"https:\/\/www.saudego.go.gov.br\/\" target=\"_blank\" rel=\"noopener\"><\/a><\/p>\n<p><\/body><\/html><\/p>\n","protected":false},"excerpt":{"rendered":"<p>A Superintend&ecirc;ncia de Educa&ccedil;&atilde;o em Sa&uacute;de e Trabalho para o SUS prorrogou, at&eacute; o dia 14 de agosto, o prazo para as inscri&ccedil;&otilde;es da chamada p&uacute;blica para o preenchimento de vagas para conteudista para o Curso de Qualifica&ccedil;&atilde;o para Gestores Municipais de Sa&uacute;de. Maiores informa&ccedil;&otilde;es sobre a sele&ccedil;&atilde;o e edital podem ser encontrados nos sites [&hellip;]<\/p>\n","protected":false},"author":46,"featured_media":0,"comment_status":"closed","ping_status":"open","sticky":false,"template":"","format":"standard","meta":{"footnotes":""},"categories":[11],"tags":[],"class_list":["post-9029","post","type-post","status-publish","format-standard","hentry","category-noticias-escola"],"rttpg_featured_image_url":null,"rttpg_author":{"display_name":"cleybetsls","author_link":"https:\/\/goias.gov.br\/saude\/author\/cleybetsls\/"},"rttpg_comment":0,"rttpg_category":"<a href=\"https:\/\/goias.gov.br\/saude\/categoria\/escola-de-saude\/noticias-escola\/\" rel=\"category tag\">Not\u00edcias Escola<\/a>","rttpg_excerpt":"A Superintend&ecirc;ncia de Educa&ccedil;&atilde;o em Sa&uacute;de e Trabalho para o SUS prorrogou, at&eacute; o dia 14 de agosto, o prazo para as inscri&ccedil;&otilde;es da chamada p&uacute;blica para o preenchimento de vagas para conteudista para o Curso de Qualifica&ccedil;&atilde;o para Gestores Municipais de Sa&uacute;de. Maiores informa&ccedil;&otilde;es sobre a sele&ccedil;&atilde;o e edital podem ser encontrados nos sites&hellip;","_links":{"self":[{"href":"https:\/\/goias.gov.br\/saude\/wp-json\/wp\/v2\/posts\/9029","targetHints":{"allow":["GET"]}}],"collection":[{"href":"https:\/\/goias.gov.br\/saude\/wp-json\/wp\/v2\/posts"}],"about":[{"href":"https:\/\/goias.gov.br\/saude\/wp-json\/wp\/v2\/types\/post"}],"author":[{"embeddable":true,"href":"https:\/\/goias.gov.br\/saude\/wp-json\/wp\/v2\/users\/46"}],"replies":[{"embeddable":true,"href":"https:\/\/goias.gov.br\/saude\/wp-json\/wp\/v2\/comments?post=9029"}],"version-history":[{"count":0,"href":"https:\/\/goias.gov.br\/saude\/wp-json\/wp\/v2\/posts\/9029\/revisions"}],"wp:attachment":[{"href":"https:\/\/goias.gov.br\/saude\/wp-json\/wp\/v2\/media?parent=9029"}],"wp:term":[{"taxonomy":"category","embeddable":true,"href":"https:\/\/goias.gov.br\/saude\/wp-json\/wp\/v2\/categories?post=9029"},{"taxonomy":"post_tag","embeddable":true,"href":"https:\/\/goias.gov.br\/saude\/wp-json\/wp\/v2\/tags?post=9029"}],"curies":[{"name":"wp","href":"https:\/\/api.w.org\/{rel}","templated":true}]}}