

{"id":8951,"date":"2016-03-29T09:03:14","date_gmt":"2016-03-29T12:03:14","guid":{"rendered":"https:\/\/siteshom.goias.gov.br\/saude\/curso-de-cuidados-pediatricos-para-medicos-da-rede-basica-2\/"},"modified":"2016-03-29T09:03:14","modified_gmt":"2016-03-29T12:03:14","slug":"curso-de-cuidados-pediatricos-para-medicos-da-rede-basica-2","status":"publish","type":"post","link":"https:\/\/goias.gov.br\/saude\/curso-de-cuidados-pediatricos-para-medicos-da-rede-basica-2\/","title":{"rendered":"Curso de cuidados pedi\u00e1tricos para m\u00e9dicos da rede b\u00e1sica"},"content":{"rendered":"<p><img fetchpriority=\"high\" decoding=\"async\" class=\" size-full wp-image-8950\" src=\"https:\/\/goias.gov.br\/saude\/wp-content\/uploads\/sites\/34\/2016\/03\/crianCa-3-bb8.jpg\" alt=\"\" width=\"333\" height=\"400\" srcset=\"https:\/\/goias.gov.br\/saude\/wp-content\/uploads\/sites\/34\/2016\/03\/crianCa-3-bb8.jpg 333w, https:\/\/goias.gov.br\/saude\/wp-content\/uploads\/sites\/34\/2016\/03\/crianCa-3-bb8-250x300.jpg 250w\" sizes=\"(max-width: 333px) 100vw, 333px\" \/><!DOCTYPE html PUBLIC \"-\/\/W3C\/\/DTD HTML 4.0 Transitional\/\/EN\" \"https:\/\/www.w3.org\/TR\/REC-html40\/loose.dtd\"><br \/>\n<html><body><\/p>\n<p>Acontece na pr&oacute;xima sexta-feira, 1&ordm; de abril a partir das 08 hs, no audit&oacute;rio da C&acirc;mara Municipal de Goi&acirc;nia a abertura do curso de capacita&ccedil;&atilde;o e cuidados pedi&aacute;tricos para m&eacute;dicos que atuam a rede aten&ccedil;&atilde;o prim&aacute;ria &agrave; sa&uacute;de promovido pela Superintend&ecirc;ncia de Educa&ccedil;&atilde;o em Sa&uacute;de e Trabalho para o SUS &ndash; Sest-SUS, atrav&eacute;s da Escola Estadual de Sa&uacute;de P&uacute;blica C&acirc;ndido Santiago em parceria com a Sociedade Goiana de Pediatria, Conselho de Medicina (CREMEGO), Universidade Federal de Goi&aacute;s e Hospital Materno Infantil.<\/p>\n<p>O pneumologista e alergista pedi&aacute;trico do Hospital Materno Infantil &#8211; HMI que tamb&eacute;m &eacute; mestre em doen&ccedil;as infectocontagiosas, Darlan de Oliveira Andrade, ser&aacute; um dos professores do curso. Segundo ele as aulas v&atilde;o abordar temas b&aacute;sicos na &aacute;rea de pediatria para os m&eacute;dicos que atuam na aten&ccedil;&atilde;o prim&aacute;ria, cl&iacute;nicos gerais ou especialistas, para diminuir encaminhamentos desnecess&aacute;rios para a rede de m&eacute;dia e alta complexidade.<\/p>\n<div>\n<p>A proposta, segundo o Dr. Darlan, &eacute; oferecer condi&ccedil;&otilde;es para a rede b&aacute;sica oferecer os tratamentos para casos mais simples, evitando a superlota&ccedil;&atilde;o em unidades especializadas. Ele explicou que mais da metade dos pacientes que chegam no HMI poderiam ser tratados na aten&ccedil;&atilde;o b&aacute;sica, que fica sobrecarregado. Esta sobrecarga, na opini&atilde;o dele, prejudica o atendimento dos casos mais complexos.<\/p>\n<p>Pelo n&uacute;mero de atendimentos realizados no Hospital Materno Infantil, que &eacute; refer&ecirc;ncia em casos de maior complexidade, foram selecionadas as doen&ccedil;as mais frequentes que podem ser tratadas na rede b&aacute;sica. As principais s&atilde;o pneumonia, infec&ccedil;&otilde;es vias a&eacute;reas superiores, asma, infec&ccedil;&otilde;es urin&aacute;rias, diarreia aguda, vacinas, aleitamento materno, alimenta&ccedil;&atilde;o no primeiro ano de vida, acidentes na cl&iacute;nica pedi&aacute;trica, avalia&ccedil;&atilde;o do rec&eacute;m-nascido, desenvolvimento psicomotor e tamb&eacute;m viol&ecirc;ncia contra a crian&ccedil;a.<\/p>\n<p>Ao todo ser&atilde;o disponibilizadas 320 vagas distribu&iacute;das em oito turmas e as aulas ser&atilde;o ministradas &agrave;s sextas-feiras, das 14:00 &agrave;s 18:00 horas, e aos s&aacute;bados, das 08:00 &agrave;s 12:00 e das 14:00 &agrave;s 18:00 horas. O curso tem como objetivo capacitar os m&eacute;dicos que atuam na de aten&ccedil;&atilde;o prim&aacute;ria dos munic&iacute;pios de Goi&acirc;nia, Aparecida de Goi&acirc;nia, Goianira, Senador Canedo e Trindade, que comp&otilde;em a regi&atilde;o metropolitana da capital, e alguns munic&iacute;pios que solicitaram a reciclagem para seus profissionais m&eacute;dicos.<\/p>\n<p>O projeto &eacute; piloto e tem despertado grande interesse das unidades de sa&uacute;de dos munic&iacute;pios. Em menos de um m&ecirc;s j&aacute; foram realizadas mais de 210 inscri&ccedil;&otilde;es e dependendo dos resultados obtidos com esta primeira s&eacute;rie do curso poder&atilde;o ser realizadas outras etapas do processo de capacita&ccedil;&atilde;o.<\/p>\n<\/div>\n<p><\/body><\/html><\/p>\n","protected":false},"excerpt":{"rendered":"<p>Acontece na pr&oacute;xima sexta-feira, 1&ordm; de abril a partir das 08 hs, no audit&oacute;rio da C&acirc;mara Municipal de Goi&acirc;nia a abertura do curso de capacita&ccedil;&atilde;o e cuidados pedi&aacute;tricos para m&eacute;dicos que atuam a rede aten&ccedil;&atilde;o prim&aacute;ria &agrave; sa&uacute;de promovido pela Superintend&ecirc;ncia de Educa&ccedil;&atilde;o em Sa&uacute;de e Trabalho para o SUS &ndash; Sest-SUS, atrav&eacute;s da Escola [&hellip;]<\/p>\n","protected":false},"author":46,"featured_media":8950,"comment_status":"closed","ping_status":"open","sticky":false,"template":"","format":"standard","meta":{"footnotes":""},"categories":[11],"tags":[],"class_list":["post-8951","post","type-post","status-publish","format-standard","has-post-thumbnail","hentry","category-noticias-escola"],"rttpg_featured_image_url":{"full":["https:\/\/goias.gov.br\/saude\/wp-content\/uploads\/sites\/34\/2016\/03\/crianCa-3-bb8.jpg",333,400,false],"landscape":["https:\/\/goias.gov.br\/saude\/wp-content\/uploads\/sites\/34\/2016\/03\/crianCa-3-bb8.jpg",333,400,false],"portraits":["https:\/\/goias.gov.br\/saude\/wp-content\/uploads\/sites\/34\/2016\/03\/crianCa-3-bb8.jpg",333,400,false],"thumbnail":["https:\/\/goias.gov.br\/saude\/wp-content\/uploads\/sites\/34\/2016\/03\/crianCa-3-bb8-150x150.jpg",150,150,true],"medium":["https:\/\/goias.gov.br\/saude\/wp-content\/uploads\/sites\/34\/2016\/03\/crianCa-3-bb8-250x300.jpg",250,300,true],"large":["https:\/\/goias.gov.br\/saude\/wp-content\/uploads\/sites\/34\/2016\/03\/crianCa-3-bb8.jpg",333,400,false],"1536x1536":["https:\/\/goias.gov.br\/saude\/wp-content\/uploads\/sites\/34\/2016\/03\/crianCa-3-bb8.jpg",333,400,false],"2048x2048":["https:\/\/goias.gov.br\/saude\/wp-content\/uploads\/sites\/34\/2016\/03\/crianCa-3-bb8.jpg",333,400,false]},"rttpg_author":{"display_name":"cleybetsls","author_link":"https:\/\/goias.gov.br\/saude\/author\/cleybetsls\/"},"rttpg_comment":0,"rttpg_category":"<a href=\"https:\/\/goias.gov.br\/saude\/categoria\/escola-de-saude\/noticias-escola\/\" rel=\"category tag\">Not\u00edcias Escola<\/a>","rttpg_excerpt":"Acontece na pr&oacute;xima sexta-feira, 1&ordm; de abril a partir das 08 hs, no audit&oacute;rio da C&acirc;mara Municipal de Goi&acirc;nia a abertura do curso de capacita&ccedil;&atilde;o e cuidados pedi&aacute;tricos para m&eacute;dicos que atuam a rede aten&ccedil;&atilde;o prim&aacute;ria &agrave; sa&uacute;de promovido pela Superintend&ecirc;ncia de Educa&ccedil;&atilde;o em Sa&uacute;de e Trabalho para o SUS &ndash; Sest-SUS, atrav&eacute;s da Escola&hellip;","_links":{"self":[{"href":"https:\/\/goias.gov.br\/saude\/wp-json\/wp\/v2\/posts\/8951","targetHints":{"allow":["GET"]}}],"collection":[{"href":"https:\/\/goias.gov.br\/saude\/wp-json\/wp\/v2\/posts"}],"about":[{"href":"https:\/\/goias.gov.br\/saude\/wp-json\/wp\/v2\/types\/post"}],"author":[{"embeddable":true,"href":"https:\/\/goias.gov.br\/saude\/wp-json\/wp\/v2\/users\/46"}],"replies":[{"embeddable":true,"href":"https:\/\/goias.gov.br\/saude\/wp-json\/wp\/v2\/comments?post=8951"}],"version-history":[{"count":0,"href":"https:\/\/goias.gov.br\/saude\/wp-json\/wp\/v2\/posts\/8951\/revisions"}],"wp:featuredmedia":[{"embeddable":true,"href":"https:\/\/goias.gov.br\/saude\/wp-json\/wp\/v2\/media\/8950"}],"wp:attachment":[{"href":"https:\/\/goias.gov.br\/saude\/wp-json\/wp\/v2\/media?parent=8951"}],"wp:term":[{"taxonomy":"category","embeddable":true,"href":"https:\/\/goias.gov.br\/saude\/wp-json\/wp\/v2\/categories?post=8951"},{"taxonomy":"post_tag","embeddable":true,"href":"https:\/\/goias.gov.br\/saude\/wp-json\/wp\/v2\/tags?post=8951"}],"curies":[{"name":"wp","href":"https:\/\/api.w.org\/{rel}","templated":true}]}}