

{"id":881,"date":"2019-02-06T15:13:48","date_gmt":"2019-02-06T17:13:48","guid":{"rendered":"https:\/\/siteshom.goias.gov.br\/saude\/vitimas-de-transito-compartilham-experiencias-no-hugol\/"},"modified":"2019-02-06T15:13:48","modified_gmt":"2019-02-06T17:13:48","slug":"vitimas-de-transito-compartilham-experiencias-no-hugol","status":"publish","type":"post","link":"https:\/\/goias.gov.br\/saude\/vitimas-de-transito-compartilham-experiencias-no-hugol\/","title":{"rendered":"V\u00edtimas de tr\u00e2nsito compartilham experi\u00eancias no Hugol"},"content":{"rendered":"<p><p style=\"font-weight: 400;\"><em>Unidade hospital da SES promove encontro de jovens para que, juntos, encontrassem estrat\u00e9gias de enfrentamento diante da amputa\u00e7\u00e3o de uma das pernas<\/em><\/p>\n<\/p>\n<p><p style=\"font-weight: 400;\">O Hospital Estadual de Urg\u00eancias da Regi\u00e3o Noroeste de Goi\u00e2nia Governador Ot\u00e1vio Lage de Siqueira (HUGOL), unidade da Secretaria de Estado da Sa\u00fade de Goi\u00e1s (SES), promoveu um encontro para troca de experi\u00eancias entre tr\u00eas pacientes com situa\u00e7\u00f5es de vida muito parecidas: jovens, pais de fam\u00edlia, que sofreram amputa\u00e7\u00e3o de uma das pernas devido a um acidente de tr\u00e2nsito enquanto pilotavam motos.<\/p>\n<\/p>\n<p><p style=\"font-weight: 400;\">Ericpyter Ferreira, 24 anos, chegou \u00e0 emerg\u00eancia da unidade em janeiro de 2018 e passou dois meses internado. Hoje, j\u00e1 adaptado \u00e0 nova rotina, aceitou o convite do hospital para compartilhar experi\u00eancias com outros pacientes em situa\u00e7\u00e3o semelhante \u00e0 que passou. \u201cNo in\u00edcio temos muita dificuldade em aceitar a amputa\u00e7\u00e3o, mas a equipe do hospital realmente nos acolhe. Quando recebi alta, acreditava que estava pronto para o mundo real, mas tive um choque de realidade com as dificuldades do dia a dia de uma pessoa amputada\u201d, revela. \u201cVoc\u00ea tem que ter muito foco e for\u00e7a de vontade para poder superar adversidades e, caso necess\u00e1rio, deve procurar ajuda profissional. N\u00e3o abaixe a cabe\u00e7a nunca, pois isso n\u00e3o \u00e9 uma limita\u00e7\u00e3o, \u00e9, sim, um acaso da vida\u201d, acrescentou.<\/p>\n<\/p>\n<p><p style=\"font-weight: 400;\">O objetivo do encontro foi promover aos pacientes o compartilhar de suas experi\u00eancias para que, juntos, encontrassem estrat\u00e9gias de enfrentamento diante da amputa\u00e7\u00e3o. Al\u00e9m de Ericpyter, participaram os pacientes Matheus Sobrinho, 19, e Jonathan Barbosa, 21, que passaram pelo processo de amputa\u00e7\u00e3o e ainda estavam em fase de recupera\u00e7\u00e3o.<\/p>\n<\/p>\n<p><p style=\"font-weight: 400;\"><strong>Nota mil<\/strong><\/p>\n<\/p>\n<p><p style=\"font-weight: 400;\">\u201cAntes de mais nada, gostaria de dizer que, de zero a dez, a nota que dou para o hospital \u00e9 mil. Toda a equipe \u00e9 muito atenciosa, amiga e sabe realmente trabalhar bem. Essa conversa que tivemos foi extremamente importante para mim, pois tinha muitas d\u00favidas de como seria minha vida fora do hospital, e o Ericpyter conseguiu exemplificar situa\u00e7\u00f5es pr\u00e1ticas do dia a dia pelas quais uma pessoa em nossa situa\u00e7\u00e3o passa. A expectativa daqui pra frente \u00e9 focar na minha recupera\u00e7\u00e3o, com o apoio da minha fam\u00edlia e de Deus\u201d, relatou Matheus.<\/p>\n<\/p>\n<p><p style=\"font-weight: 400;\">De acordo com \u00c9rica Carvalho, psic\u00f3loga do hospital, falar em amputa\u00e7\u00e3o ainda assusta hoje em dia, pois a sociedade possui muitos tabus que precisam ser quebrados. \u201cQuando se trata do p\u00fablico jovem, \u00e9 poss\u00edvel perceber maior dificuldade de aceita\u00e7\u00e3o das limita\u00e7\u00f5es e maior ansiedade para passar pela fase de adapta\u00e7\u00e3o. A amputa\u00e7\u00e3o \u00e9 uma situa\u00e7\u00e3o em que podemos nos descobrir mais fortes do que pensamos e testar nosso poder de supera\u00e7\u00e3o.\u201d<\/p>\n<\/p>\n<p><p style=\"font-weight: 400;\">Jos\u00e9 Ferreira Neto (texto e fotos), da Agir.<\/p><\/p>\n","protected":false},"excerpt":{"rendered":"<p>Unidade hospital da SES promove encontro de jovens para que, juntos, encontrassem estrat\u00e9gias de enfrentamento diante da amputa\u00e7\u00e3o de uma das pernas O Hospital Estadual de Urg\u00eancias da Regi\u00e3o Noroeste de Goi\u00e2nia Governador Ot\u00e1vio Lage de Siqueira (HUGOL), unidade da Secretaria de Estado da Sa\u00fade de Goi\u00e1s (SES), promoveu um encontro para troca de experi\u00eancias [&hellip;]<\/p>\n","protected":false},"author":46,"featured_media":0,"comment_status":"closed","ping_status":"open","sticky":false,"template":"","format":"standard","meta":{"footnotes":""},"categories":[3],"tags":[],"class_list":["post-881","post","type-post","status-publish","format-standard","hentry","category-noticias"],"rttpg_featured_image_url":null,"rttpg_author":{"display_name":"cleybetsls","author_link":"https:\/\/goias.gov.br\/saude\/author\/cleybetsls\/"},"rttpg_comment":0,"rttpg_category":"<a href=\"https:\/\/goias.gov.br\/saude\/categoria\/noticias\/\" rel=\"category tag\">Not\u00edcias<\/a>","rttpg_excerpt":"Unidade hospital da SES promove encontro de jovens para que, juntos, encontrassem estrat\u00e9gias de enfrentamento diante da amputa\u00e7\u00e3o de uma das pernas O Hospital Estadual de Urg\u00eancias da Regi\u00e3o Noroeste de Goi\u00e2nia Governador Ot\u00e1vio Lage de Siqueira (HUGOL), unidade da Secretaria de Estado da Sa\u00fade de Goi\u00e1s (SES), promoveu um encontro para troca de experi\u00eancias&hellip;","_links":{"self":[{"href":"https:\/\/goias.gov.br\/saude\/wp-json\/wp\/v2\/posts\/881","targetHints":{"allow":["GET"]}}],"collection":[{"href":"https:\/\/goias.gov.br\/saude\/wp-json\/wp\/v2\/posts"}],"about":[{"href":"https:\/\/goias.gov.br\/saude\/wp-json\/wp\/v2\/types\/post"}],"author":[{"embeddable":true,"href":"https:\/\/goias.gov.br\/saude\/wp-json\/wp\/v2\/users\/46"}],"replies":[{"embeddable":true,"href":"https:\/\/goias.gov.br\/saude\/wp-json\/wp\/v2\/comments?post=881"}],"version-history":[{"count":0,"href":"https:\/\/goias.gov.br\/saude\/wp-json\/wp\/v2\/posts\/881\/revisions"}],"wp:attachment":[{"href":"https:\/\/goias.gov.br\/saude\/wp-json\/wp\/v2\/media?parent=881"}],"wp:term":[{"taxonomy":"category","embeddable":true,"href":"https:\/\/goias.gov.br\/saude\/wp-json\/wp\/v2\/categories?post=881"},{"taxonomy":"post_tag","embeddable":true,"href":"https:\/\/goias.gov.br\/saude\/wp-json\/wp\/v2\/tags?post=881"}],"curies":[{"name":"wp","href":"https:\/\/api.w.org\/{rel}","templated":true}]}}