

{"id":83564,"date":"2024-08-07T09:56:51","date_gmt":"2024-08-07T12:56:51","guid":{"rendered":"https:\/\/goias.gov.br\/saude\/?p=83564"},"modified":"2024-08-07T09:56:51","modified_gmt":"2024-08-07T12:56:51","slug":"extrato-do-2o-termo-aditivo-ao-contrato-n-o-56-2021-ses-go","status":"publish","type":"post","link":"https:\/\/goias.gov.br\/saude\/extrato-do-2o-termo-aditivo-ao-contrato-n-o-56-2021-ses-go\/","title":{"rendered":"Extrato do 2\u00ba Termo Aditivo ao Contrato n.\u00ba 56\/2021 \u2013 SES\/GO"},"content":{"rendered":"\n<p>Processo n\u00ba: 202100010011789. Objeto: O acr\u00e9scimo ao contrato de loca\u00e7\u00e3o de mais uma \u00e1rea de 203,25 m\u00b2, sendo 78 m\u00b2 da Loja B (T\u00e9rreo, Mezaninos 1, 2 e 3) e 125,25 m\u00b2 do 1\u00ba Andar, no edif\u00edcio onde est\u00e3o localizadas a Superintend\u00eancia de Vigil\u00e2ncia em Sa\u00fade-SUVISA\/SUBVAIS e a Superintend\u00eancia de Pol\u00edticas e Aten\u00e7\u00e3o Integral \u00e0 Sa\u00fade-SAIS\/SUBVAIS; prorroga\u00e7\u00e3o do prazo do contrato por mais 36 (trinta e seis) meses; Adequa\u00e7\u00e3o da reda\u00e7\u00e3o do item 4.5 da Cl\u00e1usula Quarta &#8211; Do Valor; e Exclus\u00e3o do subitem 4.5.1 da Cl\u00e1usula Quarta &#8211; Do Valor. Contratada: Cis Participa\u00e7\u00e3o e Investimento LTDA-EPP. Valor: R$ 8.624.043,45. Dota\u00e7\u00e3o Or\u00e7ament\u00e1ria:2850.10.122.4200.4243.03.15000100.90,2850.10.305.1043.2519.03.26000232.90. Data da assinatura: 06\/08\/2024. Signat\u00e1rios: Ras\u00edvel dos Reis Santos J\u00fanior \u2013 Secret\u00e1rio de Estado da Sa\u00fade. Igor Mendon\u00e7a Sebba &#8211; Cis Participa\u00e7\u00e3o e Investimento LTDA-EPP.<\/p>\n","protected":false},"excerpt":{"rendered":"<p>Processo n\u00ba: 202100010011789. Objeto: O acr\u00e9scimo ao contrato de loca\u00e7\u00e3o de mais uma \u00e1rea de 203,25 m\u00b2, sendo 78 m\u00b2 da Loja B (T\u00e9rreo, Mezaninos 1, 2 e 3) e 125,25 m\u00b2 do 1\u00ba Andar, no edif\u00edcio onde est\u00e3o localizadas a Superintend\u00eancia de Vigil\u00e2ncia em Sa\u00fade-SUVISA\/SUBVAIS e a Superintend\u00eancia de Pol\u00edticas e Aten\u00e7\u00e3o Integral \u00e0 [&hellip;]<\/p>\n","protected":false},"author":164,"featured_media":0,"comment_status":"closed","ping_status":"open","sticky":false,"template":"","format":"standard","meta":{"footnotes":""},"categories":[266],"tags":[],"class_list":["post-83564","post","type-post","status-publish","format-standard","hentry","category-contratos-e-termos-aditivos-2024"],"rttpg_featured_image_url":null,"rttpg_author":{"display_name":"isabelamelo","author_link":"https:\/\/goias.gov.br\/saude\/author\/isabelamelo\/"},"rttpg_comment":0,"rttpg_category":"<a href=\"https:\/\/goias.gov.br\/saude\/categoria\/prestacao-de-contas\/licitacoes\/contratos-e-termos-aditivos-2024\/\" rel=\"category tag\">Contratos e Termos Aditivos 2024<\/a>","rttpg_excerpt":"Processo n\u00ba: 202100010011789. Objeto: O acr\u00e9scimo ao contrato de loca\u00e7\u00e3o de mais uma \u00e1rea de 203,25 m\u00b2, sendo 78 m\u00b2 da Loja B (T\u00e9rreo, Mezaninos 1, 2 e 3) e 125,25 m\u00b2 do 1\u00ba Andar, no edif\u00edcio onde est\u00e3o localizadas a Superintend\u00eancia de Vigil\u00e2ncia em Sa\u00fade-SUVISA\/SUBVAIS e a Superintend\u00eancia de Pol\u00edticas e Aten\u00e7\u00e3o Integral \u00e0&hellip;","_links":{"self":[{"href":"https:\/\/goias.gov.br\/saude\/wp-json\/wp\/v2\/posts\/83564","targetHints":{"allow":["GET"]}}],"collection":[{"href":"https:\/\/goias.gov.br\/saude\/wp-json\/wp\/v2\/posts"}],"about":[{"href":"https:\/\/goias.gov.br\/saude\/wp-json\/wp\/v2\/types\/post"}],"author":[{"embeddable":true,"href":"https:\/\/goias.gov.br\/saude\/wp-json\/wp\/v2\/users\/164"}],"replies":[{"embeddable":true,"href":"https:\/\/goias.gov.br\/saude\/wp-json\/wp\/v2\/comments?post=83564"}],"version-history":[{"count":1,"href":"https:\/\/goias.gov.br\/saude\/wp-json\/wp\/v2\/posts\/83564\/revisions"}],"predecessor-version":[{"id":83578,"href":"https:\/\/goias.gov.br\/saude\/wp-json\/wp\/v2\/posts\/83564\/revisions\/83578"}],"wp:attachment":[{"href":"https:\/\/goias.gov.br\/saude\/wp-json\/wp\/v2\/media?parent=83564"}],"wp:term":[{"taxonomy":"category","embeddable":true,"href":"https:\/\/goias.gov.br\/saude\/wp-json\/wp\/v2\/categories?post=83564"},{"taxonomy":"post_tag","embeddable":true,"href":"https:\/\/goias.gov.br\/saude\/wp-json\/wp\/v2\/tags?post=83564"}],"curies":[{"name":"wp","href":"https:\/\/api.w.org\/{rel}","templated":true}]}}