

{"id":83252,"date":"2024-08-06T17:45:38","date_gmt":"2024-08-06T20:45:38","guid":{"rendered":"https:\/\/goias.gov.br\/saude\/?p=83252"},"modified":"2024-08-07T12:57:54","modified_gmt":"2024-08-07T15:57:54","slug":"heana-comemora-19-anos-com-atendimentos-e-servicos-de-excelencia","status":"publish","type":"post","link":"https:\/\/goias.gov.br\/saude\/heana-comemora-19-anos-com-atendimentos-e-servicos-de-excelencia\/","title":{"rendered":"Heana comemora 19 anos com atendimentos e servi\u00e7os de excel\u00eancia"},"content":{"rendered":"\n<p class=\"has-text-align-center\"><strong>Unidade do Governo de Goi\u00e1s no munic\u00edpio de An\u00e1polis oferece assist\u00eancia m\u00e9dica e hospitalar de urg\u00eancia e emerg\u00eancia, atendendo pacientes diariamente pelo Sistema \u00danico de Sa\u00fade<\/strong><\/p>\n\n\n\n<figure class=\"wp-block-image size-large\"><img fetchpriority=\"high\" decoding=\"async\" width=\"1024\" height=\"768\" src=\"https:\/\/goias.gov.br\/saude\/wp-content\/uploads\/sites\/34\/2024\/08\/Imagem-1-4-1024x768.jpg\" alt=\"\" class=\"wp-image-83254\" srcset=\"https:\/\/goias.gov.br\/saude\/wp-content\/uploads\/sites\/34\/2024\/08\/Imagem-1-4-1024x768.jpg 1024w, https:\/\/goias.gov.br\/saude\/wp-content\/uploads\/sites\/34\/2024\/08\/Imagem-1-4-300x225.jpg 300w, https:\/\/goias.gov.br\/saude\/wp-content\/uploads\/sites\/34\/2024\/08\/Imagem-1-4-768x576.jpg 768w, https:\/\/goias.gov.br\/saude\/wp-content\/uploads\/sites\/34\/2024\/08\/Imagem-1-4-1536x1152.jpg 1536w, https:\/\/goias.gov.br\/saude\/wp-content\/uploads\/sites\/34\/2024\/08\/Imagem-1-4-2048x1536.jpg 2048w, https:\/\/goias.gov.br\/saude\/wp-content\/uploads\/sites\/34\/2024\/08\/Imagem-1-4-600x450.jpg 600w\" sizes=\"(max-width: 1024px) 100vw, 1024px\" \/><figcaption class=\"wp-element-caption\"><em>Heana investe na amplia\u00e7\u00e3o do acesso \u00e0 sa\u00fade com mais leitos de enfermaria e de UTI<\/em><\/figcaption><\/figure>\n\n\n\n<p>O Hospital Estadual de An\u00e1polis Dr. Henrique Santillo (Heana) celebrou, na segunda-feira (5\/8), 19 anos de dedica\u00e7\u00e3o \u00e0 sa\u00fade p\u00fablica, desde sua inaugura\u00e7\u00e3o, em 2005. Desde novembro de 2019, a unidade \u00e9 gerida pela Funda\u00e7\u00e3o Universit\u00e1ria Evang\u00e9lica (Funev), que tem promovido avan\u00e7os significativos, consolidando a unidade do Governo de Goi\u00e1s como pilar essencial no sistema de sa\u00fade do Estado.<\/p>\n\n\n\n<p>Com infraestrutura moderna, o hospital oferece assist\u00eancia m\u00e9dica e hospitalar de urg\u00eancia e emerg\u00eancia, atendendo pacientes diariamente pelo Sistema \u00danico de Sa\u00fade (SUS). A unidade disp\u00f5e de 132 leitos, 51 deles destinados a Unidades de Terapia Intensiva (UTI), 81 a enfermarias, mais 26 pontos de atendimento no pronto-socorro e 5 leitos dia.<\/p>\n\n\n\n<p>A unidade conta ainda com um completo servi\u00e7o de apoio a assist\u00eancia, como os servi\u00e7os de diagn\u00f3stico \u2013 radiografia, tomografia computadorizada, doppler, ultrassonografia, eletrocardiograma, ecodoppler e diversos tipos de exames laboratoriais. As especialidades abrangem \u00e1reas como cirurgia geral, neurocirurgia, ortopedia, cirurgia vascular, bucomaxilofacial, radiologia e anestesiologia, garantindo um atendimento diversificado e de alta qualidade.<\/p>\n\n\n\n<p>Nos \u00faltimos quatro anos, o hospital investiu na amplia\u00e7\u00e3o do acesso \u00e0 sa\u00fade, primordialmente de leitos, passando de 62 para 81 leitos de enfermaria e de 18 para 51 leitos de UTI, mas tamb\u00e9m de servi\u00e7os e especialidades, como a abertura de procedimentos eletivos, nas \u00e1reas de cirurgia geral, urologia, ortopedia, buco maxilo.<\/p>\n\n\n\n<p><strong>Desospitaliza\u00e7\u00e3o<\/strong><br>Tamb\u00e9m o Servi\u00e7o de Aten\u00e7\u00e3o Domiciliar (SAD), que auxilia na desospitaliza\u00e7\u00e3o, dando maior conforto e otimizando o tratamento do paciente em domic\u00edlio e os servi\u00e7os de bi\u00f3psias guiadas por tomografia e ultrassonografia. Essa expans\u00e3o \u00e9 uma resposta ao aumento da demanda na Macrorregi\u00e3o Centro-Norte de Goi\u00e1s, que engloba mais de 60 munic\u00edpios e uma popula\u00e7\u00e3o de 1,1 milh\u00e3o de habitantes.<\/p>\n\n\n\n<p>O Heana se prepara para iniciar a realiza\u00e7\u00e3o de colangiopancretografia (CPRE), realiza\u00e7\u00e3o de clipagem de aneurisma cerebral, inclu\u00eddo exame de arteriografia cerebral, e tamb\u00e9m para implantar a linha de cuidado de AVC, o que representa um marco hist\u00f3rico na trajet\u00f3ria do Heana e de An\u00e1polis.<\/p>\n\n\n\n<p>&#8220;Esses avan\u00e7os s\u00e3o fruto de um trabalho cont\u00ednuo e dedicado para melhorar a qualidade dos servi\u00e7os prestados \u00e0 popula\u00e7\u00e3o&#8221;, afirma Jo\u00e3o Pedro dos Santos Pereira, diretor executivo da Funev. \u201cA amplia\u00e7\u00e3o dos leitos e a introdu\u00e7\u00e3o de novos servi\u00e7os demonstram nosso compromisso em atender \u00e0s necessidades crescentes da regi\u00e3o, que tem sido um dos nossos principais objetivos\u201d, completa.<\/p>\n\n\n\n<p>Todo o servi\u00e7o prestado trouxe reconhecimento \u00e0 unidade. Entre as conquistas, destaca-se a obten\u00e7\u00e3o da certifica\u00e7\u00e3o de Acreditado Pleno N\u00edvel 2, pela Organiza\u00e7\u00e3o Nacional de Acredita\u00e7\u00e3o (ONA), um reconhecimento do compromisso cont\u00ednuo com a infraestrutura, qualidade e seguran\u00e7a dos servi\u00e7os oferecidos aos pacientes. Estrutura deu ao Heana o reconhecimento pela Ag\u00eancia Nacional de Vigil\u00e2ncia Sanit\u00e1ria (Anvisa) por sua alta conformidade em seguran\u00e7a do paciente, refor\u00e7ando seu compromisso com as boas pr\u00e1ticas hospitalares.<\/p>\n\n\n\n<p><strong>Informatiza\u00e7\u00e3o<\/strong><br>Em busca do aprimoramento dos processos da unidade por meio de informatiza\u00e7\u00e3o, o Heana consolidou o prontu\u00e1rio eletr\u00f4nico, com implanta\u00e7\u00e3o do software de gest\u00e3o estrat\u00e9gica, software de gest\u00e3o para gerenciamento de equipamentos m\u00e9dico-hospitalares e ativos de infraestrutura, bem como outras solu\u00e7\u00f5es, que deram maior agilidade, controle e seguran\u00e7a dos processos.<\/p>\n\n\n\n<p>A unidade participou de projetos como Lean nas Emerg\u00eancias \u2013 para redu\u00e7\u00e3o das superlota\u00e7\u00f5es hospitalares; Sa\u00fade em nossas M\u00e3os \u2013 para redu\u00e7\u00e3o de infec\u00e7\u00f5es relacionadas \u00e0 assist\u00eancia \u00e0 sa\u00fade em UTIs, no qual foi destaque nacional; e promoveu o fortalecimento e consolida\u00e7\u00e3o da Comiss\u00e3o Intra-hospitalar de Doa\u00e7\u00e3o de \u00d3rg\u00e3os e Tecidos para Transplantes (OPO\/Cihdott), al\u00e9m de ter fortalecido a\u00e7\u00f5es de acessibilidade e inclus\u00e3o.<\/p>\n\n\n\n<p>Para o futuro, seguindo rigoroso plano de sustentabilidade, o Heana conta com um projeto de amplia\u00e7\u00e3o tecnol\u00f3gica em conson\u00e2ncia com o planejamento estrat\u00e9gico. O plano visa diminuir materiais reciclados e disponibilizar para as \u00e1reas assist\u00eancias recursos que buscam otimizar e informatizar os procedimentos, para garantir um atendimento mais seguro ao usu\u00e1rio.<\/p>\n\n\n\n<p>Os planos incluem, ainda, a aquisi\u00e7\u00e3o de um novo aparelho de tom\u00f3grafo, reforma das UTIs, amplia\u00e7\u00e3o das enfermarias, moderniza\u00e7\u00e3o do pronto-socorro e adequa\u00e7\u00e3o de \u00e1reas para os colaboradores, visando aprimorar ainda mais os servi\u00e7os prestados \u00e0 popula\u00e7\u00e3o, bem como acolher com maiores dilig\u00eancias os colaboradores da institui\u00e7\u00e3o.<\/p>\n\n\n\n<p>Nesse 5 de agosto, Dia Nacional da Sa\u00fade, al\u00e9m de celebrar seu anivers\u00e1rio, o Heana homenageia mais de mil colaboradores que, com seu trabalho dedicado, tornam poss\u00edvel o atendimento de excel\u00eancia oferecido.<\/p>\n\n\n\n<p>G. Souza (texto) e Rainan Pires (foto)\/Funev<\/p>\n","protected":false},"excerpt":{"rendered":"<p>Unidade do Governo de Goi\u00e1s no munic\u00edpio de An\u00e1polis oferece assist\u00eancia m\u00e9dica e hospitalar de urg\u00eancia e emerg\u00eancia, atendendo pacientes diariamente pelo Sistema \u00danico de Sa\u00fade O Hospital Estadual de An\u00e1polis Dr. Henrique Santillo (Heana) celebrou, na segunda-feira (5\/8), 19 anos de dedica\u00e7\u00e3o \u00e0 sa\u00fade p\u00fablica, desde sua inaugura\u00e7\u00e3o, em 2005. Desde novembro de 2019, [&hellip;]<\/p>\n","protected":false},"author":166,"featured_media":83254,"comment_status":"closed","ping_status":"open","sticky":false,"template":"","format":"standard","meta":{"footnotes":""},"categories":[3],"tags":[],"class_list":["post-83252","post","type-post","status-publish","format-standard","has-post-thumbnail","hentry","category-noticias"],"rttpg_featured_image_url":{"full":["https:\/\/goias.gov.br\/saude\/wp-content\/uploads\/sites\/34\/2024\/08\/Imagem-1-4-scaled.jpg",2560,1920,false],"landscape":["https:\/\/goias.gov.br\/saude\/wp-content\/uploads\/sites\/34\/2024\/08\/Imagem-1-4-scaled.jpg",2560,1920,false],"portraits":["https:\/\/goias.gov.br\/saude\/wp-content\/uploads\/sites\/34\/2024\/08\/Imagem-1-4-scaled.jpg",2560,1920,false],"thumbnail":["https:\/\/goias.gov.br\/saude\/wp-content\/uploads\/sites\/34\/2024\/08\/Imagem-1-4-150x150.jpg",150,150,true],"medium":["https:\/\/goias.gov.br\/saude\/wp-content\/uploads\/sites\/34\/2024\/08\/Imagem-1-4-300x225.jpg",300,225,true],"large":["https:\/\/goias.gov.br\/saude\/wp-content\/uploads\/sites\/34\/2024\/08\/Imagem-1-4-1024x768.jpg",1024,768,true],"1536x1536":["https:\/\/goias.gov.br\/saude\/wp-content\/uploads\/sites\/34\/2024\/08\/Imagem-1-4-1536x1152.jpg",1536,1152,true],"2048x2048":["https:\/\/goias.gov.br\/saude\/wp-content\/uploads\/sites\/34\/2024\/08\/Imagem-1-4-2048x1536.jpg",2048,1536,true]},"rttpg_author":{"display_name":"josegomes","author_link":"https:\/\/goias.gov.br\/saude\/author\/josegomes\/"},"rttpg_comment":0,"rttpg_category":"<a href=\"https:\/\/goias.gov.br\/saude\/categoria\/noticias\/\" rel=\"category tag\">Not\u00edcias<\/a>","rttpg_excerpt":"Unidade do Governo de Goi\u00e1s no munic\u00edpio de An\u00e1polis oferece assist\u00eancia m\u00e9dica e hospitalar de urg\u00eancia e emerg\u00eancia, atendendo pacientes diariamente pelo Sistema \u00danico de Sa\u00fade O Hospital Estadual de An\u00e1polis Dr. Henrique Santillo (Heana) celebrou, na segunda-feira (5\/8), 19 anos de dedica\u00e7\u00e3o \u00e0 sa\u00fade p\u00fablica, desde sua inaugura\u00e7\u00e3o, em 2005. Desde novembro de 2019,&hellip;","_links":{"self":[{"href":"https:\/\/goias.gov.br\/saude\/wp-json\/wp\/v2\/posts\/83252","targetHints":{"allow":["GET"]}}],"collection":[{"href":"https:\/\/goias.gov.br\/saude\/wp-json\/wp\/v2\/posts"}],"about":[{"href":"https:\/\/goias.gov.br\/saude\/wp-json\/wp\/v2\/types\/post"}],"author":[{"embeddable":true,"href":"https:\/\/goias.gov.br\/saude\/wp-json\/wp\/v2\/users\/166"}],"replies":[{"embeddable":true,"href":"https:\/\/goias.gov.br\/saude\/wp-json\/wp\/v2\/comments?post=83252"}],"version-history":[{"count":2,"href":"https:\/\/goias.gov.br\/saude\/wp-json\/wp\/v2\/posts\/83252\/revisions"}],"predecessor-version":[{"id":83658,"href":"https:\/\/goias.gov.br\/saude\/wp-json\/wp\/v2\/posts\/83252\/revisions\/83658"}],"wp:featuredmedia":[{"embeddable":true,"href":"https:\/\/goias.gov.br\/saude\/wp-json\/wp\/v2\/media\/83254"}],"wp:attachment":[{"href":"https:\/\/goias.gov.br\/saude\/wp-json\/wp\/v2\/media?parent=83252"}],"wp:term":[{"taxonomy":"category","embeddable":true,"href":"https:\/\/goias.gov.br\/saude\/wp-json\/wp\/v2\/categories?post=83252"},{"taxonomy":"post_tag","embeddable":true,"href":"https:\/\/goias.gov.br\/saude\/wp-json\/wp\/v2\/tags?post=83252"}],"curies":[{"name":"wp","href":"https:\/\/api.w.org\/{rel}","templated":true}]}}