

{"id":829,"date":"2019-02-21T11:37:38","date_gmt":"2019-02-21T14:37:38","guid":{"rendered":"https:\/\/siteshom.goias.gov.br\/saude\/saude-conclui-formacao-de-172-residentes\/"},"modified":"2019-02-21T11:37:38","modified_gmt":"2019-02-21T14:37:38","slug":"saude-conclui-formacao-de-172-residentes","status":"publish","type":"post","link":"https:\/\/goias.gov.br\/saude\/saude-conclui-formacao-de-172-residentes\/","title":{"rendered":"Sa\u00fade conclui forma\u00e7\u00e3o de 172 residentes"},"content":{"rendered":"<p><p style=\"font-weight: 400;\"><em>Cerim\u00f4nia de conclus\u00e3o dos programas reuniu 115 residentes m\u00e9dicos e 57 de \u00e1reas profissionais da sa\u00fade, no audit\u00f3rio da SEST-SUS<\/em><\/p>\n<\/p>\n<p><p style=\"font-weight: 400;\">Um total de 115 m\u00e9dicos e 57 profissionais da sa\u00fade conclu\u00edram os Programas de Resid\u00eancia M\u00e9dica e \u00c1rea Profissional da Secretaria de Estado da Sa\u00fade (SES-GO), em cerim\u00f4nia realizada na manh\u00e3 desta quinta-feira, 21, no audit\u00f3rio da Superintend\u00eancia de Educa\u00e7\u00e3o em Sa\u00fade e Trabalho para o SUS (SEST-SUS).\u00a0Os programas s\u00e3o oferecidos\u00a0sob supervis\u00e3o e assessoria\u00a0da Escola Estadual de Sa\u00fade P\u00fablica C\u00e2ndido Santiago (ESAP), da SEST-SUS.<\/p>\n<\/p>\n<p><p style=\"font-weight: 400;\">\u201c\u00c9 uma satisfa\u00e7\u00e3o muito grande saber que essas resid\u00eancias acontecem nas nossas unidades. Esse \u00e9 um anseio muito grande de toda popula\u00e7\u00e3o, que o ensino e servi\u00e7o sejam voltados para o atendimento ao usu\u00e1rio\u201d, salientou a superintendente de Pol\u00edticas de Aten\u00e7\u00e3o Integral \u00e0 Sa\u00fade da SES-GO,\u00a0Evanilde Fernandes Costa Gomides, que representou o secret\u00e1rio Ismael Alexandrino no evento.<\/p>\n<\/p>\n<p><p style=\"font-weight: 400;\">Os hospitais p\u00fablicos da rede pr\u00f3pria do Estado s\u00e3o hoje um dos principais polos de forma\u00e7\u00e3o de m\u00e9dicos residentes e da forma\u00e7\u00e3o de profissionais da sa\u00fade. A SES-GO financia 119 bolsas para os m\u00e9dicos residentes, com investimento de R$ 376,6 mil por m\u00eas; outras\u00a0191 s\u00e3o pagas pelo Minist\u00e9rio da Sa\u00fade, no valor de\u00a0R$ 636,6 mil.\u00a0As bolsas multiprofissionais s\u00e3o pagas integralmente pelo Minist\u00e9rio da Sa\u00fade.<\/p>\n<\/p>\n<p><p style=\"font-weight: 400;\">Estiveram presentes na cerim\u00f4nia a coordenadora de P\u00f3s-Gradua\u00e7\u00e3o do Centro Universit\u00e1rio de An\u00e1polis \u2013 Unievang\u00e9lica,\u00a0Kelly<em>\u00a0<\/em>Alves Constante; o coordenador da Comiss\u00e3o de Resid\u00eancia em \u00c1rea Profissional da Sa\u00fade (Coremu), Aur\u00e9lio de Melo Barbosa; o coordenador da Assessoria Geral das Comiss\u00f5es de Resid\u00eancias M\u00e9dicas, Belchor Rosa Cala\u00e7a J\u00fanior; e Fabiana Santos Carvalho, gerente da Escola Estadual de Sa\u00fade P\u00fablica C\u00e2ndido Santiago.<\/p>\n<\/p>\n<p><p style=\"font-weight: 400;\"><strong>Hospitais<\/strong><\/p>\n<\/p>\n<p><p style=\"font-weight: 400;\">Os profissionais fizeram resid\u00eancia nos Hospitais Estadual de Urg\u00eancias de Goi\u00e2nia Dr. Valdemiro Cruz (HUGO), Estadual de Doen\u00e7as Tropicais Dr. Anuar Auad (HDT), Estadual Materno-Infantil Dr. Jurandir do Nascimento (HMI), Estadual Geral de Goi\u00e2nia Dr. Alberto Rassi (HGG), Estadual de Urg\u00eancias da Regi\u00e3o Noroeste de Goi\u00e2nia Governador Ot\u00e1vio Lage de Siqueira (HUGOL), Estadual de Urg\u00eancias de Aparecida de Goi\u00e2nia Caio Louzada (HUAPA) e no Centro Estadual de Reabilita\u00e7\u00e3o e Readapta\u00e7\u00e3o Dr. Henrique Santillo (CRER).<\/p>\n<\/p>\n<p><p style=\"font-weight: 400;\">As especializa\u00e7\u00f5es m\u00e9dicas s\u00e3o distribu\u00eddas em 30 diferentes \u00e1reas da medicina, visando \u00e0 qualifica\u00e7\u00e3o profissional para o posterior funcionamento do sistema de sa\u00fade com a m\u00e1xima qualidade. J\u00e1 as resid\u00eancias de \u00e1reas profissionais de sa\u00fade s\u00e3o realizadas em parceria t\u00e9cnica com a Unievang\u00e9lica e divididas em dez categorias profissionais \u2013 terapia ocupacional, odontologia, biomedicina, servi\u00e7o social, psicologia, nutri\u00e7\u00e3o, fonoaudiologia, fisioterapia, farm\u00e1cia e enfermagem.<\/p>\n<\/p>\n<p><p style=\"font-weight: 400;\"><em>Patr\u00edcia Almeida (texto), Karim Alexandre (fotos), da Comunica\u00e7\u00e3o Setorial<\/em><\/p>\n<\/p>\n<p>&nbsp;<\/p>\n<p><img fetchpriority=\"high\" decoding=\"async\" class=\"alignleft size-large wp-image-22913\" src=\"https:\/\/goias.gov.br\/saude\/wp-content\/uploads\/sites\/34\/images\/imagens_migradas\/2019\/02\/foto-residentes3-1024x709.jpg\" alt=\"\" width=\"1024\" height=\"709\" \/> <img decoding=\"async\" class=\"alignleft size-large wp-image-22914\" src=\"https:\/\/goias.gov.br\/saude\/wp-content\/uploads\/sites\/34\/images\/imagens_migradas\/2019\/02\/foto-residente-2-1024x679.jpg\" alt=\"\" width=\"1024\" height=\"679\" \/><\/p>\n<p>&nbsp;<\/p>\n","protected":false},"excerpt":{"rendered":"<p>Cerim\u00f4nia de conclus\u00e3o dos programas reuniu 115 residentes m\u00e9dicos e 57 de \u00e1reas profissionais da sa\u00fade, no audit\u00f3rio da SEST-SUS Um total de 115 m\u00e9dicos e 57 profissionais da sa\u00fade conclu\u00edram os Programas de Resid\u00eancia M\u00e9dica e \u00c1rea Profissional da Secretaria de Estado da Sa\u00fade (SES-GO), em cerim\u00f4nia realizada na manh\u00e3 desta quinta-feira, 21, no [&hellip;]<\/p>\n","protected":false},"author":46,"featured_media":0,"comment_status":"closed","ping_status":"open","sticky":false,"template":"","format":"standard","meta":{"footnotes":""},"categories":[3],"tags":[],"class_list":["post-829","post","type-post","status-publish","format-standard","hentry","category-noticias"],"rttpg_featured_image_url":null,"rttpg_author":{"display_name":"cleybetsls","author_link":"https:\/\/goias.gov.br\/saude\/author\/cleybetsls\/"},"rttpg_comment":0,"rttpg_category":"<a href=\"https:\/\/goias.gov.br\/saude\/categoria\/noticias\/\" rel=\"category tag\">Not\u00edcias<\/a>","rttpg_excerpt":"Cerim\u00f4nia de conclus\u00e3o dos programas reuniu 115 residentes m\u00e9dicos e 57 de \u00e1reas profissionais da sa\u00fade, no audit\u00f3rio da SEST-SUS Um total de 115 m\u00e9dicos e 57 profissionais da sa\u00fade conclu\u00edram os Programas de Resid\u00eancia M\u00e9dica e \u00c1rea Profissional da Secretaria de Estado da Sa\u00fade (SES-GO), em cerim\u00f4nia realizada na manh\u00e3 desta quinta-feira, 21, no&hellip;","_links":{"self":[{"href":"https:\/\/goias.gov.br\/saude\/wp-json\/wp\/v2\/posts\/829","targetHints":{"allow":["GET"]}}],"collection":[{"href":"https:\/\/goias.gov.br\/saude\/wp-json\/wp\/v2\/posts"}],"about":[{"href":"https:\/\/goias.gov.br\/saude\/wp-json\/wp\/v2\/types\/post"}],"author":[{"embeddable":true,"href":"https:\/\/goias.gov.br\/saude\/wp-json\/wp\/v2\/users\/46"}],"replies":[{"embeddable":true,"href":"https:\/\/goias.gov.br\/saude\/wp-json\/wp\/v2\/comments?post=829"}],"version-history":[{"count":0,"href":"https:\/\/goias.gov.br\/saude\/wp-json\/wp\/v2\/posts\/829\/revisions"}],"wp:attachment":[{"href":"https:\/\/goias.gov.br\/saude\/wp-json\/wp\/v2\/media?parent=829"}],"wp:term":[{"taxonomy":"category","embeddable":true,"href":"https:\/\/goias.gov.br\/saude\/wp-json\/wp\/v2\/categories?post=829"},{"taxonomy":"post_tag","embeddable":true,"href":"https:\/\/goias.gov.br\/saude\/wp-json\/wp\/v2\/tags?post=829"}],"curies":[{"name":"wp","href":"https:\/\/api.w.org\/{rel}","templated":true}]}}