{"id":80924,"date":"2024-08-01T09:53:02","date_gmt":"2024-08-01T12:53:02","guid":{"rendered":"https:\/\/goias.gov.br\/saude\/?p=80924"},"modified":"2024-08-01T09:53:02","modified_gmt":"2024-08-01T12:53:02","slug":"extrato-do-1o-termo-aditivo-ao-contrato-de-gestao-n-o-94-2023-ses-go-funev-heslmb","status":"publish","type":"post","link":"https:\/\/goias.gov.br\/saude\/extrato-do-1o-termo-aditivo-ao-contrato-de-gestao-n-o-94-2023-ses-go-funev-heslmb\/","title":{"rendered":"Extrato do 1\u00ba Termo Aditivo ao Contrato de Gest\u00e3o n.\u00ba 94\/2023 &#8211; SES\/GO (FUNEV \/ HESLMB)"},"content":{"rendered":"\n<p class=\"wp-block-paragraph\">EXTRATO DO 1\u00ba TERMO ADITIVO AO CONTRATO DE GEST\u00c3O N\u00ba 94\/2023-SES\/GO (FUNEV \/ HESLMB). Processo n\u00ba: 202300010063737. Parceiro P\u00fablico: Estado de Goi\u00e1s \u2013 Secretaria de Estado da Sa\u00fade. Parceiro Privado: Funda\u00e7\u00e3o Universit\u00e1ria Evang\u00e9lica &#8211; FUNEV. Objeto: Constitui objeto do presente termo aditivo a prorroga\u00e7\u00e3o da vig\u00eancia do Contrato de Gest\u00e3o n\u00ba 94\/2023-SES\/GO, por mais 6 (seis) meses, com in\u00edcio em 07 de maio de 2024 e t\u00e9rmino em 07 de novembro de 2024, ou at\u00e9 a conclus\u00e3o do chamamento p\u00fablico, o que ocorrer primeiro. Valor do Aditivo: R$ 22.129.807,62. Dota\u00e7\u00e3o Or\u00e7ament\u00e1ria: 2850.10.302.1043.2516.03.16000232.50 e 2850.10.302.1043.2516.03.25000100.50 Vig\u00eancia: 07\/05\/2024 a 07\/11\/2024. Signat\u00e1rios: Ras\u00edvel dos Reis Santos J\u00fanior \u2013 Secret\u00e1rio de Estado da Sa\u00fade. Jo\u00e3o Pedro dos Santos Pereira \u2013 FUNEV.<\/p>\n","protected":false},"excerpt":{"rendered":"<p>EXTRATO DO 1\u00ba TERMO ADITIVO AO CONTRATO DE GEST\u00c3O N\u00ba 94\/2023-SES\/GO (FUNEV \/ HESLMB). Processo n\u00ba: 202300010063737. Parceiro P\u00fablico: Estado de Goi\u00e1s \u2013 Secretaria de Estado da Sa\u00fade. Parceiro Privado: Funda\u00e7\u00e3o Universit\u00e1ria Evang\u00e9lica &#8211; FUNEV. Objeto: Constitui objeto do presente termo aditivo a prorroga\u00e7\u00e3o da vig\u00eancia do Contrato de Gest\u00e3o n\u00ba 94\/2023-SES\/GO, por mais 6 [&hellip;]<\/p>\n","protected":false},"author":165,"featured_media":0,"comment_status":"closed","ping_status":"open","sticky":false,"template":"","format":"standard","meta":{"footnotes":""},"categories":[266],"tags":[],"class_list":["post-80924","post","type-post","status-publish","format-standard","hentry","category-contratos-e-termos-aditivos-2024"],"rttpg_featured_image_url":null,"rttpg_author":{"display_name":"ricardocruz","author_link":"https:\/\/goias.gov.br\/saude\/author\/ricardocruz\/"},"rttpg_comment":0,"rttpg_category":"<a href=\"https:\/\/goias.gov.br\/saude\/categoria\/prestacao-de-contas\/licitacoes\/contratos-e-termos-aditivos-2024\/\" rel=\"category tag\">Contratos e Termos Aditivos 2024<\/a>","rttpg_excerpt":"EXTRATO DO 1\u00ba TERMO ADITIVO AO CONTRATO DE GEST\u00c3O N\u00ba 94\/2023-SES\/GO (FUNEV \/ HESLMB). Processo n\u00ba: 202300010063737. Parceiro P\u00fablico: Estado de Goi\u00e1s \u2013 Secretaria de Estado da Sa\u00fade. Parceiro Privado: Funda\u00e7\u00e3o Universit\u00e1ria Evang\u00e9lica &#8211; FUNEV. Objeto: Constitui objeto do presente termo aditivo a prorroga\u00e7\u00e3o da vig\u00eancia do Contrato de Gest\u00e3o n\u00ba 94\/2023-SES\/GO, por mais 6&hellip;","_links":{"self":[{"href":"https:\/\/goias.gov.br\/saude\/wp-json\/wp\/v2\/posts\/80924","targetHints":{"allow":["GET"]}}],"collection":[{"href":"https:\/\/goias.gov.br\/saude\/wp-json\/wp\/v2\/posts"}],"about":[{"href":"https:\/\/goias.gov.br\/saude\/wp-json\/wp\/v2\/types\/post"}],"author":[{"embeddable":true,"href":"https:\/\/goias.gov.br\/saude\/wp-json\/wp\/v2\/users\/165"}],"replies":[{"embeddable":true,"href":"https:\/\/goias.gov.br\/saude\/wp-json\/wp\/v2\/comments?post=80924"}],"version-history":[{"count":1,"href":"https:\/\/goias.gov.br\/saude\/wp-json\/wp\/v2\/posts\/80924\/revisions"}],"predecessor-version":[{"id":80942,"href":"https:\/\/goias.gov.br\/saude\/wp-json\/wp\/v2\/posts\/80924\/revisions\/80942"}],"wp:attachment":[{"href":"https:\/\/goias.gov.br\/saude\/wp-json\/wp\/v2\/media?parent=80924"}],"wp:term":[{"taxonomy":"category","embeddable":true,"href":"https:\/\/goias.gov.br\/saude\/wp-json\/wp\/v2\/categories?post=80924"},{"taxonomy":"post_tag","embeddable":true,"href":"https:\/\/goias.gov.br\/saude\/wp-json\/wp\/v2\/tags?post=80924"}],"curies":[{"name":"wp","href":"https:\/\/api.w.org\/{rel}","templated":true}]}}