

{"id":802,"date":"2019-02-27T13:47:04","date_gmt":"2019-02-27T16:47:04","guid":{"rendered":"https:\/\/siteshom.goias.gov.br\/saude\/ses-go-orienta-municipios-sobre-surto-de-sarampo-em-navio\/"},"modified":"2019-02-27T13:47:04","modified_gmt":"2019-02-27T16:47:04","slug":"ses-go-orienta-municipios-sobre-surto-de-sarampo-em-navio","status":"publish","type":"post","link":"https:\/\/goias.gov.br\/saude\/ses-go-orienta-municipios-sobre-surto-de-sarampo-em-navio\/","title":{"rendered":"SES-GO orienta munic\u00edpios sobre surto de sarampo em navio"},"content":{"rendered":"<p><p dir=\"ltr\"><em>Alerta \u00e9 que passageiros que estiveram a bordo e apresentem sintomas procurem uma unidade de sa\u00fade<\/em><\/p>\n<\/p>\n<p><p dir=\"ltr\">A Secretaria de Estado da Sa\u00fade de Goi\u00e1s (SES-GO) emitiu um alerta aos munic\u00edpios goianos sobre o surto de sarampo no navio de cruzeiro MSC Seaview, que come\u00e7ou a viagem em 16 de janeiro e a finalizar\u00e1 no dia 2 de mar\u00e7o. A orienta\u00e7\u00e3o \u00e9 que pessoas que estiveram a bordo e apresentem sintomas como febre alta, manchas vermelhas na pele, tosse, coriza e conjuntivite, em at\u00e9 18 dias ap\u00f3s o desembarque, procurem imediatamente uma unidade de sa\u00fade. \u00c9 importante que os passageiros apresentem a caderneta de vacina\u00e7\u00e3o para avalia\u00e7\u00e3o dos profissionais de sa\u00fade.<\/p>\n<\/p>\n<p><p dir=\"ltr\">A vacina\u00e7\u00e3o \u00e9 a forma de preven\u00e7\u00e3o mais eficaz contra o sarampo e deve ser realizada conforme as indica\u00e7\u00f5es do Programa Nacional de Imuniza\u00e7\u00f5es, do Minist\u00e9rio da Sa\u00fade (MS).\u00a0 Al\u00e9m de manter a caderneta de vacina\u00e7\u00e3o sempre atualizada, a gerente de Vigil\u00e2ncia Epidemiol\u00f3gica da SES-GO, Magna Carvalho, orienta que \u201ca popula\u00e7\u00e3o em geral intensifique as medidas de preven\u00e7\u00e3o e controle da doen\u00e7a\u201d. As estrat\u00e9gias incluem evitar contato com pessoas possivelmente doentes e adotar medidas de etiqueta respirat\u00f3ria, como colocar a m\u00e3o na frente da boca quando tossir ou espirrar e lavar as m\u00e3os regularmente\u201d.<\/p>\n<\/p>\n<p><p dir=\"ltr\">De acordo com o Calend\u00e1rio do MS, pessoas com idade a partir dos 12 meses at\u00e9 29 anos de idade devem tomar duas doses de vacina com componente sarampo (tr\u00edplice viral e\/ou tetraviral). Para quem tem de 30 a 49 anos de idade, o recomendado \u00e9 uma dose da vacina tr\u00edplice viral, conforme a situa\u00e7\u00e3o vacinal encontrada. As doses s\u00e3o gratuitas e est\u00e3o dispon\u00edveis em salas de vacina\u00e7\u00e3o espalhadas por todas as regi\u00f5es de Goi\u00e1s.<\/p>\n<\/p>\n<p><p dir=\"ltr\"><strong>Situa\u00e7\u00e3o<\/strong><\/p>\n<\/p>\n<p><p dir=\"ltr\">Em Goi\u00e1s, os \u00faltimos casos registrados de sarampo foram em 1999 e o \u00faltimo \u00f3bito confirmado pela doen\u00e7a ocorreu em 1991. No ano passado, foram notificados 87 casos suspeitos e todos foram descartados. No Brasil, de janeiro de 2018 a janeiro de 2019, foram confirmados 10.302 casos da doen\u00e7a em 10 Estados (Amazonas, Roraima, Par\u00e1, Rio Grande do Sul, Rio de Janeiro, Pernambuco, Sergipe, S\u00e3o Paulo, Bahia, Rond\u00f4nia) e no Distrito Federal.<\/p>\n<\/p>\n<p><p dir=\"ltr\"><strong>A doen\u00e7a<\/strong><\/p>\n<\/p>\n<p><p dir=\"ltr\">O sarampo \u00e9 uma doen\u00e7a infecciosa exantem\u00e1tica aguda, transmiss\u00edvel e extremamente contagiosa, podendo evoluir com complica\u00e7\u00f5es e \u00f3bitos, particularmente em crian\u00e7as desnutridas e menores de 1 ano de idade. A transmiss\u00e3o ocorre de pessoa a pessoa, por meio de secre\u00e7\u00f5es respirat\u00f3rias. Os sintomas s\u00e3o febre alta, manchas vermelhas generalizadas, tosse, coriza, conjuntivite e pequenos pontos brancos na mucosa bucal.<\/p>\n<\/p>\n<p>Pedro Ferreira, da Comunica\u00e7\u00e3o Setorial<\/p>\n<p><b>Foto: <\/b>Divulga\u00e7\u00e3o<\/p>\n","protected":false},"excerpt":{"rendered":"<p>Alerta \u00e9 que passageiros que estiveram a bordo e apresentem sintomas procurem uma unidade de sa\u00fade A Secretaria de Estado da Sa\u00fade de Goi\u00e1s (SES-GO) emitiu um alerta aos munic\u00edpios goianos sobre o surto de sarampo no navio de cruzeiro MSC Seaview, que come\u00e7ou a viagem em 16 de janeiro e a finalizar\u00e1 no dia [&hellip;]<\/p>\n","protected":false},"author":46,"featured_media":0,"comment_status":"closed","ping_status":"open","sticky":false,"template":"","format":"standard","meta":{"footnotes":""},"categories":[3],"tags":[],"class_list":["post-802","post","type-post","status-publish","format-standard","hentry","category-noticias"],"rttpg_featured_image_url":null,"rttpg_author":{"display_name":"cleybetsls","author_link":"https:\/\/goias.gov.br\/saude\/author\/cleybetsls\/"},"rttpg_comment":0,"rttpg_category":"<a href=\"https:\/\/goias.gov.br\/saude\/categoria\/noticias\/\" rel=\"category tag\">Not\u00edcias<\/a>","rttpg_excerpt":"Alerta \u00e9 que passageiros que estiveram a bordo e apresentem sintomas procurem uma unidade de sa\u00fade A Secretaria de Estado da Sa\u00fade de Goi\u00e1s (SES-GO) emitiu um alerta aos munic\u00edpios goianos sobre o surto de sarampo no navio de cruzeiro MSC Seaview, que come\u00e7ou a viagem em 16 de janeiro e a finalizar\u00e1 no dia&hellip;","_links":{"self":[{"href":"https:\/\/goias.gov.br\/saude\/wp-json\/wp\/v2\/posts\/802","targetHints":{"allow":["GET"]}}],"collection":[{"href":"https:\/\/goias.gov.br\/saude\/wp-json\/wp\/v2\/posts"}],"about":[{"href":"https:\/\/goias.gov.br\/saude\/wp-json\/wp\/v2\/types\/post"}],"author":[{"embeddable":true,"href":"https:\/\/goias.gov.br\/saude\/wp-json\/wp\/v2\/users\/46"}],"replies":[{"embeddable":true,"href":"https:\/\/goias.gov.br\/saude\/wp-json\/wp\/v2\/comments?post=802"}],"version-history":[{"count":0,"href":"https:\/\/goias.gov.br\/saude\/wp-json\/wp\/v2\/posts\/802\/revisions"}],"wp:attachment":[{"href":"https:\/\/goias.gov.br\/saude\/wp-json\/wp\/v2\/media?parent=802"}],"wp:term":[{"taxonomy":"category","embeddable":true,"href":"https:\/\/goias.gov.br\/saude\/wp-json\/wp\/v2\/categories?post=802"},{"taxonomy":"post_tag","embeddable":true,"href":"https:\/\/goias.gov.br\/saude\/wp-json\/wp\/v2\/tags?post=802"}],"curies":[{"name":"wp","href":"https:\/\/api.w.org\/{rel}","templated":true}]}}