

{"id":7955,"date":"2019-04-30T13:04:32","date_gmt":"2019-04-30T16:04:32","guid":{"rendered":"https:\/\/siteshom.goias.gov.br\/saude\/outras-edicoes-do-de-olho-na-pesquisa\/"},"modified":"2024-02-20T14:48:06","modified_gmt":"2024-02-20T17:48:06","slug":"outras-edicoes-do-de-olho-na-pesquisa","status":"publish","type":"post","link":"https:\/\/goias.gov.br\/saude\/outras-edicoes-do-de-olho-na-pesquisa\/","title":{"rendered":"Outras Edi\u00e7\u00f5es do De Olho na Pesquisa"},"content":{"rendered":"<p>Acompanhe os Trabalhos cient\u00edficos feitos nas unidades da Secretaria de Estado de Sa\u00fade.<br \/>\nPublique sua pesquisa!<br \/>\nEntre em contato: olhonapesquisa@gmail.com\u200b<\/p>\n<p><span style=\"font-size: large;\"><strong><span style=\"color: #000000;\"><span style=\"font-family: Calibri, Arial, Helvetica, sans-serif;\"><span style=\"font-size: medium;\">PROTOCOLO DE TERAPIA NUTRICIONAL DO PACIENTE CR\u00cdTICO COM COVID-19<\/span><\/span><\/span><\/strong><\/span><\/p>\n<ul class=\"thumbnails\" style=\"display: flex; flex-wrap: wrap;\">\n<li class=\"col-12 col-md-6 col-lg-3\" style=\"margin-left: 0%;\">\n<div class=\"nopaddingall\" style=\"height: 0%;\">\n<div class=\"caption\">\n<figure class=\"image\"><img fetchpriority=\"high\" decoding=\"async\" width=\"603\" height=\"613\" id=\"\" class=\" size-full wp-image-7869\" style=\"height: 100%; width: 100%; margin-right: 0px; margin-left: 0px;\" title=\"Kemil Rocha Sousa\" src=\"https:\/\/goias.gov.br\/saude\/wp-content\/uploads\/sites\/34\/2019\/04\/Amelia-foto-6e4.jpeg\" alt=\"\" data-image-widget-flowlayout=\"1\" data-image-width=\"100%\" srcset=\"https:\/\/goias.gov.br\/saude\/wp-content\/uploads\/sites\/34\/2019\/04\/Amelia-foto-6e4.jpeg 603w, https:\/\/goias.gov.br\/saude\/wp-content\/uploads\/sites\/34\/2019\/04\/Amelia-foto-6e4-295x300.jpeg 295w\" sizes=\"(max-width: 603px) 100vw, 603px\" \/><figcaption class=\"text-center\">Am\u00e9lia Cristina Stival Duarte<\/figcaption><\/figure>\n<\/div>\n<\/div>\n<\/li>\n<li class=\"col-12 col-md-6 col-lg-3\" style=\"margin-left: 0;\">\n<div class=\"nopaddingall\" style=\"height: 0%;\">\n<div class=\"caption\">\n<p>Doutoranda em Nutri\u00e7\u00e3o e Sa\u00fade pela Universidade Federal de Goi\u00e1s. Mestre em Antropologia Social pela Universidade Federal de Goi\u00e1s com \u00eanfase na Antropologia da Alimenta\u00e7\u00e3o e da Sa\u00fade. Especialista em Nutri\u00e7\u00e3o Cl\u00ednica pela Universidade Gama Filho. Graduada em Nutri\u00e7\u00e3o pela Universidade Federal de Goi\u00e1s. Atualmente \u00e9 Coordenadora de Pesquisa da Superintend\u00eancia da Escola de Sa\u00fade de Goi\u00e1s.<\/p>\n<p class=\"normal nomarginall\" style=\"text-align: left;\">\n<\/div>\n<\/div>\n<\/li>\n<li class=\"col-12 col-md-6 col-lg-3\" style=\"margin-left: 0%;\">\n<div class=\"nopaddingall\" style=\"height: 0%;\">\n<div class=\"caption\">\n<figure class=\"image\"><img decoding=\"async\" width=\"1222\" height=\"1222\" id=\"\" class=\" size-full wp-image-7870\" style=\"height: 100%; width: 100%; margin-right: 0px; margin-left: 0px;\" title=\"\" src=\"https:\/\/goias.gov.br\/saude\/wp-content\/uploads\/sites\/34\/2019\/04\/Erika-foto-b26.jpeg\" alt=\"\" data-image-widget-flowlayout=\"1\" data-image-width=\"100%\" srcset=\"https:\/\/goias.gov.br\/saude\/wp-content\/uploads\/sites\/34\/2019\/04\/Erika-foto-b26.jpeg 1222w, https:\/\/goias.gov.br\/saude\/wp-content\/uploads\/sites\/34\/2019\/04\/Erika-foto-b26-300x300.jpeg 300w, https:\/\/goias.gov.br\/saude\/wp-content\/uploads\/sites\/34\/2019\/04\/Erika-foto-b26-1024x1024.jpeg 1024w, https:\/\/goias.gov.br\/saude\/wp-content\/uploads\/sites\/34\/2019\/04\/Erika-foto-b26-150x150.jpeg 150w, https:\/\/goias.gov.br\/saude\/wp-content\/uploads\/sites\/34\/2019\/04\/Erika-foto-b26-768x768.jpeg 768w\" sizes=\"(max-width: 1222px) 100vw, 1222px\" \/><figcaption class=\"text-center\">Erika Menezes Barbosa Costa<\/figcaption><\/figure>\n<\/div>\n<\/div>\n<\/li>\n<li class=\"col-12 col-md-6 col-lg-3\" style=\"margin-left: 0;\">\n<div class=\"nopaddingall\" style=\"height: 0%;\">\n<div class=\"caption\">\n<p>Erika Menezes Barbosa Costa: Nutricionista pela Universidade Federal de Goi\u00e1s (UFG), p\u00f3s-graduada em Aten\u00e7\u00e3o Cl\u00ednica Especializada em Endocrinologia pela UniEvang\u00e9lica.<b><\/b>\u200b<\/p>\n<\/div>\n<\/div>\n<\/li>\n<li class=\"col-12 col-md-6 col-lg-6\" style=\"margin-left: 0;\">\n<div class=\"nopaddingall\" style=\"height: 0%;\">\n<div class=\"caption\">\n<p class=\"normal nomarginall\"><strong>V\u00eddeo Explicativo sobre a Pesquisa<\/strong><\/p>\n<p><iframe style=\"height: 30vh;\" src=\"https:\/\/www.youtube.com\/embed\/m4-fQtgzEWE\" width=\"100%\" height=\"100%\" frameborder=\"0\" scrolling=\"no\" align=\"middle\"><\/iframe><\/p>\n<\/div>\n<\/div>\n<\/li>\n<\/ul>\n<p><strong>O que foi feito nessa pesquisa? \u00a0 \u00a0 \u00a0 \u00a0 \u00a0<\/strong><\/p>\n<p style=\"text-align: justify;\">Em 2020, a Organiza\u00e7\u00e3o Mundial da Sa\u00fade (OMS) reconheceu como pandemia a infec\u00e7\u00e3o respirat\u00f3ria denominada COVID-19. Nem todas as pessoas infectadas desenvolvem sintomas, mas a doen\u00e7a pode evoluir de maneira grave. A perman\u00eancia prolongada em unidades de terapia intensiva (UTI) para o tratamento da COVID-19 tende a gerar desnutri\u00e7\u00e3o, com o aumento da demanda energ\u00e9tica, perda de massa muscular e redu\u00e7\u00e3o da fun\u00e7\u00e3o motora.<br \/>\nNesse sentindo, o objetivo deste estudo foi estabelecer um protocolo de atendimento nutricional de pacientes cr\u00edticos diagnosticados com COVID-19, direcionado para profissionais nutricionistas, de modo a possibilitar o tratamento adequado, minimizando a morbidade e \u00f3bito pela doen\u00e7a. O Protocolo criado \u00e9 composto por etapas de avalia\u00e7\u00e3o nutricional, terapia nutricional e monitoriza\u00e7\u00e3o do paciente cr\u00edtico com COVID-19.<\/p>\n<p><strong>Qual o benef\u00edcio dessa pesquisa para a popula\u00e7\u00e3o?<\/strong><\/p>\n<p style=\"text-align: justify;\">A COVID-19 \u00e9 uma doen\u00e7a recente e seu tratamento ainda n\u00e3o est\u00e1 totalmente elucidado. Por\u00e9m, um protocolo de atendimento nutricional para pacientes cr\u00edticos com essa condi\u00e7\u00e3o, pode auxiliar profissionais nutricionistas no plano de cuidado.<br \/>\nGarantir a nutri\u00e7\u00e3o adequada para o paciente com COVID-19 \u00e9 um dos desafios do tratamento cl\u00ednico. Para faz\u00ea-la de maneira assertiva, essa escolha deve estar pautada nas recomenda\u00e7\u00f5es de sociedades cient\u00edficas e associa\u00e7\u00f5es profissionais reconhecidas na \u00e1rea. \u00a0Devido a limita\u00e7\u00f5es, o protocolo utilizou apenas referenciais te\u00f3ricos e n\u00e3o foi implementado na pr\u00e1tica cl\u00ednica. Sendo assim, s\u00e3o necess\u00e1rios mais estudos que possam avaliar sua aplicabilidade e constante atualiza\u00e7\u00e3o, conforme novos estudos na \u00e1rea se desenvolverem.<\/p>\n<hr \/>\n<p><span style=\"font-size: large;\"><strong><span style=\"color: #000000;\"><span style=\"font-family: Calibri, Arial, Helvetica, sans-serif;\"><span style=\"font-size: medium;\">IMPACTO DOS DIST\u00daRBIOS DE S\u00d3DIO E POT\u00c1SSIO SOBRE O DESFECHO CL\u00cdNICO DE PACIENTES\u00a0<\/span><\/span><\/span><\/strong><\/span><strong><span style=\"color: #000000;\"><span style=\"font-family: Calibri, Arial, Helvetica, sans-serif;\"><span style=\"font-size: medium;\">INTERNADOS NA UTI DE UM HOSPITAL P\u00daBLICO DE GOI\u00c2NIA<\/span><\/span><\/span><\/strong><\/p>\n<ul class=\"thumbnails\" style=\"display: flex; flex-wrap: wrap;\">\n<li class=\"col-12 col-md-6 col-lg-3\" style=\"margin-left: 0%;\">\n<div class=\"nopaddingall\" style=\"height: 0%;\">\n<div class=\"caption\">\n<figure class=\"image\"><img decoding=\"async\" width=\"130\" height=\"175\" id=\"\" class=\" size-full wp-image-7871\" style=\"height: 100%; width: 100%; margin-right: 0px; margin-left: 0px;\" title=\"Kemil Rocha Sousa\" src=\"https:\/\/goias.gov.br\/saude\/wp-content\/uploads\/sites\/34\/2019\/04\/denise-dcb.png\" alt=\"\" data-image-widget-flowlayout=\"1\" data-image-width=\"100%\" \/><figcaption class=\"text-center\"><strong>Denise Milioli Ferreira<\/strong><\/figcaption><\/figure>\n<\/div>\n<\/div>\n<\/li>\n<li class=\"col-12 col-md-6 col-lg-3\" style=\"margin-left: 0;\">\n<div class=\"nopaddingall\" style=\"height: 0%;\">\n<div class=\"caption\">\n<p>Possui gradua\u00e7\u00e3o em Medicina pelo Hospital das Cl\u00ednicas da Universidade federal de Goi\u00e1s (1988), Mestrado em Medicina Tropical pelo Instituto de Patologia Tropical e Sa\u00fade P\u00fablica (2001) e Doutorado em Ci\u00eancias da Sa\u00fade pela UFG.<\/p>\n<p class=\"normal nomarginall\" style=\"text-align: left;\">\n<\/div>\n<\/div>\n<\/li>\n<li class=\"col-12 col-md-6 col-lg-3\" style=\"margin-left: 0%;\">\n<div class=\"nopaddingall\" style=\"height: 0%;\">\n<div class=\"caption\">\n<figure class=\"image\"><img loading=\"lazy\" decoding=\"async\" width=\"130\" height=\"175\" id=\"\" class=\" size-full wp-image-7872\" style=\"height: 100%; width: 100%; margin-right: 0px; margin-left: 0px;\" title=\"\" src=\"https:\/\/goias.gov.br\/saude\/wp-content\/uploads\/sites\/34\/2019\/04\/kevin-f9b.png\" alt=\"\" data-image-widget-flowlayout=\"1\" data-image-width=\"100%\" \/><figcaption class=\"text-center\"><strong>K\u00e9vin da Silva Souza<\/strong><\/figcaption><\/figure>\n<\/div>\n<\/div>\n<\/li>\n<li class=\"col-12 col-md-6 col-lg-3\" style=\"margin-left: 0;\">\n<div class=\"nopaddingall\" style=\"height: 0%;\">\n<div class=\"caption\">\n<p>Graduado em Medicina pela Pontif\u00edcia Universidade Cat\u00f3lica de Goi\u00e1s (2018). Atualmente \u00e9 residente de Urologia no Hospital Geral de Goi\u00e2nia Dr. Alberto Rassi \u2013 HGG<\/p>\n<p class=\"normal nomarginall\" style=\"text-align: left;\">\n<\/div>\n<\/div>\n<\/li>\n<li class=\"col-12 col-md-6 col-lg-3\" style=\"margin-left: 0%;\">\n<div class=\"nopaddingall\" style=\"height: 0%;\">\n<div class=\"caption\">\n<figure class=\"image\"><img loading=\"lazy\" decoding=\"async\" width=\"130\" height=\"175\" id=\"\" class=\" size-full wp-image-7873\" style=\"height: 100%; width: 100%; margin-right: 0px; margin-left: 0px;\" title=\"\" src=\"https:\/\/goias.gov.br\/saude\/wp-content\/uploads\/sites\/34\/2019\/04\/wesley-d53.png\" alt=\"\" data-image-widget-flowlayout=\"1\" data-image-width=\"100%\" \/><figcaption class=\"text-center\"><strong>Wesley da Costa Reis<\/strong><\/figcaption><\/figure>\n<\/div>\n<\/div>\n<\/li>\n<li class=\"col-12 col-md-6 col-lg-3\" style=\"margin-left: 0;\">\n<div class=\"nopaddingall\" style=\"height: 0%;\">\n<div class=\"caption\">\n<p>Graduado em Medicina pela Pontif\u00edcia Universidade Cat\u00f3lica de Goi\u00e1s. Atualmente \u00e9 residente do terceiro ano em Cirurgia Geral no Hospital de Urg\u00eancias de Aparecida de Goi\u00e2nia- HUAPA\u200b<\/p>\n<\/div>\n<\/div>\n<\/li>\n<li class=\"col-12 col-md-6 col-lg-6\" style=\"margin-left: 0;\">\n<div class=\"nopaddingall\" style=\"height: 0%;\">\n<div class=\"caption\">\n<p class=\"normal nomarginall\"><strong>V\u00eddeo Explicativo sobre a Pesquisa<\/strong><\/p>\n<p><iframe style=\"height: 30vh;\" src=\"https:\/\/www.youtube.com\/embed\/SYJURh6bOf0\" width=\"100%\" height=\"100%\" frameborder=\"0\" scrolling=\"no\" align=\"middle\"><\/iframe><\/p>\n<\/div>\n<\/div>\n<\/li>\n<\/ul>\n<p style=\"text-align: justify;\"><strong>O que foi feito nessa pesquisa?<\/strong><\/p>\n<p style=\"text-align: justify;\">Os dist\u00farbios hidroeletrol\u00edticos, em especial as altera\u00e7\u00f5es de s\u00f3dio e pot\u00e1ssio, constituem altera\u00e7\u00f5es frequentes em pacientes internados em Unidades de Terapia Intensiva (UTI), especialmente naqueles que foram v\u00edtimas de trauma. O objetivo dessa pesquisa foi determinar a incid\u00eancia dos dist\u00farbios de s\u00f3dio e pot\u00e1ssio e seu impacto sobre o desfecho cl\u00ednico de pacientes traumatizados, internados na UTI do Hospital de Urg\u00eancias de Goi\u00e1s Dr. Valdemiro Cruz (HUGO). O estudo foi feito atrav\u00e9s da an\u00e1lise de 183 prontu\u00e1rios que se enquadraram nos crit\u00e9rios de inclus\u00e3o no per\u00edodo de janeiro a dezembro de 2017, com levantamento de dados cl\u00ednicos e de valores de s\u00f3dio (Na+) e pot\u00e1ssio (K+) durante o per\u00edodo de interna\u00e7\u00e3o.<\/p>\n<p style=\"text-align: justify;\"><strong>Qual o benef\u00edcio dessa pesquisa para a popula\u00e7\u00e3o?<\/strong><\/p>\n<p style=\"text-align: justify;\">Atrav\u00e9s dos resultados desse estudo, concluiu-se que dist\u00farbios hidroeletrol\u00edticos foram frequentes nos pacientes, em sua maioria, homens, idosos, v\u00edtimas de traumatismo cranioencef\u00e1lico por queda da pr\u00f3pria altura. A pesquisa evidenciou que 42,1% dos pacientes desenvolveram hiponatremia (diminui\u00e7\u00e3o dos \u00edndices de s\u00f3dio) leve \u00e0 moderada e 14,2% apresentaram hiponatremia grave, enquanto a hipernatremia (aumento dos \u00edndices de s\u00f3dio) constatada em 51,9% em n\u00edveis leves a moderados e 33,3% em n\u00edveis graves. J\u00e1 a hipocalemia (diminui\u00e7\u00e3o dos n\u00edveis de pot\u00e1ssio) foi observada em 61,7% dos indiv\u00edduos em n\u00edveis leves a moderados e 13,1% em n\u00edveis graves, enquanto 35.5% desenvolveram hipercalemia (aumento dos \u00edndices de pot\u00e1ssio) leve \u00e0 moderada e 21,9% atingiram hipercalemia severa. Esses dist\u00farbios podem se associar a um desfecho cl\u00ednico desfavor\u00e1vel nesse grupo de pacientes. A an\u00e1lise dos dados mostra a import\u00e2ncia do investimento em preven\u00e7\u00e3o do trauma, especialmente em a\u00e7\u00f5es visando \u00e0 preven\u00e7\u00e3o da queda em idosos. Al\u00e9m disso, a import\u00e2ncia dos dist\u00farbios hidroeletrol\u00edticos no trauma torna-se evidente, mostrando a necessidade de novos estudos que busquem definir a melhor abordagem desses dist\u00farbios no contexto do trauma e tamb\u00e9m analisar fatores que contribuam para a sua ocorr\u00eancia.<\/p>\n<hr \/>\n<p><strong>OS ASPECTOS EMOCIONAIS DO LESADO MEDULAR FRENTE AO SEU DIAGN\u00d3STICO<\/strong><\/p>\n<ul class=\"thumbnails\" style=\"display: flex; flex-wrap: wrap;\">\n<li class=\"col-12 col-md-6 col-lg-3\" style=\"margin-left: 0%;\">\n<div class=\"caption\" style=\"margin-left: 0%;\">\n<div class=\"caption\">\n<div>\n<figure class=\"image\"><img loading=\"lazy\" decoding=\"async\" width=\"130\" height=\"175\" id=\"\" class=\" size-full wp-image-7874\" style=\"height: 100%; width: 100%; margin-right: 0px; margin-left: 0px;\" title=\"\" src=\"https:\/\/goias.gov.br\/saude\/wp-content\/uploads\/sites\/34\/2019\/04\/fotocristiane-034.png\" alt=\"\" data-image-widget-flowlayout=\"1\" data-image-width=\"100%\" \/><figcaption class=\"text-center\"><strong>Cristiane Soto Machado<\/strong><\/figcaption><\/figure>\n<\/div>\n<\/div>\n<\/div>\n<\/li>\n<li class=\"col-12 col-md-6 col-lg-3\" style=\"margin-left: 0;\">\n<div class=\"nopaddingall\" style=\"height: 0%;\">\n<div class=\"caption\">\n<p class=\"normal nomarginall\" style=\"text-align: left;\">Mestrado em Psicologia pela Universidade Federal de Goi\u00e1s. Coordenadora do Programa de Resid\u00eancia Multiprofissional em Sa\u00fade Funcional e Reabilita\u00e7\u00e3o do Centro Estadual de Reabilita\u00e7\u00e3o e Readapta\u00e7\u00e3o Dr. Henrique Santillo (2021). Possui gradua\u00e7\u00e3o em Psicologia pela Universidade Federal de Goi\u00e1s (2011). Possui Resid\u00eancia Multiprofissional em Sa\u00fade &#8211; Terapia Intensiva &#8211; Hospital das Cl\u00ednicas UFG (2015). Especialista em Psicologia do Tr\u00e2nsito (2017). Especialista em Neuropsicologia (2019). Preceptora da Resid\u00eancia Multiprofissional do Centro de Reabilita\u00e7\u00e3o e Readapta\u00e7\u00e3o Dr. Henrique Santillo (2019). Tutora da Psicologia e Vice-Coordenadora da COREMU\/CRER 2020<\/p>\n<\/div>\n<\/div>\n<\/li>\n<li class=\"col-12 col-md-6 col-lg-3\" style=\"margin-left: 0%;\">\n<div class=\"nopaddingall\" style=\"height: 0%;\">\n<div class=\"caption\">\n<figure class=\"image\"><img loading=\"lazy\" decoding=\"async\" width=\"130\" height=\"175\" id=\"\" class=\" size-full wp-image-7875\" style=\"height: 100%; width: 100%; margin-right: 0px; margin-left: 0px;\" title=\"\" src=\"https:\/\/goias.gov.br\/saude\/wp-content\/uploads\/sites\/34\/2019\/04\/fotofernanda-ca3.png\" alt=\"\" data-image-widget-flowlayout=\"1\" data-image-width=\"100%\" \/><figcaption class=\"text-center\"><strong>Fernanda Guedes Afiune<\/strong><\/figcaption><\/figure>\n<\/div>\n<\/div>\n<\/li>\n<li class=\"col-12 col-md-6 col-lg-3\" style=\"margin-left: 0;\">\n<div class=\"nopaddingall\" style=\"height: 0%;\">\n<div class=\"caption\">\n<p class=\"normal nomarginall\" style=\"text-align: left;\">Possui gradua\u00e7\u00e3o em Psicologia pela Universidade Cat\u00f3lica de Goi\u00e1s (2006). Mestre em Ci\u00eancias da Sa\u00fade pela Universidade Federal de Goi\u00e1s. Especialista em Psicologia Hospitalar pelo Hospital do Cora\u00e7\u00e3o- Associa\u00e7\u00e3o do Sanat\u00f3rio S\u00edrio em S\u00e3o Paulo-SP.Especialista em Neuropsicologia pelo Instituto de Doen\u00e7as Neurol\u00f3gicas de S\u00e3o Paulo. Atua como Avalia\u00e7\u00e3o Neuropsicol\u00f3gica e Reabilita\u00e7\u00e3o Cognitiva. Professora e supervisora de cursos de especializa\u00e7\u00e3o em Avalia\u00e7\u00e3o Neuropsicologica e Reabilita\u00e7\u00e3o Cognitiva. Preceptora da Residencia Multiprofissional do CRER ( Centro de Reabilita\u00e7\u00e3o e Readapta\u00e7\u00e3o Dr. Henrique Santillo) em Goi\u00e2nia- Goi\u00e1s.\u00a0<b><\/b><\/p>\n<\/div>\n<\/div>\n<\/li>\n<li class=\"col-12 col-md-6 col-lg-3\" style=\"margin-left: 0%;\">\n<div class=\"nopaddingall\" style=\"height: 0%;\">\n<div class=\"caption\">\n<figure class=\"image\"><img loading=\"lazy\" decoding=\"async\" width=\"130\" height=\"175\" id=\"\" class=\" size-full wp-image-7876\" style=\"height: 100%; width: 100%; margin-right: 0px; margin-left: 0px;\" title=\"\" src=\"https:\/\/goias.gov.br\/saude\/wp-content\/uploads\/sites\/34\/2019\/04\/fotoleticia-511.png\" alt=\"\" data-image-widget-flowlayout=\"1\" data-image-width=\"100%\" \/><figcaption class=\"text-center\"><strong>Let\u00edcia Goulart Cruz<\/strong><\/figcaption><\/figure>\n<\/div>\n<\/div>\n<\/li>\n<li class=\"col-12 col-md-6 col-lg-3\" style=\"margin-left: 0;\">\n<div class=\"nopaddingall\" style=\"height: 0%;\">\n<div class=\"caption\">\n<p class=\"normal nomarginall\" style=\"text-align: left;\"><b><b><b><\/b><\/b><\/b>Possui gradua\u00e7\u00e3o em Psicologia com \u00eanfase em Psicologia da Sa\u00fade e Hospitalar pela Pontif\u00edcia Universidade Cat\u00f3lica de Goi\u00e1s (2016\/2). Resid\u00eancia multiprofissional em psicologia &#8211; Sa\u00fade Funcional e Reabilita\u00e7\u00e3o (2019-2021) pela SES-GO no Centro de Reabilita\u00e7\u00e3o e Readapta\u00e7\u00e3o Henrique Santillo (CRER). Atualmente \u00e9 Psic\u00f3loga no Hospital Israelita Albert Einstein &#8211; Unidade Goi\u00e2nia.<\/p>\n<\/div>\n<\/div>\n<\/li>\n<li class=\"col-12 col-md-6 col-lg-6\" style=\"margin-left: 0;\">\n<div class=\"nopaddingall\" style=\"height: 0%;\">\n<div class=\"caption\">\n<p class=\"normal nomarginall\"><strong>V\u00eddeo Explicativo sobre a Pesquisa<\/strong><\/p>\n<p><iframe style=\"height: 30vh;\" src=\"https:\/\/www.youtube.com\/embed\/LejPe95ttR8\" width=\"100%\" height=\"100%\" frameborder=\"0\" scrolling=\"no\" align=\"middle\"><\/iframe><\/p>\n<\/div>\n<\/div>\n<\/li>\n<\/ul>\n<p style=\"text-align: justify;\"><a href=\"https:\/\/www.revista.esap.go.gov.br\/index.php\/resap\/article\/view\/316\/186\" target=\"_blank\" rel=\"noopener\">Trabalho completo<\/a><\/p>\n<p style=\"text-align: justify;\"><strong>O que foi feito nessa pesquisa?<\/strong><\/p>\n<p style=\"text-align: justify;\">A Les\u00e3o Medular (LM) \u00e9 uma condi\u00e7\u00e3o que afeta homens e mulheres, podendo ser traum\u00e1tica (maior incid\u00eancia relacionados a acidentes automobil\u00edsticos, ferimentos por armas de fogo, mergulho em \u00e1guas rasas, acidentes esportivos e quedas). J\u00e1 as causas das les\u00f5es n\u00e3o traum\u00e1ticas podem estar relacionadas a tumores, infec\u00e7\u00f5es, altera\u00e7\u00f5es vasculares, malforma\u00e7\u00f5es e processos degenerativos ou compressivos. \u00c9 uma les\u00e3o muito grave e incapacitante. O objetivo dessa pesquisa foi compreender determinadas altera\u00e7\u00f5es emocionais para o indiv\u00edduo ap\u00f3s receber esse diagn\u00f3stico. \u00a0Os participantes selecionados para participar do estudo foram 10 pacientes que passaram pelo Centro Estadual de Reabilita\u00e7\u00e3o e Readapta\u00e7\u00e3o Dr. Henrique Santillo (CRER) e que atualmente est\u00e3o, ou j\u00e1 estiveram, em acompanhamento ambulatorial. Os resultados dessa pesquisa revelaram as seguintes categorias relacionadas \u00e0 les\u00e3o medular: humor (subcategoria: irritabilidade), autoestima, tristeza, esperan\u00e7a, rea\u00e7\u00e3o ao diagn\u00f3stico, coping (subcategoria: dificuldade de aceita\u00e7\u00e3o do diagn\u00f3stico, adapta\u00e7\u00e3o e espiritualidade) e depend\u00eancia do outro.<\/p>\n<p style=\"text-align: justify;\"><strong>Qual o benef\u00edcio dessa pesquisa para a popula\u00e7\u00e3o?<\/strong><\/p>\n<p style=\"text-align: justify;\">A import\u00e2ncia das contribui\u00e7\u00f5es deste estudo vem no sentido de demonstrar a exist\u00eancia de sintomas depressivos a partir da LM. Dentro da popula\u00e7\u00e3o pesquisada, os participantes conseguiram desenvolver estrat\u00e9gias de enfrentamento funcionais e adaptativas, sendo a sintomatologia, em sua maioria, reativa.<\/p>\n<p style=\"text-align: justify;\">Sendo assim, sup\u00f5e-se que a pesquisa poder\u00e1 ser associada \u00e0 interven\u00e7\u00e3o, de tal forma que os aspectos emocionais no lesado medular sejam validados e respeitados no processo de cuidar e que as devidas orienta\u00e7\u00f5es sejam repassadas de forma assertiva tanto para o paciente quanto para o cuidador. Ressalta-se, ainda, a import\u00e2ncia do atendimento psicol\u00f3gico frente \u00e0 LM como forma de otimizar recursos de enfrentamento funcionais e resili\u00eancia. Assim como investiga\u00e7\u00e3o cient\u00edfica acerca do impacto do suporte psicol\u00f3gico ofertado a pacientes com LM. Devemos ressaltar ainda a necessidade de futuros estudos que ampliem o conhecimento acerca das manifesta\u00e7\u00f5es ps\u00edquicas e comportamentais oriundas de uma LM, haja vista que tais aprofundamentos podem impactar de forma positiva na assist\u00eancia ofertada e cria\u00e7\u00f5es ou fortalecimento de pol\u00edticas p\u00fablicas que enfatizem aspectos emocionais e les\u00e3o medular.<\/p>\n<hr \/>\n<p><b><strong>S\u00cdFILIS MATERNA NO ESTADO DE GOI\u00c1S: AN\u00c1LISE DE S\u00c9RIE HIST\u00d3RICA DE 2007 A 2017<\/strong><b><\/b><\/b><b><\/b><\/p>\n<ul class=\"thumbnails\" style=\"display: flex; flex-wrap: wrap;\">\n<li class=\"col-12 col-md-6 col-lg-3\" style=\"margin-left: 0%;\">\n<div class=\"nopaddingall\" style=\"height: 0%;\">\n<div class=\"caption\">\n<figure class=\"image\"><img loading=\"lazy\" decoding=\"async\" width=\"496\" height=\"495\" id=\"\" class=\" size-full wp-image-7877\" style=\"height: 100%; width: 100%; margin-right: 0px; margin-left: 0px;\" title=\"Kemil Rocha Sousa\" src=\"https:\/\/goias.gov.br\/saude\/wp-content\/uploads\/sites\/34\/2019\/04\/iana-37f.png\" alt=\"\" data-image-widget-flowlayout=\"1\" data-image-width=\"100%\" srcset=\"https:\/\/goias.gov.br\/saude\/wp-content\/uploads\/sites\/34\/2019\/04\/iana-37f.png 496w, https:\/\/goias.gov.br\/saude\/wp-content\/uploads\/sites\/34\/2019\/04\/iana-37f-300x300.png 300w, https:\/\/goias.gov.br\/saude\/wp-content\/uploads\/sites\/34\/2019\/04\/iana-37f-150x150.png 150w\" sizes=\"(max-width: 496px) 100vw, 496px\" \/><figcaption class=\"text-center\"><strong>Iana Mundim de Oliveira<\/strong><\/figcaption><\/figure>\n<\/div>\n<\/div>\n<\/li>\n<li class=\"col-12 col-md-6 col-lg-3\" style=\"margin-left: 0;\">\n<div class=\"nopaddingall\" style=\"height: 0%;\">\n<div class=\"caption\">\n<p class=\"normal nomarginall\" style=\"text-align: left;\">Mestra em Ci\u00eancias da Sa\u00fade pela FM\/UFG (2020), especialista em Enfermagem Obst\u00e9trica (2019) e em Assist\u00eancia \u00e0 Sa\u00fade Materno-Infantil- modalidade resid\u00eancia multiprofissional (2015) pela Universidade Federal de Goi\u00e1s. Atualmente \u00e9 Enfermeira na Unidade Materno-infantil do HC-UFG.<b><\/b><\/p>\n<\/div>\n<\/div>\n<\/li>\n<li class=\"col-12 col-md-6 col-lg-3\" style=\"margin-left: 0%;\">\n<div class=\"nopaddingall\" style=\"height: 0%;\">\n<div class=\"caption\">\n<figure class=\"image\"><img loading=\"lazy\" decoding=\"async\" width=\"496\" height=\"495\" id=\"\" class=\" size-full wp-image-7878\" style=\"height: 100%; width: 100%; margin-right: 0px; margin-left: 0px;\" title=\"\" src=\"https:\/\/goias.gov.br\/saude\/wp-content\/uploads\/sites\/34\/2019\/04\/Rivert-a14.png\" alt=\"\" data-image-widget-flowlayout=\"1\" data-image-width=\"100%\" srcset=\"https:\/\/goias.gov.br\/saude\/wp-content\/uploads\/sites\/34\/2019\/04\/Rivert-a14.png 496w, https:\/\/goias.gov.br\/saude\/wp-content\/uploads\/sites\/34\/2019\/04\/Rivert-a14-300x300.png 300w, https:\/\/goias.gov.br\/saude\/wp-content\/uploads\/sites\/34\/2019\/04\/Rivert-a14-150x150.png 150w\" sizes=\"(max-width: 496px) 100vw, 496px\" \/><figcaption class=\"text-center\"><strong>R\u00edvert Paulo Braga Oliveira<\/strong><\/figcaption><\/figure>\n<\/div>\n<\/div>\n<\/li>\n<li class=\"col-12 col-md-6 col-lg-3\" style=\"margin-left: 0;\">\n<div class=\"nopaddingall\" style=\"height: 0%;\">\n<div class=\"caption\">\n<p class=\"normal nomarginall\" style=\"text-align: left;\">Doutor em Estat\u00edstica, concentra\u00e7\u00e3o em Probabilidade e Estat\u00edstica, pela Universidade Federal de Minas Gerais (2015). Mestre em Engenharia de Produ\u00e7\u00e3o concentra\u00e7\u00e3o em produ\u00e7\u00e3o e log\u00edstica pela Universidade Federal de Minas Gerais (2011). Possui Gradua\u00e7\u00e3o em Estat\u00edstica pela Universidade Federal de Minas Gerais (2008).<b><\/b><\/p>\n<\/div>\n<\/div>\n<\/li>\n<li class=\"col-12 col-md-6 col-lg-3\" style=\"margin-left: 0%;\">\n<div class=\"nopaddingall\" style=\"height: 0%;\">\n<div class=\"caption\">\n<figure class=\"image\"><img loading=\"lazy\" decoding=\"async\" width=\"496\" height=\"495\" id=\"\" class=\" size-full wp-image-7879\" style=\"height: 100%; width: 100%; margin-right: 0px; margin-left: 0px;\" title=\"\" src=\"https:\/\/goias.gov.br\/saude\/wp-content\/uploads\/sites\/34\/2019\/04\/Rosane-476.png\" alt=\"\" data-image-widget-flowlayout=\"1\" data-image-width=\"100%\" srcset=\"https:\/\/goias.gov.br\/saude\/wp-content\/uploads\/sites\/34\/2019\/04\/Rosane-476.png 496w, https:\/\/goias.gov.br\/saude\/wp-content\/uploads\/sites\/34\/2019\/04\/Rosane-476-300x300.png 300w, https:\/\/goias.gov.br\/saude\/wp-content\/uploads\/sites\/34\/2019\/04\/Rosane-476-150x150.png 150w\" sizes=\"(max-width: 496px) 100vw, 496px\" \/><figcaption class=\"text-center\"><strong>Rosane Ribeiro Figueiredo Alves<\/strong><\/figcaption><\/figure>\n<\/div>\n<\/div>\n<\/li>\n<li class=\"col-12 col-md-6 col-lg-3\" style=\"margin-left: 0;\">\n<div class=\"nopaddingall\" style=\"height: 0%;\">\n<div class=\"caption\">\n<p class=\"normal nomarginall\" style=\"text-align: left;\"><b><b><b><\/b><\/b><\/b>Gradua\u00e7\u00e3o em Medicina pela Universidade Federal de Uberl\u00e2ndia (1982). Mestrado em Medicina Tropical pela Universidade Federal de Goi\u00e1s (2003) e Doutorado em Medicina Tropical pela Universidade Federal de Goi\u00e1s (2006). Atualmente \u00e9 Professora Adjunta do Departamento de Medicina da Pontif\u00edcia Universidade Cat\u00f3lica de Goi\u00e1s e Coordenadora do Curso de Medicina da Universidade Federal de Goi\u00e1s\u200b.<\/p>\n<\/div>\n<\/div>\n<\/li>\n<li class=\"col-12 col-md-6 col-lg-6\" style=\"margin-left: 0;\">\n<div class=\"nopaddingall\" style=\"height: 0%;\">\n<div class=\"caption\">\n<p class=\"normal nomarginall\"><strong>V\u00eddeo Explicativo sobre a Pesquisa<\/strong><\/p>\n<p><iframe style=\"height: 30vh;\" src=\"https:\/\/www.youtube.com\/embed\/nJQfZgalVMs\" width=\"100%\" height=\"100%\" frameborder=\"0\" scrolling=\"no\" align=\"middle\"><\/iframe><\/p>\n<\/div>\n<\/div>\n<\/li>\n<\/ul>\n<p><strong>O que foi feito nessa pesquisa?<\/strong><\/p>\n<p style=\"text-align: justify;\">A s\u00edfilis \u00e9 uma infec\u00e7\u00e3o sexualmente transmiss\u00edvel (IST) causada pela bact\u00e9ria\u00a0Treponema Pallidum. A s\u00edfilis materna \u00e9 considerada um importante problema de sa\u00fade p\u00fablica no Brasil e no mundo, respons\u00e1vel por elevados \u00edndices de morbimortalidade intrauterina e p\u00f3s-natal (nas primeiras seis semanas ap\u00f3s o\u00a0parto). Essa pesquisa teve como objetivo, analisar a incid\u00eancia, aspectos cl\u00ednicos e laboratoriais da s\u00edfilis materna, no estado de Goi\u00e1s, entre 2007 e 2017.\u00a0A popula\u00e7\u00e3o deste estudo foi composta por casos de mulheres residentes no estado de Goi\u00e1s que foram notificadas com s\u00edfilis durante a gravidez entre o per\u00edodo mencionado acima, com registro no Sistema de Agravos de Notifica\u00e7\u00e3o (SINAN). O estudo foi conduzido a partir de dados provenientes de fichas de notifica\u00e7\u00e3o compuls\u00f3ria da s\u00edfilis na gesta\u00e7\u00e3o. Tais informa\u00e7\u00f5es foram disponibilizadas pela Superintend\u00eancia de Aten\u00e7\u00e3o Integral \u00e0 Sa\u00fade da Secretaria Estadual de Sa\u00fade de Goi\u00e1s.<\/p>\n<p style=\"text-align: justify;\">Atrav\u00e9s dos resultados obtidos podemos destacar que\u00a0entre os anos de 2007 a 2017 foram registrados 7.774 casos de s\u00edfilis materna em Goi\u00e1s. A idade das gestantes com s\u00edfilis variou entre 12 e 49 anos. A incid\u00eancia foi maior no segundo trimestre da gesta\u00e7\u00e3o, naquelas com menor n\u00edvel de escolaridade e de cor parda, e a forma cl\u00ednica mais frequente foi a prim\u00e1ria. A taxa de incid\u00eancia anual da s\u00edfilis na gesta\u00e7\u00e3o variou entre 2,9 e 15,6 casos por mil nascidos vivos, com crescimento m\u00e9dio anual de 1,21 casos ao ano de 2007 a 2017.<\/p>\n<p><strong>Qual o benef\u00edcio dessa pesquisa para a popula\u00e7\u00e3o?<\/strong><\/p>\n<p style=\"text-align: justify;\">A s\u00edfilis tem grande import\u00e2ncia cl\u00ednica quando diagnosticada durante o per\u00edodo gestacional, em fun\u00e7\u00e3o de suas graves repercuss\u00f5es e desfechos adversos que pode acarretar \u00e0 gesta\u00e7\u00e3o. Estes desfechos incluem abortamento, parto prematuro, \u00f3bito fetal ou neonatal, maior n\u00famero de interna\u00e7\u00f5es hospitalares, entre outros.\u00a0Nas \u00faltimas d\u00e9cadas nota-se um aumento no n\u00famero de casos em Goi\u00e1s, o que demanda estudos epidemiol\u00f3gicos sobre o comportamento da doen\u00e7a em mulheres gr\u00e1vidas. Acredita-se que os dados obtidos por este estudo podem ser \u00fateis para manter ou redirecionar pol\u00edticas de sa\u00fade p\u00fablica de combate \u00e0 s\u00edfilis na gesta\u00e7\u00e3o e s\u00edfilis cong\u00eanita. Considerando a poss\u00edvel melhoria do processo de notifica\u00e7\u00e3o com o passar dos anos, e consequente diminui\u00e7\u00e3o da subnotifica\u00e7\u00e3o, acredita-se que a recondu\u00e7\u00e3o deste estudo no futuro demonstre de forma mais fidedigna o aumento da s\u00edfilis na gesta\u00e7\u00e3o no estado.\u00a0Al\u00e9m disso, sugere-se que, em estudos futuros, possa ser averiguada, simultaneamente, a evolu\u00e7\u00e3o espa\u00e7o-temporal da doen\u00e7a. N\u00e3o podemos deixar de destacar que a constante melhoria dos servi\u00e7os de atendimento pr\u00e9-natal, contribuem para diagn\u00f3stico precoce e monitoramento da doen\u00e7a.<\/p>\n<hr \/>\n<p><b><b><\/b>AVALIA\u00c7\u00c3O DO PROGRAMA DE REABILITA\u00c7\u00c3O P\u00d3S-COVID-19 PARA A ATEN\u00c7\u00c3O PRIM\u00c1RIA DA SECRETARIA DE ESTADO DA SA\u00daDE DE GOI\u00c1S<b><\/b><\/b><\/p>\n<ul class=\"thumbnails\" style=\"display: flex; flex-wrap: wrap;\">\n<li class=\"col-12 col-md-6 col-lg-3\" style=\"margin-left: 0%;\">\n<div class=\"nopaddingall\" style=\"height: 0%;\">\n<div class=\"caption\">\n<figure class=\"image\"><img loading=\"lazy\" decoding=\"async\" width=\"637\" height=\"744\" id=\"\" class=\" size-full wp-image-7880\" style=\"height: 100%; width: 100%; margin-right: 0px; margin-left: 0px;\" title=\"Ellen Synthia Fernandes de Oliveira\" src=\"https:\/\/goias.gov.br\/saude\/wp-content\/uploads\/sites\/34\/2019\/04\/Ellen-dd5.jpg\" alt=\"\" data-image-marginleft=\"0px\" data-image-marginright=\"0px\" data-image-widget-flowlayout=\"1\" data-image-width=\"100%\" srcset=\"https:\/\/goias.gov.br\/saude\/wp-content\/uploads\/sites\/34\/2019\/04\/Ellen-dd5.jpg 637w, https:\/\/goias.gov.br\/saude\/wp-content\/uploads\/sites\/34\/2019\/04\/Ellen-dd5-257x300.jpg 257w\" sizes=\"(max-width: 637px) 100vw, 637px\" \/><figcaption class=\"text-center\"><strong>Ellen Synthia Fernandes de Oliveira<\/strong><\/figcaption><\/figure>\n<\/div>\n<\/div>\n<\/li>\n<li class=\"col-12 col-md-6 col-lg-3\" style=\"margin-left: 0;\">\n<div class=\"nopaddingall\" style=\"height: 0%;\">\n<div class=\"caption\">\n<p class=\"normal nomarginall\" style=\"text-align: left;\">Possui gradua\u00e7\u00e3o em Ci\u00eancias Biol\u00f3gicas, modalidade m\u00e9dica, pela Universidade Federal de Goi\u00e1s (UFG). Mestrado em Biologia pela Universidade Federal de Goi\u00e1s. Doutorado em Patologia Molecular e Sa\u00fade pela Faculdade de Medicina da Universidade de Bras\u00edlia. P\u00f3s-doutorado em Sa\u00fade Coletiva pela Faculdade de Ci\u00eancias M\u00e9dicas da Universidade Estadual de Campinas, S\u00e3o Paulo, e P\u00f3s-doutorado em Educa\u00e7\u00e3o pela Universidade de Aveiro-Portugal. Atualmente \u00e9 professora associada da UFG, do Instituto de Ci\u00eancias Biol\u00f3gicas, docente do Programa de P\u00f3s-Gradua\u00e7\u00e3o, Mestrado Profissional em Sa\u00fade Coletiva da UFG.<b><\/b><\/p>\n<\/div>\n<\/div>\n<\/li>\n<li class=\"col-12 col-md-6 col-lg-3\" style=\"margin-left: 0%;\">\n<div class=\"nopaddingall\" style=\"height: 0%;\">\n<div class=\"caption\">\n<figure class=\"image\"><img loading=\"lazy\" decoding=\"async\" id=\"\" class=\" size-full wp-image-7881\" title=\"\" src=\"https:\/\/goias.gov.br\/saude\/wp-content\/uploads\/sites\/34\/2019\/04\/Haline-eca.jpg\" alt=\"\" width=\"637\" height=\"744\" srcset=\"https:\/\/goias.gov.br\/saude\/wp-content\/uploads\/sites\/34\/2019\/04\/Haline-eca.jpg 637w, https:\/\/goias.gov.br\/saude\/wp-content\/uploads\/sites\/34\/2019\/04\/Haline-eca-257x300.jpg 257w\" sizes=\"(max-width: 637px) 100vw, 637px\" \/><figcaption class=\"text-center\"><strong>Haline Rachel Lino Gomes<\/strong><\/figcaption><\/figure>\n<\/div>\n<\/div>\n<\/li>\n<li class=\"col-12 col-md-6 col-lg-3\" style=\"margin-left: 0;\">\n<div class=\"nopaddingall\" style=\"height: 0%;\">\n<div class=\"caption\">\n<p class=\"normal nomarginall\" style=\"text-align: left;\">Fisioterapeuta pela Universidade Estadual de Goi\u00e1s (2010). Mestranda em Sa\u00fade Coletiva pela Universidade Federal de Goi\u00e1s (UFG). Especialista em Fisioterapia Neurofuncional pelo Centro de Desenvolvimento Cient\u00edfico em Sa\u00fade (2012). Atualmente atua como Gerente de Tecnologias Educacionais da Superintend\u00eancia da Escola de Sa\u00fade de Goi\u00e1s.<\/p>\n<\/div>\n<\/div>\n<\/li>\n<\/ul>\n<ul class=\"thumbnails\" style=\"display: flex; flex-wrap: wrap;\">\n<li class=\"col-12 col-md-6 col-lg-3\" style=\"margin-left: 0%;\">\n<div class=\"nopaddingall\" style=\"height: 0%;\">\n<div class=\"caption\">\n<figure class=\"image\"><img loading=\"lazy\" decoding=\"async\" width=\"637\" height=\"744\" id=\"\" class=\" size-full wp-image-7882\" style=\"height: 100%; width: 100%; margin-right: 0px; margin-left: 0px;\" title=\"Ellen Synthia Fernandes de Oliveira\" src=\"https:\/\/goias.gov.br\/saude\/wp-content\/uploads\/sites\/34\/2019\/04\/Luciana-ed7.jpg\" alt=\"\" data-image-marginleft=\"0px\" data-image-marginright=\"0px\" data-image-widget-flowlayout=\"1\" data-image-width=\"100%\" srcset=\"https:\/\/goias.gov.br\/saude\/wp-content\/uploads\/sites\/34\/2019\/04\/Luciana-ed7.jpg 637w, https:\/\/goias.gov.br\/saude\/wp-content\/uploads\/sites\/34\/2019\/04\/Luciana-ed7-257x300.jpg 257w\" sizes=\"(max-width: 637px) 100vw, 637px\" \/><figcaption class=\"text-center\"><strong>Luciana Vieira Tavernard de Oliveira<\/strong><\/figcaption><\/figure>\n<\/div>\n<\/div>\n<\/li>\n<li class=\"col-12 col-md-6 col-lg-3\" style=\"margin-left: 0;\">\n<div class=\"nopaddingall\" style=\"height: 0%;\">\n<div class=\"caption\">\n<p class=\"normal nomarginall\" style=\"text-align: left;\">Doutorado em Ci\u00eancias e Tecnologias em Sa\u00fade pela Universidade de Bras\u00edlia, com per\u00edodo sandu\u00edche na University of Toronto (2016). Mestrado em Ci\u00eancias M\u00e9dicas pela Universidade de Bras\u00edlia (2009). Especializa\u00e7\u00e3o em Fisioterapia Respirat\u00f3ria pela Universidade de Bras\u00edlia (2004). Especializa\u00e7\u00e3o em Gest\u00e3o de Emerg\u00eancias no SUS pelo Instituto S\u00edrio-Liban\u00eas (2014) e Bacharelado em Fisioterapia pela Universidade Cat\u00f3lica de Bras\u00edlia (2002). Subsecret\u00e1ria de Sa\u00fade, na Secretaria de Estado da Sa\u00fade de Goi\u00e1s (SES-GO). \u200b<\/p>\n<\/div>\n<\/div>\n<\/li>\n<li class=\"col-12 col-md-6 col-lg-3\" style=\"margin-left: 0%;\">\n<div class=\"nopaddingall\" style=\"height: 0%;\">\n<div class=\"caption\">\n<figure class=\"image\"><img loading=\"lazy\" decoding=\"async\" id=\"\" class=\" size-full wp-image-7883\" title=\"\" src=\"https:\/\/goias.gov.br\/saude\/wp-content\/uploads\/sites\/34\/2019\/04\/Rafaela-1f4.jpg\" alt=\"\" width=\"637\" height=\"744\" srcset=\"https:\/\/goias.gov.br\/saude\/wp-content\/uploads\/sites\/34\/2019\/04\/Rafaela-1f4.jpg 637w, https:\/\/goias.gov.br\/saude\/wp-content\/uploads\/sites\/34\/2019\/04\/Rafaela-1f4-257x300.jpg 257w\" sizes=\"(max-width: 637px) 100vw, 637px\" \/><figcaption class=\"text-center\"><strong>Rafaela J\u00falia Batista Veronezi<\/strong><\/figcaption><\/figure>\n<\/div>\n<\/div>\n<\/li>\n<li class=\"col-12 col-md-6 col-lg-3\" style=\"margin-left: 0;\">\n<div class=\"nopaddingall\" style=\"height: 0%;\">\n<div class=\"caption\">\n<p class=\"normal nomarginall\" style=\"text-align: left;\">Pesquisadora, Doutora em Ci\u00eancias M\u00e9dicas pelo Departamento de Neurologia da Universidade Estadual de Campinas (UNICAMP\/SP). Fisioterapeuta pela Faculdade de Ci\u00eancias M\u00e9dicas de Minas Gerais (FCM\/MG). Possui MBA em Economia e Avalia\u00e7\u00e3o de Tecnologias em Sa\u00fade (HAOC\/SP). \u00c9 especialista em Gest\u00e3o do Trabalho e da Educa\u00e7\u00e3o na Sa\u00fade (UFRN\/RN). Especialista em Doc\u00eancia Universit\u00e1ria. Atualmente \u00e9 Gestora de Ensino e Pesquisa da Associa\u00e7\u00e3o de Gest\u00e3o, Inova\u00e7\u00e3o e Resultados em Sa\u00fade (AGIR), em Goi\u00e2nia (GO).<\/p>\n<\/div>\n<\/div>\n<\/li>\n<\/ul>\n<ul class=\"thumbnails\" style=\"display: flex; flex-wrap: wrap;\">\n<li class=\"col-12 col-md-6 col-lg-3\" style=\"margin-left: 0%;\">\n<div class=\"nopaddingall\" style=\"height: 0%;\">\n<div class=\"caption\">\n<figure class=\"image\"><img loading=\"lazy\" decoding=\"async\" width=\"637\" height=\"744\" id=\"\" class=\" size-full wp-image-7884\" style=\"height: 100%; width: 100%; margin-right: 0px; margin-left: 0px;\" title=\"Sandro Rog\u00e9rio Rodrigues Batista\" src=\"https:\/\/goias.gov.br\/saude\/wp-content\/uploads\/sites\/34\/2019\/04\/Sandro-2eb.jpg\" alt=\"\" data-image-marginleft=\"0px\" data-image-marginright=\"0px\" data-image-widget-flowlayout=\"1\" data-image-width=\"100%\" srcset=\"https:\/\/goias.gov.br\/saude\/wp-content\/uploads\/sites\/34\/2019\/04\/Sandro-2eb.jpg 637w, https:\/\/goias.gov.br\/saude\/wp-content\/uploads\/sites\/34\/2019\/04\/Sandro-2eb-257x300.jpg 257w\" sizes=\"(max-width: 637px) 100vw, 637px\" \/><figcaption class=\"text-center\"><strong>Sandro Rog\u00e9rio Rodrigues Batista<\/strong><\/figcaption><\/figure>\n<\/div>\n<\/div>\n<\/li>\n<li class=\"col-12 col-md-6 col-lg-3\" style=\"margin-left: 0;\">\n<div class=\"nopaddingall\" style=\"height: 0%;\">\n<div class=\"caption\">\n<p class=\"normal nomarginall\" style=\"text-align: left;\">Atual Superintendente de Aten\u00e7\u00e3o Integral \u00e0 Sa\u00fade da Secretaria de Estado da Sa\u00fade de Goi\u00e1s. Professor Adjunto do Servi\u00e7o de Medicina Comunit\u00e1ria da Faculdade de Medicina da Universidade Federal de Goi\u00e1s (UFG). Possui gradua\u00e7\u00e3o em Medicina pela UFG (2002). T\u00edtulo de Especialista pela Sociedade Brasileira de Medicina de Fam\u00edlia e Comunidade (2007). Mestrado em Ci\u00eancias da Sa\u00fade pela UFG (2010). Doutorado em Ci\u00eancias da Sa\u00fade pela UFG (2019). Membro do Comit\u00ea Gestor da Rede de Pesquisa em Aten\u00e7\u00e3o Prim\u00e1ria \u00e0 Sa\u00fade. C\u00f3-l\u00edder do Grupo Brasileiro de Estudos sobre Multimorbidade (GBEM).<b><\/b><\/p>\n<\/div>\n<\/div>\n<\/li>\n<li class=\"col-12 col-md-6 col-lg-3\" style=\"margin-left: 0%;\">\n<div class=\"nopaddingall\" style=\"height: 0%;\">\n<div class=\"caption\">\n<figure class=\"image\"><img loading=\"lazy\" decoding=\"async\" id=\"\" class=\" size-full wp-image-7885\" title=\"\" src=\"https:\/\/goias.gov.br\/saude\/wp-content\/uploads\/sites\/34\/2019\/04\/VivianeLeonel-ea7.jpg\" alt=\"\" width=\"637\" height=\"744\" srcset=\"https:\/\/goias.gov.br\/saude\/wp-content\/uploads\/sites\/34\/2019\/04\/VivianeLeonel-ea7.jpg 637w, https:\/\/goias.gov.br\/saude\/wp-content\/uploads\/sites\/34\/2019\/04\/VivianeLeonel-ea7-257x300.jpg 257w\" sizes=\"(max-width: 637px) 100vw, 637px\" \/><figcaption class=\"text-center\"><strong>Viviane Leonel Cassimiro Meireles<\/strong><\/figcaption><\/figure>\n<\/div>\n<\/div>\n<\/li>\n<li class=\"col-12 col-md-6 col-lg-3\" style=\"margin-left: 0;\">\n<div class=\"nopaddingall\" style=\"height: 0%;\">\n<div class=\"caption\">\n<p class=\"normal nomarginall\" style=\"text-align: left;\">Possui gradua\u00e7\u00e3o em Enfermagem pela Pontif\u00edcia Universidade Cat\u00f3lica de Goi\u00e1s (2002). \u00a0Especializa\u00e7\u00e3o em Enfermagem em Unidade de Terapia Intensiva pela Pontif\u00edcia Universidade Cat\u00f3lica de Goi\u00e1s (2005). Mestre em Aten\u00e7\u00e3o \u00e0 Sa\u00fade pela Pontif\u00edcia Universidade Cat\u00f3lica de Goi\u00e1s. \u00c9 professora efetiva do Curso de Enfermagem da Escola de Ci\u00eancias Sociais e da Sa\u00fade da Pontif\u00edcia Universidade Cat\u00f3lica de Goi\u00e1s. Atualmente ocupa o cargo de Superintendente da Escola de Sa\u00fade de Goi\u00e1s.<b><\/b><\/p>\n<\/div>\n<\/div>\n<\/li>\n<li class=\"col-12 col-md-6 col-lg-3\" style=\"margin-left: 0%;\">\n<div class=\"nopaddingall\" style=\"height: 0%;\">\n<div class=\"caption\">\n<figure class=\"image\"><img loading=\"lazy\" decoding=\"async\" id=\"\" class=\" size-full wp-image-7886\" style=\"height: 100%; width: 100%; margin-right: 0px; margin-left: 0px;\" title=\"\" src=\"https:\/\/goias.gov.br\/saude\/wp-content\/uploads\/sites\/34\/2019\/04\/VivianeSantos-2d1.jpg\" alt=\"\" width=\"637\" height=\"744\" srcset=\"https:\/\/goias.gov.br\/saude\/wp-content\/uploads\/sites\/34\/2019\/04\/VivianeSantos-2d1.jpg 637w, https:\/\/goias.gov.br\/saude\/wp-content\/uploads\/sites\/34\/2019\/04\/VivianeSantos-2d1-257x300.jpg 257w\" sizes=\"(max-width: 637px) 100vw, 637px\" \/><figcaption class=\"text-center\"><strong>Viviane Santos Mendes Carneiro<\/strong><\/figcaption><\/figure>\n<\/div>\n<\/div>\n<\/li>\n<li class=\"col-12 col-md-6 col-lg-3\" style=\"margin-left: 0;\">\n<div class=\"nopaddingall\" style=\"height: 0%;\">\n<div class=\"caption\">\n<p class=\"normal nomarginall\" style=\"text-align: left;\">Mestra em Aten\u00e7\u00e3o \u00e0 Sa\u00fade pelo Programa de Mestrado da Pontif\u00edcia Universidade Cat\u00f3lica de Goi\u00e1s. Especialista em Urg\u00eancia e Emerg\u00eancia pelo Programa de Resid\u00eancia Multiprofissional em Sa\u00fade do Hospital das Cl\u00ednicas da Universidade Federal de Goi\u00e1s (2015-2017). Especialista em Gest\u00e3o em Enfermagem Pela Universidade de Araraquara (2016-2017). Bacharel em Enfermagem pela Universidade Cat\u00f3lica de Bras\u00edlia (2010-2013). Atualmente ocupa o cargo de gerente da Ger\u00eancia de Projetos Educacionais e Ensino em Sa\u00fade da Superintend\u00eancia da Escola de Sa\u00fade de Goi\u00e1s.\u200b<\/p>\n<\/div>\n<\/div>\n<\/li>\n<li class=\"col-12 col-md-6 col-lg-6\" style=\"margin-left: 0;\">\n<div class=\"nopaddingall\" style=\"height: 0%;\">\n<div class=\"caption\">\n<p class=\"normal nomarginall\"><strong>V\u00eddeo Explicativo sobre a Pesquisa<\/strong><\/p>\n<p><iframe style=\"height: 30vh;\" src=\"https:\/\/www.youtube.com\/embed\/Ogb5F7VnTDo\" width=\"100%\" height=\"100%\" frameborder=\"0\" scrolling=\"no\" align=\"middle\"><\/iframe><\/p>\n<\/div>\n<\/div>\n<\/li>\n<\/ul>\n<p><strong>O que foi feito nessa pesquisa?<\/strong><\/p>\n<p style=\"text-align: justify;\">Essa pesquisa \u00e9 in\u00e9dita e tem o objetivo de avaliar a contribui\u00e7\u00e3o do Programa de Reabilita\u00e7\u00e3o da SES-GO junto aos usu\u00e1rios da Aten\u00e7\u00e3o Prim\u00e1ria com hist\u00f3rico de interna\u00e7\u00e3o por COVID-19. O protocolo de interven\u00e7\u00e3o proposto nesse projeto foi desenvolvido pela SES-GO por meio do Programa Reabilita Goi\u00e1s. A popula\u00e7\u00e3o do estudo ser\u00e1 composta pelo total de indiv\u00edduos residentes em Inhumas e Senador Canedo, que aderirem ao programa com hist\u00f3rico de interna\u00e7\u00e3o por COVID-19, que apresentarem sequelas ou limita\u00e7\u00f5es provenientes da doen\u00e7a, e que aceitarem participar da pesquisa. O objetivo principal dessa pesquisa \u00e9 responder \u00e0 seguinte quest\u00e3o: o Programa de Reabilita\u00e7\u00e3o da Secretaria de Estado da Sa\u00fade de Goi\u00e1s para a Aten\u00e7\u00e3o Prim\u00e1ria contribui com a melhora da capacidade cardiorrespirat\u00f3ria e funcional dos indiv\u00edduos com hist\u00f3rico de interna\u00e7\u00e3o por COVID-19, que apresentam sequelas ou limita\u00e7\u00f5es provenientes da doen\u00e7a? Para tal, ser\u00e3o avaliadas fun\u00e7\u00e3o respirat\u00f3ria, for\u00e7a muscular e capacidade funcional dos participantes do programa. Essa pesquisa encontra-se em andamento com previs\u00e3o de entrega dos resultados em setembro de 2021.<\/p>\n<p><strong>Qual o benef\u00edcio dessa pesquisa para a popula\u00e7\u00e3o?<\/strong><\/p>\n<p style=\"text-align: justify;\">A reabilita\u00e7\u00e3o p\u00f3s-COVID-19 beneficia os servi\u00e7os de sa\u00fade, ao garantir a melhora da capacidade funcional e cardiorrespirat\u00f3ria dos pacientes acometidos pela doen\u00e7a. Nesse sentido, entendemos que essa melhora da qualidade de vida dos indiv\u00edduos pode reduzir as chances de readmiss\u00e3o hospitalar, que \u00e9 cr\u00edtica no contexto da pandemia.<\/p>\n<p style=\"text-align: justify;\">A avalia\u00e7\u00e3o do Programa de Reabilita\u00e7\u00e3o p\u00f3s-COVID-19 da SES-GO para Aten\u00e7\u00e3o Prim\u00e1ria \u00e9 relevante enquanto instrumento de gest\u00e3o, para an\u00e1lise e implanta\u00e7\u00e3o da Rede de Aten\u00e7\u00e3o para essa popula\u00e7\u00e3o. Considerando a urg\u00eancia sanit\u00e1ria causada pela pandemia da COVID-19, tal a\u00e7\u00e3o impacta positivamente promovendo a sa\u00fade coletiva no estado de Goi\u00e1s. \u00c9 imprescind\u00edvel desenvolver estudos que avaliem os resultados desse programa, tanto para o meio acad\u00eamico, quanto para subsidiar outros munic\u00edpios para ades\u00e3o ao Programa de Reabilita\u00e7\u00e3o.\u200b<\/p>\n<hr \/>\n<p><b><b><\/b><strong>FISIOTERAPIA NA SA\u00daDE P\u00daBLICA DO ESTADO DE GOI\u00c1S<\/strong><b><\/b><\/b><b><\/b><\/p>\n<ul class=\"thumbnails\" style=\"display: flex; flex-wrap: wrap;\">\n<li class=\"col-12 col-md-6 col-lg-3\" style=\"margin-left: 0%;\">\n<div class=\"nopaddingall\" style=\"height: 0%;\">\n<div class=\"caption\">\n<figure class=\"image\"><img loading=\"lazy\" decoding=\"async\" width=\"496\" height=\"495\" id=\"\" class=\" size-full wp-image-7887\" style=\"height: 100%; width: 100%; margin-right: 0px; margin-left: 0px;\" title=\"Kemil Rocha Sousa\" src=\"https:\/\/goias.gov.br\/saude\/wp-content\/uploads\/sites\/34\/2019\/04\/fotoKemil-1ee.jpg\" alt=\"\" data-image-widget-flowlayout=\"1\" data-image-width=\"100%\" srcset=\"https:\/\/goias.gov.br\/saude\/wp-content\/uploads\/sites\/34\/2019\/04\/fotoKemil-1ee.jpg 496w, https:\/\/goias.gov.br\/saude\/wp-content\/uploads\/sites\/34\/2019\/04\/fotoKemil-1ee-300x300.jpg 300w, https:\/\/goias.gov.br\/saude\/wp-content\/uploads\/sites\/34\/2019\/04\/fotoKemil-1ee-150x150.jpg 150w\" sizes=\"(max-width: 496px) 100vw, 496px\" \/><figcaption class=\"text-center\"><strong>Kemil Rocha Sousa<\/strong><\/figcaption><\/figure>\n<\/div>\n<\/div>\n<\/li>\n<li class=\"col-12 col-md-6 col-lg-3\" style=\"margin-left: 0;\">\n<div class=\"nopaddingall\" style=\"height: 0%;\">\n<div class=\"caption\">\n<p class=\"normal nomarginall\" style=\"text-align: left;\">Possui gradua\u00e7\u00e3o em Fisioterapia pela Universidade Estadual de Goi\u00e1s (UEG).\u00a0 Especialista em Traumato-Ortopedia e Terapia Intensiva. Mestre em Sa\u00fade Coletiva pela Universidade Federal de Goi\u00e1s. Atua como fisioterapeuta na SES-GO e SES-DF. Docente na PUC (Pontif\u00edcia Universidade Cat\u00f3lica de Goi\u00e1s).<b><\/b><\/p>\n<\/div>\n<\/div>\n<\/li>\n<li class=\"col-12 col-md-6 col-lg-3\" style=\"margin-left: 0%;\">\n<div class=\"nopaddingall\" style=\"height: 0%;\">\n<div class=\"caption\">\n<figure class=\"image\"><img loading=\"lazy\" decoding=\"async\" width=\"1080\" height=\"1081\" id=\"\" class=\" size-full wp-image-7888\" style=\"height: 100%; width: 100%; margin-right: 0px; margin-left: 0px;\" title=\"\" src=\"https:\/\/goias.gov.br\/saude\/wp-content\/uploads\/sites\/34\/2019\/04\/fotoPatricia-0d4.jpg\" alt=\"\" data-image-widget-flowlayout=\"1\" data-image-width=\"100%\" srcset=\"https:\/\/goias.gov.br\/saude\/wp-content\/uploads\/sites\/34\/2019\/04\/fotoPatricia-0d4.jpg 1080w, https:\/\/goias.gov.br\/saude\/wp-content\/uploads\/sites\/34\/2019\/04\/fotoPatricia-0d4-300x300.jpg 300w, https:\/\/goias.gov.br\/saude\/wp-content\/uploads\/sites\/34\/2019\/04\/fotoPatricia-0d4-1024x1024.jpg 1024w, https:\/\/goias.gov.br\/saude\/wp-content\/uploads\/sites\/34\/2019\/04\/fotoPatricia-0d4-150x150.jpg 150w, https:\/\/goias.gov.br\/saude\/wp-content\/uploads\/sites\/34\/2019\/04\/fotoPatricia-0d4-768x769.jpg 768w\" sizes=\"(max-width: 1080px) 100vw, 1080px\" \/><figcaption class=\"text-center\"><strong>Patr\u00edcia de S\u00e1 Barros<\/strong><\/figcaption><\/figure>\n<\/div>\n<\/div>\n<\/li>\n<li class=\"col-12 col-md-6 col-lg-3\" style=\"margin-left: 0;\">\n<div class=\"nopaddingall\" style=\"height: 0%;\">\n<div class=\"caption\">\n<p class=\"normal nomarginall\" style=\"text-align: left;\">Doutora em Ci\u00eancias M\u00e9dicas, \u00c1rea de Neurologia, Sub-\u00e1rea Neuroci\u00eancia (2008); Mestre em Ci\u00eancias M\u00e9dicas, \u00c1rea de Neurologia, Sub-\u00e1rea Neuroci\u00eancia (2004); Especialista em Fisioterapia m\u00fasculo-esquel\u00e9tica (2002); Graduada em Fisioterapia (2001). Docente do curso de Fisioterapia, Enfermagem, Educa\u00e7\u00e3o F\u00edsica, Farm\u00e1cia da FESGO (Faculdade Est\u00e1cio de S\u00e1 de Goi\u00e1s).\u00a0Representante docente do Campus Jata\u00ed na CPA (CAVI) da Universidade Federal de Goi\u00e1s. Desde junho\/2012 \u00e9 docente efetiva no mestrado profissional do N\u00facleo de Estudos em Sa\u00fade Coletiva (NESC) da UFG.<b><\/b><\/p>\n<\/div>\n<\/div>\n<\/li>\n<li class=\"col-12 col-md-6 col-lg-3\" style=\"margin-left: 0%;\">\n<div class=\"nopaddingall\" style=\"height: 0%;\">\n<div class=\"caption\">\n<figure class=\"image\"><img loading=\"lazy\" decoding=\"async\" width=\"1080\" height=\"1053\" id=\"\" class=\" size-full wp-image-7889\" style=\"height: 100%; width: 100%; margin-right: 0px; margin-left: 0px;\" title=\"\" src=\"https:\/\/goias.gov.br\/saude\/wp-content\/uploads\/sites\/34\/2019\/04\/fotoAurelio-938.jpg\" alt=\"\" data-image-widget-flowlayout=\"1\" data-image-width=\"100%\" srcset=\"https:\/\/goias.gov.br\/saude\/wp-content\/uploads\/sites\/34\/2019\/04\/fotoAurelio-938.jpg 1080w, https:\/\/goias.gov.br\/saude\/wp-content\/uploads\/sites\/34\/2019\/04\/fotoAurelio-938-300x293.jpg 300w, https:\/\/goias.gov.br\/saude\/wp-content\/uploads\/sites\/34\/2019\/04\/fotoAurelio-938-1024x998.jpg 1024w, https:\/\/goias.gov.br\/saude\/wp-content\/uploads\/sites\/34\/2019\/04\/fotoAurelio-938-768x749.jpg 768w\" sizes=\"(max-width: 1080px) 100vw, 1080px\" \/><figcaption class=\"text-center\"><strong>Aur\u00e9lio de Melo Barbosa<\/strong><\/figcaption><\/figure>\n<\/div>\n<\/div>\n<\/li>\n<li class=\"col-12 col-md-6 col-lg-3\" style=\"margin-left: 0;\">\n<div class=\"nopaddingall\" style=\"height: 0%;\">\n<div class=\"caption\">\n<p class=\"normal nomarginall\" style=\"text-align: left;\"><b><b><b><\/b><\/b><\/b>Fisioterapeuta, com p\u00f3s-gradua\u00e7\u00e3o Lato Sensu em Fisioterapia Neurol\u00f3gica, Acupuntura, Sa\u00fade P\u00fablica e Gest\u00e3o de Pol\u00edticas de Sa\u00fade Informadas por Evid\u00eancias. Mestre em Ci\u00eancias Ambientais e Sa\u00fade. Professor da gradua\u00e7\u00e3o em Fisioterapia da Universidade Estadual de Goi\u00e1s, em Goi\u00e2nia, desde 2004. Tamb\u00e9m atua com ATS (Avalia\u00e7\u00e3o de Tecnologias em Sa\u00fade), elaborando revis\u00f5es r\u00e1pidas de evid\u00eancias e estudos de impacto or\u00e7ament\u00e1rio na SES-GO\u200b.<\/p>\n<\/div>\n<\/div>\n<\/li>\n<li class=\"col-12 col-md-6 col-lg-6\" style=\"margin-left: 0;\">\n<div class=\"nopaddingall\" style=\"height: 0%;\">\n<div class=\"caption\">\n<p class=\"normal nomarginall\"><strong>V\u00eddeo Explicativo sobre a Pesquisa<\/strong><\/p>\n<p><iframe style=\"height: 30vh;\" src=\"https:\/\/www.youtube.com\/embed\/OJaxB2JJuXk\" width=\"100%\" height=\"100%\" frameborder=\"0\" scrolling=\"no\" align=\"middle\"><\/iframe><\/p>\n<\/div>\n<\/div>\n<\/li>\n<\/ul>\n<p><strong>O que foi feito nessa pesquisa?<\/strong><\/p>\n<p style=\"text-align: justify;\">O objetivo desse estudo foi caracterizar a Fisioterapia na sa\u00fade p\u00fablica do Estado de Goi\u00e1s a partir do Cadastro Nacional de Estabelecimentos de Sa\u00fade (CNES) .Os dados obtidos atrav\u00e9s do CNES foram relacionados aos fisioterapeutas que atendem ao SUS em Goi\u00e1s e\u00a0 analisados quanto \u00e0 especialidade, munic\u00edpio e estabelecimento de trabalho, carga hor\u00e1ria, vincula\u00e7\u00e3o e tipo de contrato, tipo de estabelecimento, n\u00famero de fisioterapeutas, esfera administrativa, macrorregi\u00e3o e munic\u00edpio de localiza\u00e7\u00e3o.\u00a0<strong>\u00a0<\/strong>Como os principais resultados dessa pesquisa podemos destacar que<strong>,\u00a0<\/strong>no CNES, Estado de Goi\u00e1s, refer\u00eancia julho de 2019, foram encontrados 2.187 registros de fisioterapeutas prestando servi\u00e7os. Em rela\u00e7\u00e3o aos estabelecimentos de assist\u00eancia \u00e0 sa\u00fade que atendem ao SUS, foram detectados 1.673 fisioterapeutas em 2.436 postos de trabalho, sendo 801 (32,9%) vinculados \u00e0 aten\u00e7\u00e3o b\u00e1sica e 1.635 (67,1%) aten\u00e7\u00e3o especializada \u00e0 sa\u00fade (ambulatoriais e hospitais). Em geral, a carga hor\u00e1ria semanal de trabalho do fisioterapeuta foi de 38 horas. Apenas 74 munic\u00edpios (30,1%) tinham NPCAF (N\u00famero de pessoas cobertas por assist\u00eancia fisioterap\u00eautica considerado adequado). Nenhuma das regi\u00f5es e macrorregi\u00f5es de sa\u00fade apresenta uma cobertura assistencial de fisioterapia considerada adequada.<\/p>\n<p><strong>Qual o benef\u00edcio dessa pesquisa para a popula\u00e7\u00e3o?<\/strong><\/p>\n<p style=\"text-align: justify;\">O fisioterapeuta \u00e9 um dos profissionais mais importantes dentro dos servi\u00e7os de sa\u00fade e a oferta deste servi\u00e7o deve ser valorizada para a aten\u00e7\u00e3o integral \u00e0 sa\u00fade. No entanto, observamos que ainda h\u00e1 muito a ser trabalhado nesse sentido no Estado de Goi\u00e1s e no Brasil. Esse estudo comprovou que grande parte dos fisioterapeutas exercem sua fun\u00e7\u00e3o com sobrecarga de trabalho, devido a alta demanda de pacientes e a baixa oferta de profissionais pelo SUS. Medidas urgentes precisam ser tomadas, sendo necess\u00e1rio que a sociedade se organize e cobre das autoridades competentes a contrata\u00e7\u00e3o de um maior n\u00famero de fisioterapeutas, para que assim, esses profissionais possam desenvolver amplamente suas atribui\u00e7\u00f5es, oferecendo uma melhor qualidade de vida e uma assist\u00eancia com cuidados integral aos usu\u00e1rios do SUS.\u200b<\/p>\n<hr \/>\n<p><strong>AVALIA\u00c7\u00c3O DE DIFERENTES FARMACOTERAPIAS UTILIZADAS PARA COVID-19<\/strong><\/p>\n<ul class=\"thumbnails\" style=\"display: flex; flex-wrap: wrap;\">\n<li class=\"col-12 col-md-6 col-lg-3\" style=\"margin-left: 0%;\">\n<div class=\"nopaddingall\" style=\"height: 0%;\">\n<div class=\"caption\">\n<figure class=\"image\"><img loading=\"lazy\" decoding=\"async\" width=\"637\" height=\"744\" id=\"\" class=\" size-full wp-image-7890\" style=\"height: 100%; width: 100%; margin-right: 0px; margin-left: 0px;\" title=\"\" src=\"https:\/\/goias.gov.br\/saude\/wp-content\/uploads\/sites\/34\/2019\/04\/JoaoPaulo-66e.jpeg\" alt=\"\" data-image-widget-flowlayout=\"1\" data-image-width=\"100%\" srcset=\"https:\/\/goias.gov.br\/saude\/wp-content\/uploads\/sites\/34\/2019\/04\/JoaoPaulo-66e.jpeg 637w, https:\/\/goias.gov.br\/saude\/wp-content\/uploads\/sites\/34\/2019\/04\/JoaoPaulo-66e-257x300.jpeg 257w\" sizes=\"(max-width: 637px) 100vw, 637px\" \/><figcaption class=\"text-center\">Jo\u00e3o Paulo Ara\u00fajo Ferreira<\/figcaption><\/figure>\n<\/div>\n<\/div>\n<\/li>\n<li class=\"col-12 col-md-6 col-lg-3\" style=\"margin-left: 0;\">\n<div class=\"nopaddingall\" style=\"height: 0%;\">\n<div class=\"caption\">\n<p>Graduado em Farm\u00e1cia pela Universidade Federal de Goi\u00e1s (2019\/1.) Especializa\u00e7\u00e3o em\u00a0Aten\u00e7\u00e3o Farmac\u00eautica pela\u00a0Faculdade\u00a0Unyleya.)\u00a0\u200b<\/p>\n<p class=\"normal nomarginall\" style=\"text-align: left;\">\n<\/div>\n<\/div>\n<\/li>\n<li class=\"col-12 col-md-6 col-lg-3\" style=\"margin-left: 0%;\">\n<div class=\"nopaddingall\" style=\"height: 0%;\">\n<div class=\"caption\">\n<figure class=\"image\"><img loading=\"lazy\" decoding=\"async\" width=\"1135\" height=\"1280\" id=\"\" class=\" size-full wp-image-7891\" style=\"height: 100%; width: 100%; margin-right: 0px; margin-left: 0px;\" title=\"\" src=\"https:\/\/goias.gov.br\/saude\/wp-content\/uploads\/sites\/34\/2019\/04\/Maysa-117.jpeg\" alt=\"\" data-image-widget-flowlayout=\"1\" data-image-width=\"100%\" srcset=\"https:\/\/goias.gov.br\/saude\/wp-content\/uploads\/sites\/34\/2019\/04\/Maysa-117.jpeg 1135w, https:\/\/goias.gov.br\/saude\/wp-content\/uploads\/sites\/34\/2019\/04\/Maysa-117-266x300.jpeg 266w, https:\/\/goias.gov.br\/saude\/wp-content\/uploads\/sites\/34\/2019\/04\/Maysa-117-908x1024.jpeg 908w, https:\/\/goias.gov.br\/saude\/wp-content\/uploads\/sites\/34\/2019\/04\/Maysa-117-768x866.jpeg 768w\" sizes=\"(max-width: 1135px) 100vw, 1135px\" \/><figcaption class=\"text-center\">Maysa Aparecida de Oliveira<\/figcaption><\/figure>\n<\/div>\n<\/div>\n<\/li>\n<li class=\"col-12 col-md-6 col-lg-3\" style=\"margin-left: 0;\">\n<div class=\"nopaddingall\" style=\"height: 0%;\">\n<div class=\"caption\">\n<p class=\"normal nomarginall\" style=\"text-align: left;\">Graduada em Farm\u00e1cia (1996) com Habilita\u00e7\u00e3o em Farm\u00e1cia Industrial (1999) pela Universidade Federal de Goi\u00e1s. Especializa\u00e7\u00e3o em Farmacologia (2002) pela Universidade Federal de Goi\u00e1s. Mestrado em Qu\u00edmica (2007) e Doutorado em Ci\u00eancias da Sa\u00fade (2013) pela Universidade Federal de Goi\u00e1s.<b><\/b><\/p>\n<\/div>\n<\/div>\n<\/li>\n<li class=\"col-12 col-md-6 col-lg-6\" style=\"margin-left: 0;\">\n<div class=\"nopaddingall\" style=\"height: 0%;\">\n<div class=\"caption\">\n<p class=\"normal nomarginall\" style=\"text-align: left;\"><strong>V\u00eddeo Explicativo sobre a Pesquisa<\/strong><\/p>\n<p><iframe style=\"height: 30vh;\" src=\"https:\/\/www.youtube.com\/embed\/LdCSY5dq894\" width=\"100%\" height=\"100%\" longdesc=\"Video Explicativo\" frameborder=\"0\" scrolling=\"yes\" align=\"middle\"><\/iframe><\/p>\n<\/div>\n<\/div>\n<\/li>\n<\/ul>\n<p style=\"text-align: justify;\"><strong>O que foi feito nessa pesquisa?<\/strong><\/p>\n<p style=\"text-align: justify;\">\u00a0Esse estudo est\u00e1 sendo conduzido no Hospital de Doen\u00e7as Tropicais Dr. Anuar Auad (HDT\/HAA) com pacientes ambulatoriais e internados diagnosticados com SARS-CoV-2 e tem por objetivo descrever o perfil epidemiol\u00f3gico dos pacientes ambulatoriais, internados em enfermarias e em unidade de terapia intensiva (UTI) acometidos pelo SARS-CoV-2, comparar as diferentes farmacoterapias utilizadas no estudo com a farmacoterapia preconizada por um poss\u00edvel Protocolo de Tratamento da COVID-19 estabelecido pelo MS e avaliar os efeitos adversos e intera\u00e7\u00f5es medicamentosas das farmacoterapias utilizadas no tratamento de pacientes acometidos pelo SARS-CoV-2. O presente estudo encontra-se em andamento. A coleta de dados\u00a0 come\u00e7ou\u00a0 a ser realizada\u00a0 em \u00a0outubro de 2020\u00a0 e se encerrar\u00e1 no final de abril de 2021.\u00a0 A data prevista para a entrega dos resultados\u00a0 ser\u00e1 em mar\u00e7o de 2022.<\/p>\n<p style=\"text-align: justify;\"><strong>Qual o benef\u00edcio dessa pesquisa para a popula\u00e7\u00e3o?<\/strong><\/p>\n<p style=\"text-align: justify;\">Pesquisadores, cientistas e profissionais da sa\u00fade no mundo todo t\u00eam focado sua energia e recursos em busca de uma reposta r\u00e1pida para a pandemia causada pelo novo coronav\u00edrus (Sars-CoV-2). Al\u00e9m do desenvolvimento de vacinas, a pesquisa global busca estabelecer tratamentos eficientes e seguros para a Covid-19. \u00a0Realizar estudos e an\u00e1lises dos\u00a0medicamentos contribui muito\u00a0para detectar rea\u00e7\u00f5es adversas, inefic\u00e1cia do tratamento, efeitos colaterais, bem como a m\u00e1 utiliza\u00e7\u00e3o dos mesmos, o que possibilitaria a realiza\u00e7\u00e3o de interven\u00e7\u00f5es adequadas e oportunas.\u00a0Estudos como esses, s\u00e3o muito importantes para ajudar os profissionais de sa\u00fade a tra\u00e7arem novos planos de tratamento medicamentoso para pacientes acometidos pela Covid 19, que sejam cada vez mais seguros e eficazes, contribuindo assim para minimizar complica\u00e7\u00f5es e para a redu\u00e7\u00e3o de \u00f3bitos causados pelo\u00a0(Sars-CoV-2).<\/p>\n<hr \/>\n<p><b><b><b>PERFIL EPIDEMIOL\u00d3GICO<\/b><b>\u00a0<\/b><b>DOS PACIENTES HEMOF\u00cdLICOS DO ESTADO DE<\/b><b>\u00a0<\/b><b>GOI\u00c1S<\/b><\/b><b><\/b><\/b><\/p>\n<ul class=\"thumbnails\" style=\"display: flex; flex-wrap: wrap;\">\n<li class=\"col-12 col-md-6 col-lg-3\" style=\"margin-left: 0%;\">\n<div class=\"nopaddingall\" style=\"height: 0%;\">\n<div class=\"caption\">\n<figure class=\"image\"><img loading=\"lazy\" decoding=\"async\" width=\"962\" height=\"1280\" id=\"\" class=\" size-full wp-image-7892\" style=\"height: 100%; width: 100%; margin-right: 0px; margin-left: 0px;\" title=\"\" src=\"https:\/\/goias.gov.br\/saude\/wp-content\/uploads\/sites\/34\/2019\/04\/fotocamila-052.jpg\" alt=\"\" data-image-widget-flowlayout=\"1\" data-image-width=\"100%\" srcset=\"https:\/\/goias.gov.br\/saude\/wp-content\/uploads\/sites\/34\/2019\/04\/fotocamila-052.jpg 962w, https:\/\/goias.gov.br\/saude\/wp-content\/uploads\/sites\/34\/2019\/04\/fotocamila-052-225x300.jpg 225w, https:\/\/goias.gov.br\/saude\/wp-content\/uploads\/sites\/34\/2019\/04\/fotocamila-052-770x1024.jpg 770w, https:\/\/goias.gov.br\/saude\/wp-content\/uploads\/sites\/34\/2019\/04\/fotocamila-052-768x1022.jpg 768w\" sizes=\"(max-width: 962px) 100vw, 962px\" \/><figcaption class=\"text-center\">Camila Martins Ribeiro<\/figcaption><\/figure>\n<\/div>\n<\/div>\n<\/li>\n<li class=\"col-12 col-md-6 col-lg-3\" style=\"margin-left: 0;\">\n<div class=\"nopaddingall\" style=\"height: 0%;\">\n<div class=\"caption\">\n<p>Graduada em Enfermagem pela Universidade de Rio Verde (Janeiro de 2021)\u00a0\u200b<\/p>\n<p class=\"normal nomarginall\" style=\"text-align: left;\">\n<\/div>\n<\/div>\n<\/li>\n<li class=\"col-12 col-md-6 col-lg-3\" style=\"margin-left: 0%;\">\n<div class=\"nopaddingall\" style=\"height: 0%;\">\n<div class=\"caption\">\n<figure class=\"image\"><img loading=\"lazy\" decoding=\"async\" width=\"768\" height=\"1024\" id=\"\" class=\" size-full wp-image-7893\" style=\"height: 100%; width: 100%; margin-right: 0px; margin-left: 0px;\" title=\"\" src=\"https:\/\/goias.gov.br\/saude\/wp-content\/uploads\/sites\/34\/2019\/04\/fotoAdriele-83a.jpg\" alt=\"\" data-image-widget-flowlayout=\"1\" data-image-width=\"100%\" srcset=\"https:\/\/goias.gov.br\/saude\/wp-content\/uploads\/sites\/34\/2019\/04\/fotoAdriele-83a.jpg 768w, https:\/\/goias.gov.br\/saude\/wp-content\/uploads\/sites\/34\/2019\/04\/fotoAdriele-83a-225x300.jpg 225w\" sizes=\"(max-width: 768px) 100vw, 768px\" \/><figcaption class=\"text-center\">Adriele Viana Resende<\/figcaption><\/figure>\n<\/div>\n<\/div>\n<\/li>\n<li class=\"col-12 col-md-6 col-lg-3\" style=\"margin-left: 0;\">\n<div class=\"nopaddingall\" style=\"height: 0%;\">\n<div class=\"caption\">\n<p class=\"normal nomarginall\" style=\"text-align: left;\">Enfermeira, Mestranda em Ensino na Sa\u00fade da Faculdade de Medicina da Universidade Federal de Goi\u00e1s, Especialista em Unidade de Terapia Intensiva pelo CEEN PUC GO ( 2013) \u00a0. Coordenadora do N\u00facleo de TCC e docente da Faculdade de Enfermagem da Universidade de Rio Verde<b><\/b><\/p>\n<\/div>\n<\/div>\n<\/li>\n<li class=\"col-12 col-md-6 col-lg-6\" style=\"margin-left: 0;\">\n<div class=\"nopaddingall\" style=\"height: 0%;\">\n<div class=\"caption\">\n<p class=\"normal nomarginall\" style=\"text-align: left;\"><strong>V\u00eddeo Explicativo sobre a Pesquisa<\/strong><\/p>\n<p><iframe style=\"height: 30vh;\" src=\"https:\/\/www.youtube.com\/embed\/roAFy3pYQQ4\" width=\"100%\" height=\"100%\" longdesc=\"Video Explicativo\" frameborder=\"0\" scrolling=\"yes\" align=\"middle\"><\/iframe><\/p>\n<\/div>\n<\/div>\n<\/li>\n<\/ul>\n<p style=\"text-align: justify;\"><strong>O que foi feito nessa pesquisa?\u00a0<\/strong><\/p>\n<p style=\"text-align: justify;\">A hemofilia \u00e9 um dist\u00farbio gen\u00e9tico ocasionado pela defici\u00eancia na coagula\u00e7\u00e3o do sangue. A pesquisa avaliou o perfil epidemiol\u00f3gico dos pacientes hemof\u00edlicos do Estado de Goi\u00e1s atrav\u00e9s da an\u00e1lise de dados dos prontu\u00e1rios dos pacientes cadastrados e acompanhados no HEMOGO &#8211; Hemocentro de Goi\u00e1s Professor Nion Albernaz, em Goi\u00e2nia-Goi\u00e1s durante os meses de mar\u00e7o e abril de 2020. Participaram da pesquisa todos os pacientes cadastrados at\u00e9 fevereiro de 2020 com o diagn\u00f3stico de hemofilia, com faixa et\u00e1ria de 0 a 95 anos. Os dados coletados por meio de an\u00e1lise dos prontu\u00e1rios com o aux\u00edlio de um instrumento validado para essa finalidade com informa\u00e7\u00f5es como: ra\u00e7a, idade, sexo e localidade do domic\u00edlio dos pacientes; e da identifica\u00e7\u00e3o da gravidade da hemofilia, faixa et\u00e1ria do diagn\u00f3stico e tipo sangu\u00edneo.<\/p>\n<p style=\"text-align: justify;\"><strong>Qual o benef\u00edcio dessa pesquisa para a popula\u00e7\u00e3o?<\/strong><\/p>\n<p style=\"text-align: justify;\">Diante dos resultados encontrados neste estudo, \u00e9 poss\u00edvel concluir que o perfil epidemiol\u00f3gico dos pacientes hemof\u00edlicos do Estado de Goi\u00e1s, consiste em: brancos, com faixa et\u00e1ria de 20-29 anos, sexo masculino, residentes principalmente na regi\u00e3o Central de Goi\u00e1s. Alguns hemof\u00edlicos atendidos pelo HEMOGO localizam-se em outros Estados, como Mato Grosso, Par\u00e1, Tocantins, Bahia e Minas Gerais. Prevaleceram os portadores de hemofilia A , sendo diagnosticados com idade superior a 30 anos e predom\u00ednio do tipo sangu\u00edneo O+ . A hemofilia \u00e9 considerada uma doen\u00e7a cr\u00f4nica, de alto custo financeiro, principalmente para o SUS e de grande impacto na vida do indiv\u00edduo e sua fam\u00edlia salientando assim a necessidade da realiza\u00e7\u00e3o de outros estudos acerca dessa tem\u00e1tica, a import\u00e2ncia da capacita\u00e7\u00e3o e educa\u00e7\u00e3o continuada para os profissionais que atuam na \u00e1rea e alimentam o sistema de informa\u00e7\u00f5es, a divulga\u00e7\u00e3o sobre a hemofilia e \u00a0a conscientiza\u00e7\u00e3o da popula\u00e7\u00e3o a fim de diagnosticar os pacientes precocemente e tamb\u00e9m orientar a respeito dos dist\u00farbios da coagula\u00e7\u00e3o sangu\u00ednea.<\/p>\n<hr \/>\n<p><b><b><\/b><\/b><b><b>Mapeamento do perfil dos usu\u00e1rios do Programa de Aten\u00e7\u00e3o Integral ao Louco Infrator\/PAILI entre 2006 e 2014.<\/b><b><\/b><\/b><\/p>\n<ul class=\"thumbnails\" style=\"display: flex; flex-wrap: wrap;\">\n<li class=\"col-12 col-md-6 col-lg-3\" style=\"margin-left: 0%;\">\n<div class=\"nopaddingall\" style=\"height: 0%;\">\n<div class=\"caption\">\n<figure class=\"image\"><img loading=\"lazy\" decoding=\"async\" width=\"130\" height=\"175\" id=\"\" class=\" size-full wp-image-7894\" style=\"height: 100%; width: 100%; margin-right: 0px; margin-left: 0px;\" title=\"\" src=\"https:\/\/goias.gov.br\/saude\/wp-content\/uploads\/sites\/34\/2019\/04\/karen-fe7.png\" alt=\"\" data-image-widget-flowlayout=\"1\" data-image-width=\"100%\" \/><figcaption class=\"text-center\"><strong>Karen Michel Esber<\/strong><\/figcaption><\/figure>\n<\/div>\n<\/div>\n<\/li>\n<li class=\"col-12 col-md-6 col-lg-3\" style=\"margin-left: 0;\">\n<div class=\"nopaddingall\" style=\"height: 0%;\">\n<div class=\"caption\">\n<p class=\"normal nomarginall\" style=\"text-align: left;\">Graduada em Psicologia pela Universidade Cat\u00f3lica de Goi\u00e1s (2000), especialista em Psicologia Jur\u00eddica (2003), especialista em Terapia de Fam\u00edlias e Casais (2005) com curso de forma\u00e7\u00e3o em Terapia Sexual de Casais (2005), mestre em Psicologia Social pela Universidade Cat\u00f3lica de Goi\u00e1s (2008) e doutora em sociologia pela Universidade Federal de Goi\u00e1s (2016). Atualmente \u00e9 coordenadora de pesquisa na Superintend\u00eancia da Escola de Sa\u00fade de Goi\u00e1s.<\/p>\n<p><a href=\"https:\/\/www.editoraappris.com.br\/produto\/4123-autores-de-agresso-subsdios-para-uma-abordagem-interdisciplinar\" target=\"_blank\" rel=\"noopener\">Trabalho completo<\/a><b><\/b><\/p>\n<\/div>\n<\/div>\n<\/li>\n<li class=\"col-12 col-md-6 col-lg-3\" style=\"margin-left: 0%;\">\n<div class=\"nopaddingall\" style=\"height: 0%;\">\n<div class=\"caption\">\n<figure class=\"image\"><img loading=\"lazy\" decoding=\"async\" width=\"130\" height=\"175\" id=\"\" class=\" size-full wp-image-7895\" style=\"height: 100%; width: 100%; margin-right: 0px; margin-left: 0px;\" title=\"\" src=\"https:\/\/goias.gov.br\/saude\/wp-content\/uploads\/sites\/34\/2019\/04\/mariaaparecida-ee3.png\" alt=\"\" data-image-widget-flowlayout=\"1\" data-image-width=\"100%\" \/><figcaption class=\"text-center\"><strong>Maria Aparecida Diniz<\/strong><\/figcaption><\/figure>\n<\/div>\n<\/div>\n<\/li>\n<li class=\"col-12 col-md-6 col-lg-3\" style=\"margin-left: 0;\">\n<div class=\"nopaddingall\" style=\"height: 0%;\">\n<div class=\"caption\">\n<p class=\"normal nomarginall\" style=\"text-align: left;\">Psic\u00f3loga, Especialista em Gerontologia e Sa\u00fade do Idoso pela Universidade Federal de Goi\u00e1s. Perita Examinadora do Tr\u00e2nsito. Professora da Pr\u00e1tica da Avalia\u00e7\u00e3o Psicol\u00f3gica do Curso de Extens\u00e3o de Perito Examinador do Tr\u00e2nsito\/IPES. Professora do Curso de Especializa\u00e7\u00e3o em \u00a0Psicologia do Tr\u00e2nsito. Funcion\u00e1ria P\u00fablica Estadual Aposentada\/Secretaria de Estado da Sa\u00fade \u2013 Superintend\u00eancia de Pol\u00edticas de Aten\u00e7\u00e3o Integral \u00e0 Sa\u00fade &#8211; Ger\u00eancia de Sa\u00fade Mental \u2013 Ex Coordenadora e idealizadora do Programa de Aten\u00e7\u00e3o Integral ao Louco Infrator &#8211; PAILI.<b><\/b><\/p>\n<\/div>\n<\/div>\n<\/li>\n<li class=\"col-12 col-md-6 col-lg-3\" style=\"margin-left: 0%;\">\n<div class=\"nopaddingall\" style=\"height: 0%;\">\n<div class=\"caption\">\n<figure class=\"image\"><img loading=\"lazy\" decoding=\"async\" width=\"130\" height=\"175\" id=\"\" class=\" size-full wp-image-7896\" style=\"height: 100%; width: 100%; margin-right: 0px; margin-left: 0px;\" title=\"\" src=\"https:\/\/goias.gov.br\/saude\/wp-content\/uploads\/sites\/34\/2019\/04\/carlene-e13.png\" alt=\"\" data-image-widget-flowlayout=\"1\" data-image-width=\"100%\" \/><figcaption class=\"text-center\"><strong>Carlene Borges Soares<\/strong><\/figcaption><\/figure>\n<\/div>\n<\/div>\n<\/li>\n<li class=\"col-12 col-md-6 col-lg-3\" style=\"margin-left: 0;\">\n<div class=\"nopaddingall\" style=\"height: 0%;\">\n<div class=\"caption\">\n<p class=\"normal nomarginall\" style=\"text-align: left;\"><b><b><b><\/b><\/b><\/b>Terapeuta Ocupacional aposentada da\u00a0 Secretaria\u00a0 de Estado da Sa\u00fade de Goi\u00e1s\u00a0 e Secretaria Municipal de Sa\u00fade de Goi\u00e2nia . Especialistas em Sa\u00fade\u00a0 Publica pela UNAERP, e Mestre em Psicologia Social pela PUC Goi\u00e1s. Ex coordenadora do PAILI.<\/p>\n<\/div>\n<\/div>\n<\/li>\n<li class=\"col-12 col-md-6 col-lg-6\" style=\"margin-left: 0;\">\n<div class=\"nopaddingall\" style=\"height: 0%;\">\n<div class=\"caption\">\n<p class=\"normal nomarginall\"><strong>V\u00eddeo Explicativo sobre a Pesquisa<\/strong><\/p>\n<p><iframe style=\"height: 30vh;\" src=\"https:\/\/www.youtube.com\/embed\/b8Sg8_0l08A\" width=\"100%\" height=\"100%\" frameborder=\"0\" scrolling=\"no\" align=\"middle\"><\/iframe><\/p>\n<\/div>\n<\/div>\n<\/li>\n<\/ul>\n<p style=\"text-align: justify;\"><strong>O que foi feito nessa pesquisa?\u00a0<\/strong><\/p>\n<p style=\"text-align: justify;\">\u00a0O Programa de Aten\u00e7\u00e3o Integral ao Louco Infrator (PAILI) foi criado em 2006 trazendo a inova\u00e7\u00e3o e humaniza\u00e7\u00e3o com um modelo assistencial de natureza comunit\u00e1ria, n\u00e3o manicomial e n\u00e3o prisional \u00e0s pessoas com transtornos mentais que praticaram crimes. \u00c9 parte constituinte da pol\u00edtica p\u00fablica de sa\u00fade mental goiana, pois est\u00e1 institucionalmente vinculado \u00e0 Ger\u00eancia de Sa\u00fade Mental\/ Superintend\u00eancia de Sa\u00fade Mental e Popula\u00e7\u00f5es Espec\u00edficas\/ Secretaria de Estado da Sa\u00fade de Goi\u00e1s. Nessa pesquisa foi realizado o primeiro levantamento cient\u00edfico sistematizado sobre o perfil psicossocial dos usu\u00e1rios encaminhados ao PAILI, entre outubro de 2006 a janeiro de 2014, por meio de pesquisa documental em seus prontu\u00e1rios institucionais. Como resultado desse estudo, tr\u00eas perfis puderam ser delineados: O primeiro foi nomeado perfil socioeducacional e familiar dos usu\u00e1rios do PAILI, no qual foram analisados os dados relacionados ao sexo, idade, escolaridade, estado civil, n\u00famero de filhos, acolhimento dos usu\u00e1rios pela fam\u00edlia ap\u00f3s encaminhamento ao Programa, dentre outros. O segundo foi intitulado perfil cl\u00ednico e criminal dos usu\u00e1rios do PAILI e foram avaliados temas como: diagn\u00f3stico categorizado, tipo de crime, primeiro encaminhamento realizado pelo PAILI, uso de drogas ao tempo do crime e reincid\u00eancia. O terceiro foi denominado perfil das v\u00edtimas dos usu\u00e1rios do PAILI, no qual foram analisadas categorias como: idade das v\u00edtimas, n\u00famero de v\u00edtimas, proximidade entre o usu\u00e1rio do PAILI e suas v\u00edtimas. \u200b<\/p>\n<p style=\"text-align: justify;\"><strong>Qual o benef\u00edcio dessa pesquisa para a popula\u00e7\u00e3o?<\/strong><\/p>\n<p style=\"text-align: justify;\">A relev\u00e2ncia desse estudo est\u00e1 na possibilidade de aprimoramento das a\u00e7\u00f5es assistenciais de cuidado aos usu\u00e1rios do PAILI e \u00e0s suas fam\u00edlias, das rotinas institucionais cotidianas e de gest\u00e3o do Programa. Al\u00e9m disso, este estudo pretende contribuir para a redu\u00e7\u00e3o do preconceito contra pessoas com transtornos mentais que cometeram crimes, na medida em que o perfil psicossocial realizado permite a aproxima\u00e7\u00e3o de um retrato mais real sobre esses personagens estigmatizados e desconhecidos. Essa pesquisa ainda permite uma amplia\u00e7\u00e3o da produ\u00e7\u00e3o cient\u00edfica nacional especializada, ainda escassa no Brasil, sendo de muita import\u00e2ncia, considerando que os estudos internacionais n\u00e3o refletem a realidade brasileira. \u00a0A pesquisa visou \u00e0 humaniza\u00e7\u00e3o do campo das pol\u00edticas p\u00fablicas brasileiras relacionadas \u00e0s pessoas com transtornos mentais.<\/p>\n<hr \/>\n<p><b><b><\/b><\/b><b><b>AN\u00c1LISE RETROSPECTIVA E PROSPECTIVA A CERCA DOS \u00d3BITOS NO CENTRO CIR\u00daRGICO DO HOSPITAL DE URG\u00caNCIAS DE GOI\u00c2NIA (HUGO<\/b><b>)<\/b><\/b><b><\/b><\/p>\n<ul class=\"thumbnails\" style=\"display: flex; flex-wrap: wrap;\">\n<li class=\"col-12 col-md-6 col-lg-3\" style=\"margin-left: 0%;\">\n<div class=\"nopaddingall\" style=\"height: 0%;\">\n<div class=\"caption\">\n<h3 class=\"h6 nomarginall\"><img loading=\"lazy\" decoding=\"async\" id=\"\" class=\" size-full wp-image-7897\" style=\"height: 100%; width: 100%;\" title=\"\" src=\"https:\/\/goias.gov.br\/saude\/wp-content\/uploads\/sites\/34\/2019\/04\/lais-783.png\" alt=\"\" width=\"130\" height=\"175\" \/><\/h3>\n<\/div>\n<\/div>\n<\/li>\n<li class=\"col-12 col-md-6 col-lg-3\" style=\"margin-left: 0;\">\n<div class=\"nopaddingall\" style=\"height: 0%;\">\n<div class=\"caption\">\n<p class=\"normal nomarginall\" style=\"text-align: left;\"><b><b>La\u00eds de Souza Meireles<\/b><\/b><\/p>\n<p>Graduada em medicina pela Universidade Federal do Tocantins (UFT). Resid\u00eancia em Anestesiologia pelo Hospital de Urg\u00eancias\u00a0de Goi\u00e2nia (HUGO).<b><\/b><\/p>\n<\/div>\n<\/div>\n<\/li>\n<li class=\"col-12 col-md-6 col-lg-3\" style=\"margin-left: 0%;\">\n<div class=\"nopaddingall\" style=\"height: 0%;\">\n<div class=\"caption\">\n<h3 class=\"h6 nomarginall\"><img loading=\"lazy\" decoding=\"async\" id=\"\" class=\" size-full wp-image-7898\" style=\"height: 100%; width: 100%;\" title=\"\" src=\"https:\/\/goias.gov.br\/saude\/wp-content\/uploads\/sites\/34\/2019\/04\/ferdinando-3f6.png\" alt=\"\" width=\"130\" height=\"175\" \/><\/h3>\n<\/div>\n<\/div>\n<\/li>\n<li class=\"col-12 col-md-6 col-lg-3\" style=\"margin-left: 0;\">\n<div class=\"nopaddingall\" style=\"height: 0%;\">\n<div class=\"caption\">\n<p class=\"normal nomarginall\" style=\"text-align: left;\"><b><b><b>Ferdinando Finger da Silva<\/b><\/b><\/b><br \/>\nPossui Gradua\u00e7\u00e3o em Medicina pelo Centro Universit\u00e1rio S\u00e3o Lucas de Porto Velho- RO (2015). Resid\u00eancia em Anestesiologia pelo Hospital de Urg\u00eancias\u00a0de Goi\u00e2nia (HUGO). P\u00f3s- Gradua\u00e7\u00e3o em tratamento de dor pela APM-Academia de Cursos M\u00e9dicos em Goi\u00e2nia-GO.<b><\/b><\/p>\n<\/div>\n<\/div>\n<\/li>\n<li class=\"col-12 col-md-6 col-lg-3\" style=\"margin-left: 0%;\">\n<div class=\"nopaddingall\" style=\"height: 0%;\">\n<div class=\"caption\">\n<h3 class=\"h6 nomarginall\"><img loading=\"lazy\" decoding=\"async\" id=\"\" class=\" size-full wp-image-7899\" style=\"height: 100%; width: 100%;\" title=\"\" src=\"https:\/\/goias.gov.br\/saude\/wp-content\/uploads\/sites\/34\/2019\/04\/luis-eba.png\" alt=\"\" width=\"130\" height=\"175\" \/><\/h3>\n<\/div>\n<\/div>\n<\/li>\n<li class=\"col-12 col-md-6 col-lg-3\" style=\"margin-left: 0;\">\n<div class=\"nopaddingall\" style=\"height: 0%;\">\n<div class=\"caption\">\n<p class=\"normal nomarginall\" style=\"text-align: left;\"><b><b><b>Luis Fl\u00e1vio Fran\u00e7a Vinhosa Muniz<\/b><\/b><\/b><\/p>\n<p class=\"normal nomarginall\" style=\"text-align: left;\"><b><b><b><\/b><\/b><\/b>Gradua\u00e7\u00e3o em Medicina pela Universidade de Vassouras (2003). Especializa\u00e7\u00e3o em Anestesiologia pela Universidade Federal do Tri\u00e2ngulo Mineiro (UFTM). P\u00f3s Gradua\u00e7\u00e3o em Terapia Intensiva\/ AMIB e Fellow em anestesia regional pela Universidade Federal de S\u00e3o Paulo (UNIFESP).<\/p>\n<\/div>\n<\/div>\n<\/li>\n<li class=\"col-12 col-md-6 col-lg-6\" style=\"margin-left: 0;\">\n<div class=\"nopaddingall\" style=\"height: 0%;\">\n<div class=\"caption\">\n<p class=\"normal nomarginall\"><strong>V\u00eddeo Explicativo sobre a Pesquisa<\/strong><\/p>\n<p><iframe style=\"height: 30vh;\" src=\"https:\/\/www.youtube.com\/embed\/Wk8QDMDxbQ8\" width=\"100%\" height=\"100%\" frameborder=\"0\" scrolling=\"no\" align=\"middle\"><\/iframe><\/p>\n<\/div>\n<\/div>\n<\/li>\n<\/ul>\n<p><strong>O que foi feito nessa pesquisa?<\/strong><\/p>\n<p style=\"text-align: justify;\">O setor mais complexo de um hospital sem d\u00favida \u00e9 o centro cir\u00fargico e esse ambiente se constitui num dos mais prop\u00edcios para a ocorr\u00eancia de eventos adversos devido \u00e0 diversidade de procedimentos cir\u00fargicos e a intensa circula\u00e7\u00e3o de profissionais das mais variadas \u00e1reas. Esse estudo analisou as causas dos \u00f3bitos, os diagn\u00f3sticos de entrada, sexo, ra\u00e7a e idade acerca dos \u00f3bitos que ocorreram nos centros cir\u00fargicos do Hospital de Urg\u00eancias de Goi\u00e2nia (HUGO) ocorridos no per\u00edodo de janeiro de 2016 a dezembro de 2019. Constatou-se que (46,0%) tiveram como causas de mortes os choques hipovol\u00eamicos, tamb\u00e9m chamado de choque hemorr\u00e1gico, acontece quando o paciente perde uma quantidade exorbitante de sangue e l\u00edquidos corporais, os traumatismos cranioencef\u00e1licos, acidentes vasculares cerebrais-AVCs, e choques s\u00e9pticos. Ao analisar os dados sociodemogr\u00e1ficos, verificou-se a predomin\u00e2ncia de indiv\u00edduos de ra\u00e7a ou cor parda (76,0%), na faixa et\u00e1ria entre 21 a 40 anos (33,9%) e do sexo masculino (65,0%). A pesquisa mostrou tamb\u00e9m que, dos pacientes que deram entrada no centro cir\u00fargico no per\u00edodo de 2016 a 2019 e vieram a \u00f3bito, 53,4% foram por fatores ex\u00f3genos (acidentes de tr\u00e2nsito, quedas, agress\u00f5es f\u00edsicas, intoxica\u00e7\u00e3o, enforcamento, ingest\u00e3o de soda c\u00e1ustica, abdome agudo perfurativo). Os pacientes com doen\u00e7as caracteristicamente end\u00f3genas representaram 33,9% (AVCs, abdome agudo inflamat\u00f3rio e obstrutivo, aneurismas, isquemias, tromboses, gangrena, hemorragias).<\/p>\n<p><strong>Qual o benef\u00edcio dessa pesquisa para a popula\u00e7\u00e3o?<\/strong><\/p>\n<p style=\"text-align: justify;\">Esse estudo tem bastante relev\u00e2ncia, pois atrav\u00e9s da an\u00e1lise dos prontu\u00e1rios realizada, foi poss\u00edvel identificar as principais causas de \u00f3bito que ocorrem em um centro cir\u00fargico e a partir dessas informa\u00e7\u00f5es, tra\u00e7ar estrat\u00e9gias para reduzir esses \u00edndices. A\u00e7\u00f5es como: o treinamento das equipes, agilidade no atendimento desde a cena do trauma at\u00e9 a cirurgia propriamente dita, cursos de atualiza\u00e7\u00e3o e capacita\u00e7\u00e3o para os profissionais de sa\u00fade, fornecimento cont\u00ednuo de medica\u00e7\u00f5es e materiais s\u00e3o extremamente importantes e necess\u00e1rias para presta\u00e7\u00e3o de um servi\u00e7o de qualidade. Os resultados dessa pesquisa poder\u00e3o ser utilizados pela administra\u00e7\u00e3o Estadual e Municipal no sentido de concentrarem esfor\u00e7os para a disponibiliza\u00e7\u00e3o de servi\u00e7os de assist\u00eancia \u00e0 sa\u00fade cada vez mais estruturados e eficientes.<\/p>\n<hr \/>\n<p><b><\/b><b>PERFIL EPIDEMIOL\u00d3GICO E QUALIDADE DE VIDA EM DOENTES RENAIS CR\u00d4NICOS HOSPITALIZADOS<\/b><b><\/b><\/p>\n<ul class=\"thumbnails\" style=\"display: flex; flex-wrap: wrap;\">\n<li class=\"col-12 col-md-6 col-lg-3\" style=\"margin-left: 0%;\">\n<div class=\"nopaddingall\" style=\"margin-left: 0%; height: 0%;\">\n<div class=\"caption\">\n<p class=\"normal nomarginall\"><img loading=\"lazy\" decoding=\"async\" id=\"\" class=\" size-full wp-image-7900\" style=\"height: 100%; width: 100%;\" title=\"\" src=\"https:\/\/goias.gov.br\/saude\/wp-content\/uploads\/sites\/34\/2019\/04\/lucieleescola-7ce.png\" alt=\"\" width=\"130\" height=\"175\" \/><\/p>\n<p><b>Coordenadora e pesquisadora: Profa Ma. Luciele Boschetti Vinhal<\/b><\/p>\n<p>Graduada em Fisioterapia pela Universidade Guarulhos- S.P (2000), Mestre profissional em Ci\u00eancias e Tecnologia (S.P- 2012), Especialista em Fisioterapia em UTI pelo Hospital Santa Cruz em S\u00e3o Paulo &#8211; SOBRATI (2001) e Especialista pela ESEFFEGO-UEG em An\u00e1lises Terap\u00eauticas do Movimento aplicada \u00e1 Fisioterapia (2003). Atualmente \u00e9 Docente da Pontif\u00edcia Universidade Cat\u00f3lica de Goi\u00e1s (PUC-GOI\u00c1S).<\/p>\n<\/div>\n<\/div>\n<\/li>\n<li class=\"col-12 col-md-6 col-lg-3\" style=\"margin-left: 0;\">\n<div class=\"nopaddingall\" style=\"height: 0%;\">\n<div class=\"caption\">\n<p class=\"normal nomarginall\" style=\"text-align: left;\"><img loading=\"lazy\" decoding=\"async\" id=\"\" class=\" size-full wp-image-7901\" style=\"height: 100%; width: 100%;\" title=\"\" src=\"https:\/\/goias.gov.br\/saude\/wp-content\/uploads\/sites\/34\/2019\/04\/Elizabeth-62e.png\" alt=\"\" width=\"178\" height=\"237\" \/><\/p>\n<p><b>Pesquisadora: Profa Dra. Elizabeth Rodrigues de Moraes<\/b><\/p>\n<p>Possui gradua\u00e7\u00e3o em Fisioterapia pela Universidade Estadual de Goi\u00e1s (2001). Especialista profissional em Fisioterapia Respirat\u00f3ria (ASSOBRAFIR),Mestre em Ci\u00eancias da Sa\u00fade pela Universidade Federal de Goi\u00e1s (UFG), Doutora em Ci\u00eancias da Sa\u00fade (UFG). \u00c9 docente do Curso de Fisioterapia da PUC GOI\u00c1S e da Universidade Estadual de Goi\u00e1s- UEG.<\/p>\n<\/div>\n<\/div>\n<\/li>\n<li class=\"col-12 col-md-6 col-lg-6\" style=\"margin-left: 0;\">\n<div class=\"nopaddingall\" style=\"height: 0%;\">\n<div class=\"caption\">\n<p class=\"normal nomarginall\"><strong>V\u00eddeo Explicativo sobre a Pesquisa<\/strong><iframe style=\"height: 30vh;\" src=\"https:\/\/www.youtube.com\/embed\/ScvRwsUygHo\" width=\"100%\" height=\"100%\" frameborder=\"0\" scrolling=\"no\" align=\"middle\"><\/iframe><\/p>\n<\/div>\n<\/div>\n<\/li>\n<\/ul>\n<p><b>O que foi feito nessa pesquisa?<\/b><\/p>\n<p>A doen\u00e7a renal cr\u00f4nica (DRC) assumiu, nos \u00faltimos anos, o status de problema de sa\u00fade p\u00fablica devido \u00e0 eleva\u00e7\u00e3o de n\u00famero de casos entre a popula\u00e7\u00e3o mundial. No Brasil, segundo a Sociedade Brasileira de Nefrologia (SBN), no ano de 2013, cerca de 10 milh\u00f5es de pessoas possu\u00edam algum tipo de disfun\u00e7\u00e3o renal. \u00a0O objetivo principal dessa pesquisa foi determinar o perfil epidemiol\u00f3gico, o n\u00edvel de conhecimento sobre a doen\u00e7a e a qualidade de vida em pacientes com doen\u00e7a renal cr\u00f4nica submetido \u00e0 hemodi\u00e1lise no Hospital Estadual de Urg\u00eancias da Regi\u00e3o Noroeste de Goi\u00e2nia Governador Ot\u00e1vio Lage de Siqueira (HUGOL).\u00a0Ap\u00f3s a an\u00e1lise dos resultados, foi observado que os participantes da pesquisa s\u00e3o na maioria idosos, do sexo masculino, com baixo n\u00edvel de escolaridade e n\u00edvel socioecon\u00f4mico, as doen\u00e7as associadas mais comuns foram : hipertens\u00e3o arterial sist\u00eamica e diabetes e os principais sinais e sintomas relatados foram o cansa\u00e7o e anemia. Apresentaram tamb\u00e9m, qualidade de vida muito comprometida, sobretudo nos aspectos f\u00edsicos e emocionais e demostraram baixo conhecimento sobre a doen\u00e7a.<\/p>\n<p><b>Qual o benef\u00edcio dessa pesquisa para a popula\u00e7\u00e3o?<\/b><\/p>\n<p>Apesar dos avan\u00e7os do tratamento dial\u00edtico (hemodi\u00e1lise e di\u00e1lise peritoneal) para aumentar a expectativa de vida dos pacientes com doen\u00e7a renal, o impacto negativo da doen\u00e7a e do tratamento afeta a percep\u00e7\u00e3o dos pacientes em rela\u00e7\u00e3o \u00e0 sa\u00fade relacionada \u00e0 qualidade de vida e consequentemente a doen\u00e7a renal passa a interferir ativamente na sa\u00fade f\u00edsica e mental, na funcionalidade, na independ\u00eancia, no bem-estar geral e no conv\u00edvio social, limitando a capacidade de trabalho e as atividades de vida di\u00e1ria. Essa pesquisa tem uma grande import\u00e2ncia no \u00e2mbito da sa\u00fade da popula\u00e7\u00e3o, pois, atrav\u00e9s do levantamento de dados relacionados \u00e0 qualidade de vida destes pacientes e o perfil epidemiol\u00f3gico, foi poss\u00edvel identificar os principais pontos acometidos e dessa forma tra\u00e7ar objetivos que favore\u00e7am a pr\u00e1tica cl\u00ednica, beneficiando os pacientes de forma direta. \u00c9 essencial este tipo de pesquisa para que a assist\u00eancia \u00e0 sa\u00fade possa ser prestada de forma mais eficaz, direcionando tanto o tratamento quanto as medidas de preven\u00e7\u00e3o de agravos \u00e0 sa\u00fade e \u00e0 qualidade de vida, melhorando assim a qualidade da assist\u00eancia prestada.\u200b<\/p>\n<hr \/>\n<p><span style=\"font-size: large;\"><b>CAPTA\u00c7\u00c3O E COLETA DE PLASMA CONVALESCENTE EM\u00a0<\/b><\/span><span style=\"font-size: large;\"><b>PORTADORES DA COVID-19\u200b<\/b><\/span><b><\/b><\/p>\n<ul class=\"thumbnails\" style=\"display: flex; flex-wrap: wrap;\">\n<li class=\"col-12 col-md-6 col-lg-3\" style=\"margin-left: 0%;\">\n<div class=\"nopaddingall\" style=\"height: 0%;\">\n<div class=\"caption\">\n<h3 class=\"h6 nomarginall\"><img loading=\"lazy\" decoding=\"async\" id=\"\" class=\" size-full wp-image-7902\" style=\"height: 100%; width: 100%;\" title=\"\" src=\"https:\/\/goias.gov.br\/saude\/wp-content\/uploads\/sites\/34\/2019\/04\/marcelo-6d1.png\" alt=\"\" width=\"289\" height=\"380\" srcset=\"https:\/\/goias.gov.br\/saude\/wp-content\/uploads\/sites\/34\/2019\/04\/marcelo-6d1.png 289w, https:\/\/goias.gov.br\/saude\/wp-content\/uploads\/sites\/34\/2019\/04\/marcelo-6d1-228x300.png 228w\" sizes=\"(max-width: 289px) 100vw, 289px\" \/><\/h3>\n<\/div>\n<\/div>\n<\/li>\n<li class=\"col-12 col-md-6 col-lg-5\" style=\"margin-left: 0;\">\n<div class=\"nopaddingall\" style=\"height: 0%;\">\n<div class=\"caption\">\n<p class=\"normal nomarginall\" style=\"text-align: left;\"><b>Marcelo Fouad Rabahi<\/b><\/p>\n<p>Professor Titular de Pneumologia da Faculdade de Medicina da Universidade Federal de Goi\u00e1s (UFG), Coordenador de Pesquisa da FMUFG. Gradua\u00e7\u00e3o em Medicina pela Universidade Federal do Rio de Janeiro (1990), Mestrado em Medicina Tropical pelo Instituto de Patologia Tropical e Sa\u00fade P\u00fablica (IPTSP) da UFG (2001) e Doutorado em Medicina (Pneumologia) pela Universidade Federal do Rio de Janeiro (2007).<b><\/b><\/p>\n<\/div>\n<\/div>\n<\/li>\n<li class=\"col-12 col-md-6 col-lg-4\" style=\"margin-left: 0;\">\n<div class=\"nopaddingall\" style=\"height: 0%;\">\n<div class=\"caption\">\n<p class=\"normal nomarginall\"><strong>V\u00eddeo Explicativo sobre a Pesquisa<\/strong><\/p>\n<p><iframe style=\"height: 30vh;\" src=\"https:\/\/www.youtube.com\/embed\/bg1l0wZWu8Y\" frameborder=\"0\" scrolling=\"no\"><\/iframe><\/p>\n<\/div>\n<\/div>\n<\/li>\n<\/ul>\n<p style=\"text-align: justify;\"><b>O que foi feito nessa pesquisa?<\/b><\/p>\n<p style=\"text-align: justify;\">O objetivo desse estudo \u00e9 avaliar a capta\u00e7\u00e3o e coleta de plasma de doadores convalescentes ap\u00f3s a infec\u00e7\u00e3o pelo SARSCoV2 (Covid-19) para ser posteriormente introduzido em pacientes com a forma grave da doen\u00e7a. No momento n\u00e3o existem vacinas ou um tratamento dispon\u00edvel eficaz comprovado. Quando uma pessoa contrai um v\u00edrus como o COVID-19, seu sistema imunol\u00f3gico cria anticorpos para combater o v\u00edrus. Esses anticorpos s\u00e3o encontrados no plasma, que \u00e9 a parte l\u00edquida do sangue. Neste contexto, o plasma convalescente obtido de pacientes curados pode ser uma op\u00e7\u00e3o para o tratamento, fornecendo imunidade imediata a pessoas suscet\u00edveis. Esse procedimento consiste na transfus\u00e3o do plasma de sangue (a parte l\u00edquida dele) de um paciente curado para um indiv\u00edduo infectado. Alguns estudos sugerem que o uso de plasma de convalescentes diminui o tempo de hospitaliza\u00e7\u00e3o, al\u00e9m de favorecer tamb\u00e9m uma menor taxa de mortalidade, podendo ent\u00e3o ser uma alternativa de tratamento para melhorar o progn\u00f3stico de pacientes graves. Trata-se de um estudo em andamento com coleta de dados na primeira fase\u00a0no HEMOGO (Hemocentro de Goi\u00e1s)\u00a0e\u00a0na segunda fase est\u00e1 sendo conduzido nos Hospitais HCAMP,\u00a0HGG, HUGOL e HDT,\u00a0com\u00a0previs\u00e3o para a divulga\u00e7\u00e3o dos resultados finais em dezembro de 2020.<\/p>\n<p style=\"text-align: justify;\"><b>Qual o benef\u00edcio dessa pesquisa para a popula\u00e7\u00e3o?<\/b><\/p>\n<p style=\"text-align: justify;\">Pesquisadores do mundo inteiro trabalham para encontrar a cura da Covid-19 ou maneiras de se tratar essa doen\u00e7a com maior efic\u00e1cia. Atrav\u00e9s desse estudo poder\u00e1 ser testado a efic\u00e1cia do tratamento utilizando o plasma convalescente, j\u00e1 que os resultados obtidos permitir\u00e3o uma avalia\u00e7\u00e3o da resposta que um paciente apresentou ap\u00f3s ser submetido ao tratamento e se houveram realmente melhores respostas cl\u00ednicas comparado a um paciente que n\u00e3o recebeu o plasma convalescente. Pesquisas como essa, trazem esperan\u00e7a para a diminui\u00e7\u00e3o da taxa de mortalidade dessa doen\u00e7a que j\u00e1 matou mais de 13 mil pessoas no Brasil e mais de 5 mil em Goi\u00e1s.<\/p>\n<hr \/>\n<p><b>ASPECTOS CL\u00cdNICOS E EPIDEMIOL\u00d3GICOS DE PACIENTES INTERNADOS COM SUSPEITA DE S\u00cdNDROME RESPIRAT\u00d3RIA AGUDA GRAVE POR SARS-COV-2 EM GOI\u00c1S, EM 2020: UM ESTUDO DE COORTE<\/b><\/p>\n<ul class=\"thumbnails\" style=\"display: flex; flex-wrap: wrap;\">\n<li class=\"col-12 col-md-6 col-lg-3\" style=\"margin-left: 0%;\">\n<div class=\"nopaddingall\" style=\"height: 0%;\">\n<div class=\"caption\">\n<h3 class=\"h6 nomarginall\"><img loading=\"lazy\" decoding=\"async\" id=\"\" class=\" size-full wp-image-7903\" style=\"height: 100%; width: 100%;\" title=\"\" src=\"https:\/\/goias.gov.br\/saude\/wp-content\/uploads\/sites\/34\/2019\/04\/moara-525.png\" alt=\"\" width=\"145\" height=\"208\" \/><\/h3>\n<\/div>\n<\/div>\n<\/li>\n<li class=\"col-12 col-md-6 col-lg-5\" style=\"margin-left: 0;\">\n<div class=\"nopaddingall\" style=\"height: 0%;\">\n<div class=\"caption\">\n<p class=\"normal nomarginall\" style=\"text-align: left;\"><strong>Moara Alves Santa Barbara Borges<\/strong><\/p>\n<p>Resid\u00eancia M\u00e9dica em Infectologia pela Universidade Estadual de Campinas (UNICAMP). Mestrado em Ci\u00eancias da Sa\u00fade. Profa. Efetiva do Instituto de Patologia Tropical e Sa\u00fade P\u00fablica da Universidade Federal de Goi\u00e1s (IPTSP\/UFG). M\u00e9dica infectologista do Hospital das Cl\u00ednicas UFG\/EBSERH.\u200b<\/p>\n<\/div>\n<\/div>\n<\/li>\n<li class=\"col-12 col-md-6 col-lg-4\" style=\"margin-left: 0;\">\n<div class=\"nopaddingall\" style=\"height: 0%;\">\n<div class=\"caption\">\n<p class=\"normal nomarginall\"><strong>V\u00eddeo Explicativo sobre a Pesquisa<\/strong><\/p>\n<p><iframe style=\"height: 30vh;\" src=\"https:\/\/www.youtube.com\/embed\/0DtgoV71Vng\" frameborder=\"0\" scrolling=\"no\"><\/iframe><\/p>\n<\/div>\n<\/div>\n<\/li>\n<\/ul>\n<p style=\"text-align: justify;\"><b><\/b><b>O que foi feito nessa pesquisa?<\/b><\/p>\n<p style=\"text-align: justify;\">Essa pesquisa tem o objetivo de analisar como se manifestam os sintomas, quais complica\u00e7\u00f5es podem aparecer e como \u00e9 a rea\u00e7\u00e3o ao tratamento em pacientes internados com suspeita de S\u00edndrome Gripal (SG) e S\u00edndrome Respirat\u00f3ria Aguda Grave (SRAG) por SARS-Cov2 (COVID-19). Estima-se que 600 pacientes preencher\u00e3o os crit\u00e9rios de inclus\u00e3o para participarem dessa pesquisa. Trata-se de uma pesquisa que se encontra em andamento com previs\u00e3o de divulga\u00e7\u00e3o dos resultados finais em maio de 2021. O estudo ser\u00e1 conduzido em hospitais p\u00fablicos, conveniados e privados, equipados para o atendimento dos casos suspeitos de Covid-19. No Estado de Goi\u00e1s os pacientes ser\u00e3o avaliados durante toda a interna\u00e7\u00e3o, atrav\u00e9s de dados como: fichas de notifica\u00e7\u00e3o, registros de prontu\u00e1rios, exames de imagem e resultados de exames laboratoriais. A coleta de dados ser\u00e1 realizada por m\u00e9dicos e\/ou outros profissionais de sa\u00fade. Ser\u00e1 criado um banco de dados eletr\u00f4nico com todas estas informa\u00e7\u00f5es bem como a resposta do paciente ao tratamento. \u00a0Ser\u00e1 avaliado o tempo desde o in\u00edcio dos sintomas at\u00e9 a ocorr\u00eancia de uma complica\u00e7\u00e3o mais grave, como a interna\u00e7\u00e3o em uma Unidade de\u00a0<i>Terapia Intensiva- UTI<\/i>\u00a0ou o desfecho final ou seja, a morte.<\/p>\n<p><b>Qual o benef\u00edcio dessa pesquisa para a popula\u00e7\u00e3o?<\/b><\/p>\n<p style=\"text-align: justify;\">Frente a uma pandemia como a que estamos enfrentando, existe uma necessidade inadi\u00e1vel de gerar conhecimento cient\u00edfico, de modo r\u00e1pido e \u00e9tico para enfrentar essa amea\u00e7a mundial. Existem muitas lacunas no conhecimento das diferentes fases da doen\u00e7a, das estrat\u00e9gias de manejo terap\u00eautico e de medidas de prote\u00e7\u00e3o para a comunidade e para equipe de sa\u00fade.\u00a0Entre os benef\u00edcios dessa pesquisa destacamos que o estudo contribuir\u00e1 para a padroniza\u00e7\u00e3o de instrumento de coleta de dados, permitindo comparar aspectos cl\u00ednicos e evolu\u00e7\u00e3o de pacientes em diferentes cen\u00e1rios no Brasil e poder\u00e1 ajudar a melhorar a assist\u00eancia aos pacientes, redu\u00e7\u00e3o de letalidade, como tamb\u00e9m, na elabora\u00e7\u00e3o de diretrizes de pol\u00edticas p\u00fablicas e guias de manejo hospitalar, no contexto atual e para as pr\u00f3ximas esta\u00e7\u00f5es cr\u00edticas de S\u00edndrome Respirat\u00f3ria Aguda Grave (SRAG).\u200b<\/p>\n<hr \/>\n<p><b>ABORDAGEM MULTIPROFISSIONAL PARA PACIENTE ACOMETIDO POR P\u00caNFIGO VULGAR<\/b><\/p>\n<ul class=\"thumbnails\" style=\"display: flex; flex-wrap: wrap;\">\n<li class=\"col-12 col-md-6 col-lg-3\" style=\"margin-left: 0%;\">\n<div class=\"nopaddingall\" style=\"height: 0%;\">\n<div class=\"caption\">\n<h3 class=\"h6 nomarginall\"><img loading=\"lazy\" decoding=\"async\" id=\"\" class=\" size-full wp-image-7904\" title=\"\" src=\"https:\/\/goias.gov.br\/saude\/wp-content\/uploads\/sites\/34\/2019\/04\/maikiane-35a.jpg\" alt=\"\" width=\"130\" height=\"175\" \/><\/h3>\n<\/div>\n<\/div>\n<\/li>\n<li class=\"col-12 col-md-6 col-lg-5\" style=\"margin-left: 0;\">\n<div class=\"nopaddingall\" style=\"height: 0%;\">\n<div class=\"caption\">\n<p class=\"normal nomarginall\" style=\"text-align: left;\"><strong>Maikiane Aparecida Nascimento<\/strong><\/p>\n<p>Residente do Programa de Resid\u00eancia na \u00c1rea Profissional da Sa\u00fade modalidade Multiprofissional da Secretaria do Estado de Goi\u00e1s. Licenciada em Ci\u00eancias Biom\u00e9dicas \/ Ci\u00eancias Laboratoriais Biom\u00e9dicas \/ Bacharel em Ci\u00eancias \/ Bacharel em Biomedicina (2018) pela Universidade do Oeste Paulista (UNOESTE).\u200b<\/p>\n<\/div>\n<\/div>\n<\/li>\n<li class=\"col-12 col-md-6 col-lg-4\" style=\"margin-left: 0;\">\n<div class=\"nopaddingall\" style=\"height: 0%;\">\n<div class=\"caption\">\n<p class=\"normal nomarginall\"><strong>V\u00eddeo Explicativo sobre a Pesquisa<\/strong><\/p>\n<p><iframe style=\"height: 30vh;\" src=\"https:\/\/www.youtube.com\/embed\/sa5AvQQCyv8\" frameborder=\"0\" scrolling=\"no\"><\/iframe><\/p>\n<p class=\"normal nomarginall\"><a href=\"https:\/\/rsdjournal.org\/index.php\/rsd\/article\/view\/6596\/5219\" target=\"_blank\" rel=\"noopener\">Trabalho completo<\/a><\/p>\n<\/div>\n<\/div>\n<\/li>\n<\/ul>\n<p style=\"text-align: justify;\"><strong>Participantes da pesquisa<\/strong><img loading=\"lazy\" decoding=\"async\" id=\"\" class=\" size-full wp-image-7905\" title=\"\" src=\"https:\/\/goias.gov.br\/saude\/wp-content\/uploads\/sites\/34\/2019\/04\/pesquisa-896.png\" alt=\"\" width=\"1651\" height=\"316\" srcset=\"https:\/\/goias.gov.br\/saude\/wp-content\/uploads\/sites\/34\/2019\/04\/pesquisa-896.png 1651w, https:\/\/goias.gov.br\/saude\/wp-content\/uploads\/sites\/34\/2019\/04\/pesquisa-896-300x57.png 300w, https:\/\/goias.gov.br\/saude\/wp-content\/uploads\/sites\/34\/2019\/04\/pesquisa-896-1024x196.png 1024w, https:\/\/goias.gov.br\/saude\/wp-content\/uploads\/sites\/34\/2019\/04\/pesquisa-896-768x147.png 768w, https:\/\/goias.gov.br\/saude\/wp-content\/uploads\/sites\/34\/2019\/04\/pesquisa-896-1536x294.png 1536w\" sizes=\"(max-width: 1651px) 100vw, 1651px\" \/><\/p>\n<p style=\"text-align: justify;\"><b>O que foi feito nessa pesquisa?<\/b><\/p>\n<p style=\"text-align: justify;\">O p\u00eanfigo vulgar \u00e9 uma doen\u00e7a de pele autoimune que causa um funcionamento inadequado do sistema imunol\u00f3gico (sistema de defesa), levando o corpo a atacar os seus pr\u00f3prios tecidos causando incapacidades funcionais e deformidades est\u00e9ticas. \u00c9 uma doen\u00e7a rara, que acomete principalmente indiv\u00edduos na fase adulta.\u00a0O objetivo dessa pesquisa foi relatar um caso de p\u00eanfigo vulgar e a atua\u00e7\u00e3o multiprofissional nos cuidados com o paciente. Trata-se de um estudo de um paciente atendido em hospital de refer\u00eancia para p\u00eanfigo vulgar. \u00a0O paciente chegou ao hospital apresentando les\u00f5es em todo o corpo. Ap\u00f3s avalia\u00e7\u00e3o cl\u00ednica (sinais e sintomas do paciente), exames laboratoriais e exame histol\u00f3gico (exame que faz uma an\u00e1lise microsc\u00f3pica dos tecidos) concluiu-se que se tratava de p\u00eanfigo vulgar. Durante o curso da interna\u00e7\u00e3o o paciente apresentou v\u00e1rias infec\u00e7\u00f5es e foi submetido ao uso de diversos medicamentos. Ao final de 78 dias de interna\u00e7\u00e3o apresentou complica\u00e7\u00f5es evoluindo para o \u00f3bito.\u200b<\/p>\n<p style=\"text-align: justify;\"><b>Qual o benef\u00edcio dessa pesquisa para a popula\u00e7\u00e3o?<\/b><\/p>\n<p style=\"text-align: justify;\">Atrav\u00e9s desse estudo chegamos \u00e0 conclus\u00e3o que o diagn\u00f3stico precoce e o in\u00edcio do tratamento r\u00e1pido retardam a evolu\u00e7\u00e3o da doen\u00e7a melhorando o aspecto das les\u00f5es o que diminui o tempo de interna\u00e7\u00e3o, o risco da ocorr\u00eancia de infec\u00e7\u00f5es, os impactos nos aspectos emocionais, al\u00e9m de maior ades\u00e3o ao tratamento por parte do paciente. Fica evidente que a atua\u00e7\u00e3o da equipe multiprofissional, contribui na resolu\u00e7\u00e3o dos desafios referente \u00e0 doen\u00e7a, tais como: melhoria nos aspectos f\u00edsicos, emocionais, nutricionais e seguran\u00e7a do paciente.\u00a0Foi uma pesquisa de muita relev\u00e2ncia, os profissionais que a realizaram esperam que atrav\u00e9s dela, a popula\u00e7\u00e3o tenha um conhecimento pr\u00e9vio da doen\u00e7a, procurando assist\u00eancia hospitalar logo que apresentar os primeiros sintomas. Al\u00e9m disso, espera-se que a pesquisa contribua para que o paciente portador dessa doen\u00e7a tenha acesso a uma equipe multiprofissional qualificada e capacitada em identificar precocemente a doen\u00e7a, tal como, escolher as melhores ferramentas de diagn\u00f3stico e decidir o plano terap\u00eautico mais adequado ao tratamento.\u200b<\/p>\n<hr \/>\n<p><b>EFIC\u00c1CIA, SEGURAN\u00c7A E CUSTO-EFETIVIDADE DE PIRFENIDONA OU\u00a0<\/b><b>NINTEDANIBE PARA FIBROSE PULMONAR IDIOP\u00c1TICA: REVIS\u00c3O R\u00c1PIDA\u00a0<\/b><b>DE EVID\u00caNCIAS<\/b><\/p>\n<ul class=\"thumbnails\" style=\"display: flex; flex-wrap: wrap;\">\n<li class=\"col-12 col-md-6 col-lg-3\" style=\"margin-left: 0%;\">\n<div class=\"nopaddingall\" style=\"margin-left: 0%; height: 0%;\">\n<div class=\"caption\">\n<p class=\"normal nomarginall\"><img loading=\"lazy\" decoding=\"async\" id=\"\" class=\" size-full wp-image-7906\" style=\"height: 100%; width: 100%;\" title=\"\" src=\"https:\/\/goias.gov.br\/saude\/wp-content\/uploads\/sites\/34\/2019\/04\/aurelio-4a7.png\" alt=\"\" width=\"130\" height=\"175\" \/><strong>Aur\u00e9lio de Melo Barbosa<\/strong><br \/>\nFisioterapeuta, mestre, sanitarista, docente na Universidade Estadual de Goi\u00e1s (UEG) e na Escola de Sa\u00fade de Goi\u00e1s &#8211; SES\/GO.<\/p>\n<\/div>\n<\/div>\n<\/li>\n<li class=\"col-12 col-md-6 col-lg-3\" style=\"margin-left: 0;\">\n<div class=\"nopaddingall\" style=\"height: 0%;\">\n<div class=\"caption\">\n<p class=\"normal nomarginall\" style=\"text-align: left;\"><img loading=\"lazy\" decoding=\"async\" id=\"\" class=\" size-full wp-image-7907\" style=\"height: 100%; width: 100%;\" title=\"\" src=\"https:\/\/goias.gov.br\/saude\/wp-content\/uploads\/sites\/34\/2019\/04\/rafael-937.png\" alt=\"\" width=\"130\" height=\"175\" \/><strong>Dr.\u00a0Rafael Gon\u00e7alves Portela<\/strong><br \/>\nM\u00e9dico, cirurgi\u00e3o oncologista e mastologista, analista t\u00e9cnico na Escola de Sa\u00fade de Goi\u00e1s \/SES-GO<\/p>\n<\/div>\n<\/div>\n<\/li>\n<li class=\"col-12 col-md-6 col-lg-6\" style=\"margin-left: 0;\">\n<div class=\"nopaddingall\" style=\"height: 0%;\">\n<div class=\"caption\">\n<p class=\"normal nomarginall\"><strong>V\u00eddeo Explicativo sobre a Pesquisa<\/strong><iframe style=\"height: 30vh;\" src=\"https:\/\/www.youtube.com\/embed\/zI17xotyBbg\" width=\"100%\" height=\"100%\" frameborder=\"0\" scrolling=\"no\" align=\"middle\"><\/iframe><\/p>\n<p class=\"normal nomarginall\"><a href=\"https:\/\/www.revista.esap.go.gov.br\/index.php\/resap\/article\/view\/194\/194\" target=\"_blank\" rel=\"noopener\">Trabalho completo<\/a><\/p>\n<\/div>\n<\/div>\n<\/li>\n<\/ul>\n<p style=\"text-align: justify;\"><strong>O que foi feito nessa pesquisa?<\/strong><\/p>\n<p>A Fibrose Pulmonar Idiop\u00e1tica (FPI) \u00e9 uma doen\u00e7a pulmonar cr\u00f4nica, grave, degenerativa, que destr\u00f3i os pulm\u00f5es\u00a0e provoca progressiva falta de ar, a tal ponto que a pessoa chega a necessitar de &#8220;respira\u00e7\u00e3o artificial&#8221; e morre. A sobreviv\u00eancia ap\u00f3s o come\u00e7o da doen\u00e7a \u00e9 de 3 a 4 anos, em m\u00e9dia.\u00a0Na maioria dos casos, ocorre em adultos de meia idade e idosos (40-70 anos). Os medicamentos Pirfenidona e Nintedanibe s\u00e3o medicamentos\u00a0de uso recente no tratamento da FPI, que visam melhorar a qualidade de vida, reduzir a progress\u00e3o da falta de ar e aumentar a sobrevida do paciente.\u00a0Esta pesquisa \u00e9 uma revis\u00e3o r\u00e1pida de evid\u00eancias, que resume as pesquisas realizadas com seres humanos e an\u00e1lises econ\u00f4micas sobre os benef\u00edcios e custos de Pirfenidona e Nintedanibe no tratamento de FPI. Nessa pesquisa foi realizada tamb\u00e9m, uma proje\u00e7\u00e3o de gastos anuais de aquisi\u00e7\u00e3o de Pirfenidona e Nintedanibe, caso eles sejam usados no SUS em Goi\u00e1s.<\/p>\n<p style=\"text-align: justify;\"><strong>Qual o benef\u00edcio dessa pesquisa para a popula\u00e7\u00e3o?<\/strong><\/p>\n<p style=\"text-align: justify;\">Atualmente, os tratamentos dispon\u00edveis no SUS\u00a0 para tratar\u00a0 a Fibrose Pulmonar Idiop\u00e1tica \u00a0s\u00e3o todos paliativos ,ou seja, nenhum desses tratamentos cura, apenas melhoram a qualidade de vida dos pacientes. Ambos os medicamentos ainda n\u00e3o foram incorporados ao SUS. Tanto Pirfenindona, quanto Nintedanibe, foram avaliados pela CONITEC (Comiss\u00e3o Nacional de Incorpora\u00e7\u00e3o de Tecnologias no SUS) e tiveram parecer negativo, com delibera\u00e7\u00e3o pela n\u00e3o incorpora\u00e7\u00e3o \u00e0 RENAME (Rela\u00e7\u00e3o Nacional de Medicamentos Essenciais).\u00a0Os resultados desse estudo mostram que os custos com esse medicamento s\u00e3o muito elevados e os benef\u00edcios muito pequenos comparados aos cuidados paliativos j\u00e1 oferecidos pelo SUS.\u200b<\/p>\n<hr \/>\n<p><strong>A PERCEP\u00c7\u00c3O DO FONOAUDI\u00d3LOGO NO ATENDIMENTO AO USU\u00c1RIO COM COVID-19<\/strong><\/p>\n<ul class=\"thumbnails\" style=\"display: flex; flex-wrap: wrap;\">\n<li class=\"col-12 col-md-6 col-lg-3\" style=\"margin-left: 0%;\">\n<div class=\"nopaddingall\" style=\"height: 0%;\">\n<div class=\"caption\">\n<h3 class=\"h6 nomarginall\"><img loading=\"lazy\" decoding=\"async\" id=\"\" class=\" size-full wp-image-7908\" style=\"height: 100%; width: 100%;\" title=\"\" src=\"https:\/\/goias.gov.br\/saude\/wp-content\/uploads\/sites\/34\/2019\/04\/Fenanda-98f.png\" alt=\"\" width=\"130\" height=\"175\" \/><\/h3>\n<\/div>\n<\/div>\n<\/li>\n<li class=\"col-12 col-md-6 col-lg-5\" style=\"margin-left: 0;\">\n<div class=\"nopaddingall\" style=\"height: 0%;\">\n<div class=\"caption\">\n<p class=\"normal nomarginall\" style=\"text-align: left;\"><strong>Fernanda Cardoso de Oliveira Ara\u00fajo<\/strong><\/p>\n<p>Fonoaudi\u00f3loga, Residente no Hospital Estadual Geral de Goi\u00e2nia Dr. Alberto Rassi &#8211; HGG, pelo Programa de Resid\u00eancia Multiprofissional em Aten\u00e7\u00e3o Cl\u00ednica Especializada em Endocrinologia.<\/p>\n<\/div>\n<\/div>\n<\/li>\n<li class=\"col-12 col-md-6 col-lg-4\" style=\"margin-left: 0;\">\n<div class=\"nopaddingall\" style=\"height: 0%;\">\n<div class=\"caption\">\n<p class=\"normal nomarginall\"><strong>V\u00eddeo Explicativo sobre a Pesquisa<\/strong><\/p>\n<p><iframe style=\"height: 30vh;\" src=\"https:\/\/www.youtube.com\/embed\/ZZF4EJJwrcA\" frameborder=\"0\" scrolling=\"no\"><\/iframe><\/p>\n<\/div>\n<\/div>\n<\/li>\n<\/ul>\n<p style=\"text-align: justify;\"><strong>O que foi feito nessa pesquisa?<\/strong><\/p>\n<p>A COVID-19, doen\u00e7a causada pelo v\u00edrus SARS-COV 2, foi caracterizada pela Organiza\u00e7\u00e3o Mundial da Sa\u00fade como pandemia, no dia 11 de mar\u00e7o de 2020 . \u00c9 respons\u00e1vel por causar s\u00edndromes respirat\u00f3rias de graus leves \u00e0 grave. A atua\u00e7\u00e3o fonoaudiol\u00f3gica nos indiv\u00edduos infectados, em ambiente hospitalar, contribui para a minimiza\u00e7\u00e3o de complica\u00e7\u00f5es futuras, visto que, pacientes internados em Unidades de Terapia Intensiva podem apresentar dist\u00farbios de respira\u00e7\u00e3o e degluti\u00e7\u00e3o. O objetivo principal da pesquisa \u00e9 verificar a percep\u00e7\u00e3o do fonoaudi\u00f3logo em rela\u00e7\u00e3o ao atendimento de usu\u00e1rios diagnosticados com COVID-19, no Brasil. Para este estudo epidemiol\u00f3gico de base populacional, o m\u00e9todo escolhido para a obten\u00e7\u00e3o dos dados foi o preenchimento de um Formul\u00e1rio Digital Espec\u00edfico, que pretende alcan\u00e7ar um n\u00famero estimado de 420 fonoaudi\u00f3logos. Essa pesquisa encontra-se em andamento, com previs\u00e3o para a divulga\u00e7\u00e3o dos resultados finais em fevereiro de 2021.<\/p>\n<p><strong>Qual o benef\u00edcio dessa pesquisa para a popula\u00e7\u00e3o?<\/strong><\/p>\n<p style=\"text-align: justify;\">Espera-se que, com os resultados obtidos atrav\u00e9s dessa pesquisa, seja poss\u00edvel melhorar a assist\u00eancia fonoaudiol\u00f3gica aos usu\u00e1rios diagnosticados com COVID-19. Ser\u00e1 poss\u00edvel tamb\u00e9m repensar no diagn\u00f3stico fonoaudiol\u00f3gico, condutas e terapias, pois, as experi\u00eancias descritas no formul\u00e1rio pelos profissionais, contribuir\u00e3o para nortear uma padroniza\u00e7\u00e3o do atendimento a esses pacientes acometidos pela COVID-19, no \u00e2mbito de pronto socorro, ambulat\u00f3rio ou UTI. Essa pesquisa contribui na amplia\u00e7\u00e3o das discuss\u00f5es com as demais \u00e1reas da sa\u00fade, sobre a interven\u00e7\u00e3o nesses casos cl\u00ednicos, auxiliando no processo de recupera\u00e7\u00e3o e proporcionando melhor qualidade de vida ao paciente.<\/p>\n<hr \/>\n<p><strong>CONHECIMENTO E SUBJETIVIDADES: A [RE]CONSTRU\u00c7\u00c3O DA PROMO\u00c7\u00c3O DA SA\u00daDE NO PROGRAMA ACADEMIA DA SA\u00daDE, NO ESTADO DE GOI\u00c1S<\/strong><\/p>\n<ul class=\"thumbnails\" style=\"display: flex; flex-wrap: wrap;\">\n<li class=\"col-12 col-md-6 col-lg-3\" style=\"margin-left: 0%;\">\n<div class=\"nopaddingall\" style=\"height: 0%;\">\n<div class=\"caption\">\n<h3 class=\"h6 nomarginall\"><img loading=\"lazy\" decoding=\"async\" id=\"\" class=\" size-full wp-image-7909\" style=\"height: 100%; width: 100%;\" title=\"\" src=\"https:\/\/goias.gov.br\/saude\/wp-content\/uploads\/sites\/34\/2019\/04\/fernanda-d57.png\" alt=\"\" width=\"130\" height=\"175\" \/><\/h3>\n<\/div>\n<\/div>\n<\/li>\n<li class=\"col-12 col-md-6 col-lg-5\" style=\"margin-left: 0;\">\n<div class=\"nopaddingall\" style=\"height: 0%;\">\n<div class=\"caption\">\n<p class=\"normal nomarginall\" style=\"text-align: left;\"><strong>Fernanda Ramos Parreira<\/strong><\/p>\n<p>Doutora em Sociologia pela Universidade Federal de Goi\u00e1s (2019), Mestra em Ci\u00eancia Pol\u00edtica pela Universidade Federal de Goi\u00e1s (2014), Especialista em Doc\u00eancia Universit\u00e1ria pela Universidade Estadual de Goi\u00e1s (2010), graduada em Educa\u00e7\u00e3o F\u00edsica (Licenciatura Plena) pela Universidade Estadual de Goi\u00e1s (2007), graduada em Ci\u00eancias Sociais, habilita\u00e7\u00e3o em Pol\u00edticas P\u00fablicas, pela Universidade Federal de Goi\u00e1s (2016).<\/p>\n<p><a href=\"https:\/\/repositorio.bc.ufg.br\/tede\/handle\/tede\/10279\" target=\"_blank\" rel=\"noopener\">Trabalho completo<\/a><\/p>\n<\/div>\n<\/div>\n<\/li>\n<li class=\"col-12 col-md-6 col-lg-4\" style=\"margin-left: 0;\">\n<div class=\"nopaddingall\" style=\"height: 0%;\">\n<div class=\"caption\">\n<p class=\"normal nomarginall\"><strong>V\u00eddeo Explicativo sobre a Pesquisa<\/strong><\/p>\n<p><iframe style=\"height: 30vh;\" src=\"https:\/\/www.youtube.com\/embed\/loePJaFzyAs\" frameborder=\"0\" scrolling=\"no\"><\/iframe><\/p>\n<\/div>\n<\/div>\n<\/li>\n<\/ul>\n<p style=\"text-align: justify;\"><strong>O que foi feito nessa pesquisa?<\/strong><\/p>\n<p>No ano de 2011, no Brasil, foi institu\u00eddo, no \u00e2mbito do Sistema \u00danico de Sa\u00fade o Programa Academia da Sa\u00fade (PAS), cujo objetivo \u00e9 contribuir para a promo\u00e7\u00e3o da sa\u00fade da popula\u00e7\u00e3o a partir da implanta\u00e7\u00e3o de polos com infraestrutura, equipamentos e quadro de pessoal qualificado para a orienta\u00e7\u00e3o de pr\u00e1ticas corporais e atividades f\u00edsicas e de lazer e modos de vida saud\u00e1veis.<br \/>\nNessa pesquisa foram utilizadas informa\u00e7\u00f5es disponibilizadas pelo banco de dados dos monitoramentos anuais do Programa Academia da Sa\u00fade, concedido pela Coordena\u00e7\u00e3o Estadual de Promo\u00e7\u00e3o da Sa\u00fade da Secretaria de Estado da Sa\u00fade. \u00a0Foi feito uma an\u00e1lise dos dados referentes \u00e0 forma\u00e7\u00e3o do profissional que atuam nesses polos, o perfil dos usu\u00e1rios do programa, os tipos de atividades que s\u00e3o desenvolvidas e a din\u00e2mica do funcionamento dos polos. Al\u00e9m da an\u00e1lise de dados, foram realizadas entrevistas com os coordenadores, profissionais e usu\u00e1rios do programa e ainda visitas a alguns polos onde o programa foi implantado.<\/p>\n<p><strong>Qual o benef\u00edcio dessa pesquisa para a popula\u00e7\u00e3o?<\/strong><\/p>\n<p>Essa pesquisa trouxe grandes benef\u00edcios para a popula\u00e7\u00e3o, visto que, atrav\u00e9s dos resultados obtidos com esse estudo foi poss\u00edvel identificar diversos problemas que refletem a dificuldade do acesso ao programa pelos usu\u00e1rios, podendo ser observado, por exemplo, \u00a0a baixa ades\u00e3o de crian\u00e7as, adolescentes, pessoas do sexo masculino e dos grupos \u00a0populacionais vulner\u00e1veis. Outro aspecto que ficou evidente \u00e9 o car\u00e1ter curativo que o programa tomou, sendo predominantemente composto por usu\u00e1rios que apresentam algum tipo de doen\u00e7a cr\u00f4nica.<br \/>\n\u00c9 uma pesquisa de grande relev\u00e2ncia para a sociedade, os resultados obtidos contribuir\u00e3o para que os gestores possam reavaliar e ressignificar esse espa\u00e7o t\u00e3o importante para o campo da sa\u00fade coletiva, que vai muito al\u00e9m da pr\u00e1tica de esportes e preven\u00e7\u00e3o de doen\u00e7as, transformando-o em um espa\u00e7o para todos, articulado com a cultura, esporte, lazer e promo\u00e7\u00e3o a sa\u00fade.<\/p>\n<hr \/>\n<p><strong>EPIDEMIOLOGIA DAS REA\u00c7\u00d5ES TRANSFUSIONAIS EM PACIENTES INTERNADOS EM UM HOSPITAL DE URG\u00caNCIA DE GOI\u00c2NIA<\/strong><\/p>\n<ul class=\"thumbnails\" style=\"display: flex; flex-wrap: wrap;\">\n<li class=\"col-12 col-md-6 col-lg-3\" style=\"margin-left: 0%;\">\n<div class=\"nopaddingall\" style=\"height: 0%;\">\n<div class=\"caption\">\n<h3 class=\"h6 nomarginall\"><img loading=\"lazy\" decoding=\"async\" id=\"\" class=\" size-full wp-image-7910\" style=\"height: 100%; width: 100%;\" title=\"\" src=\"https:\/\/goias.gov.br\/saude\/wp-content\/uploads\/sites\/34\/2019\/04\/PedroHenrique-1-15f.png\" alt=\"\" width=\"130\" height=\"175\" \/><\/h3>\n<\/div>\n<\/div>\n<\/li>\n<li class=\"col-12 col-md-6 col-lg-5\" style=\"margin-left: 0;\">\n<div class=\"nopaddingall\" style=\"height: 0%;\">\n<div class=\"caption\">\n<p class=\"normal nomarginall\" style=\"text-align: left;\"><strong>Pedro Henrique Martins Fialho<\/strong><\/p>\n<p>Residente\u00a0\u00a0 Multiprofissional\u00a0\u00a0 em\u00a0\u00a0 Enfermagem\/Urg\u00eancia\u00a0\u00a0 e\u00a0\u00a0 Trauma\u00a0\u00a0 pela\u00a0\u00a0 Secretaria\u00a0\u00a0 Estadual\u00a0\u00a0 de\u00a0\u00a0 Sa\u00fade\u00a0\u00a0 de\u00a0\u00a0 Goi\u00e1s.<\/p>\n<p><a href=\"https:\/\/www.revista.esap.go.gov.br\/index.php\/resap\/article\/view\/189\/183\" target=\"_blank\" rel=\"noopener\">Trabalho completo<\/a><\/p>\n<\/div>\n<\/div>\n<\/li>\n<li class=\"col-12 col-md-6 col-lg-4\" style=\"margin-left: 0;\">\n<div class=\"nopaddingall\" style=\"height: 0%;\">\n<div class=\"caption\">\n<p class=\"normal nomarginall\"><strong>V\u00eddeo Explicativo sobre a Pesquisa<\/strong><\/p>\n<p><iframe style=\"height: 30vh;\" src=\"https:\/\/www.youtube.com\/embed\/kj7NrSGsfRc\" frameborder=\"0\" scrolling=\"no\"><\/iframe><\/p>\n<\/div>\n<\/div>\n<\/li>\n<\/ul>\n<p style=\"text-align: justify;\"><strong>O que foi feito nessa pesquisa?<\/strong><\/p>\n<p style=\"text-align: justify;\">Nessa pesquisa, foi realizado um estudo para identificar e mapear a ocorr\u00eancia de rea\u00e7\u00f5es adversas em pacientes que receberam transfus\u00e3o de sangue durante a interna\u00e7\u00e3o em um Hospital de Urg\u00eancias do Estado de Goi\u00e1s. A pesquisa foi realizada a partir dos dados das notifica\u00e7\u00f5es realizadas no NOTIVISA (Sistema de Notifica\u00e7\u00f5es em Vigil\u00e2ncia Sanit\u00e1ria), no per\u00edodo da sua inaugura\u00e7\u00e3o em 2015 a julho de 2019. A partir do estudo, foi poss\u00edvel observar qual o componente sangu\u00edneo mais ocasionou rea\u00e7\u00f5es transfusionais no per\u00edodo, a classifica\u00e7\u00e3o dessas rea\u00e7\u00f5es e o perfil dos pacientes que apresentaram as rea\u00e7\u00f5es, onde se observou ser do sexo masculino e com idade acima de 60 anos.<\/p>\n<p style=\"text-align: justify;\"><strong>Qual o benef\u00edcio dessa pesquisa para a popula\u00e7\u00e3o?<\/strong><\/p>\n<p style=\"text-align: justify;\">O benef\u00edcio dessa pesquisa para a popula\u00e7\u00e3o \u00e9 colaborar na elabora\u00e7\u00e3o de estrat\u00e9gias e de protocolos mais eficazes, visando minimizar os efeitos causados pelas rea\u00e7\u00f5es transfusionais. Os resultados da pesquisa poder\u00e3o incentivar o desenvolvimento de novos estudos sobre a ocorr\u00eancia de rea\u00e7\u00f5es ap\u00f3s transfus\u00f5es sangu\u00edneas, contribuindo para a seguran\u00e7a e qualidade da assist\u00eancia \u00e0 popula\u00e7\u00e3o nas institui\u00e7\u00f5es que realizam a terapia transfusional.<\/p>\n<hr \/>\n<table style=\"width: 100%;\" border=\"2\">\n<tbody>\n<tr style=\"height: 0px;\">\n<td style=\"width: 40%; height: 0px; text-align: center;\">\u00a0TRABALHO COMPLETO<\/td>\n<td style=\"width: 20%; height: 0px; text-align: center;\"><\/td>\n<td style=\"width: 40%; height: 0px; text-align: center;\"><\/td>\n<\/tr>\n<tr style=\"height: 0px;\">\n<td style=\"width: 40%; height: 0px; text-align: center;\"><a href=\"https:\/\/goias.gov.br\/saude\/wp-content\/uploads\/sites\/34\/2019\/04\/MarciaCarvalhoSoares.fw-2a7.png\" target=\"_blank\" rel=\"noopener\"><img decoding=\"async\" id=\"\" title=\"\" src=\"images\/escola-saude\/olho-na-pesquisa\/MarciaCarvalhoSoares.fw.png\" alt=\"\" \/><\/a><\/td>\n<td style=\"width: 20%; height: 0px; text-align: center;\"><\/td>\n<td style=\"width: 40%; height: 0px; text-align: center;\"><\/td>\n<\/tr>\n<\/tbody>\n<\/table>\n<table style=\"width: 100%;\" border=\"2\">\n<tbody>\n<tr style=\"height: 0px;\">\n<td style=\"width: 40%; height: 0px; text-align: center;\">\u00a0<a id=\"\" title=\"\" href=\"https:\/\/goias.gov.br\/saude\/wp-content\/uploads\/sites\/34\/2019\/04\/wattusy-557.pdf\" target=\"_blank\" rel=\"noopener\">TRABALHO COMPLETO<\/a><\/td>\n<td style=\"width: 20%; height: 0px; text-align: center;\"><\/td>\n<td style=\"width: 40%; height: 0px; text-align: center;\"><a href=\"https:\/\/goias.gov.br\/saude\/wp-content\/uploads\/sites\/34\/2019\/04\/rosilmargomespereirabarbosa-8e3.pdf\" target=\"_blank\" rel=\"noopener\">TRABALHO COMPLETO<\/a><\/td>\n<\/tr>\n<tr style=\"height: 0px;\">\n<td style=\"width: 40%; height: 0px; text-align: center;\"><a href=\"https:\/\/goias.gov.br\/saude\/wp-content\/uploads\/sites\/34\/2019\/04\/Wattusy.jpg-814.png\" target=\"_blank\" rel=\"noopener\"><img decoding=\"async\" id=\"\" title=\"\" src=\"https:\/\/goias.gov.br\/saude\/wp-content\/uploads\/sites\/34\/2019\/04\/Wattusy.jpg-814.png\" alt=\"\" \/><\/a><\/td>\n<td style=\"width: 20%; height: 0px; text-align: center;\"><\/td>\n<td style=\"width: 40%; height: 0px; text-align: center;\"><a href=\"https:\/\/goias.gov.br\/saude\/wp-content\/uploads\/sites\/34\/2019\/04\/rosilmar-gomes-85c.jpg\" target=\"_blank\" rel=\"noopener\"><img decoding=\"async\" id=\"\" title=\"\" src=\"https:\/\/goias.gov.br\/saude\/wp-content\/uploads\/sites\/34\/2019\/04\/rosilmar-gomes-85c.jpg\" alt=\"\" \/><\/a><\/td>\n<\/tr>\n<\/tbody>\n<\/table>\n<hr \/>\n<table style=\"width: 100%;\" border=\"2\">\n<tbody>\n<tr style=\"height: 0px;\">\n<td style=\"width: 40%; height: 0px; text-align: center;\">\u00a0<a href=\"https:\/\/goias.gov.br\/saude\/wp-content\/uploads\/sites\/34\/2019\/04\/jaquelinededeuscosta-ce4.pdf\" target=\"_blank\" rel=\"noopener\">TRABALHO COMPLETO<\/a><\/td>\n<td style=\"width: 20%; height: 0px; text-align: center;\"><\/td>\n<td style=\"width: 40%; height: 0px; text-align: center;\"><a href=\"https:\/\/goias.gov.br\/saude\/wp-content\/uploads\/sites\/34\/2019\/04\/sabrinamenezesaraujo-512.pdf\" target=\"_blank\" rel=\"noopener\">TRABALHO COMPLETO<\/a><\/td>\n<\/tr>\n<tr style=\"height: 0px;\">\n<td style=\"width: 40%; height: 0px; text-align: center;\"><a href=\"https:\/\/goias.gov.br\/saude\/wp-content\/uploads\/sites\/34\/2019\/04\/jaqueline-de-deus-bdd.jpg\" target=\"_blank\" rel=\"noopener\"><img decoding=\"async\" id=\"\" title=\"\" src=\"https:\/\/goias.gov.br\/saude\/wp-content\/uploads\/sites\/34\/2019\/04\/jaqueline-de-deus-bdd.jpg\" alt=\"\" \/><\/a><\/td>\n<td style=\"width: 20%; height: 0px; text-align: center;\"><\/td>\n<td style=\"width: 40%; height: 0px; text-align: center;\"><a href=\"https:\/\/goias.gov.br\/saude\/wp-content\/uploads\/sites\/34\/2019\/04\/sabrina-menezes1-21e.jpg\" target=\"_blank\" rel=\"noopener\"><img decoding=\"async\" id=\"\" title=\"\" src=\"https:\/\/goias.gov.br\/saude\/wp-content\/uploads\/sites\/34\/2019\/04\/sabrina-menezes1-21e.jpg\" alt=\"\" \/><\/a><\/td>\n<\/tr>\n<\/tbody>\n<\/table>\n<hr \/>\n<table style=\"width: 100%;\" border=\"2\">\n<tbody>\n<tr style=\"height: 0px;\">\n<td style=\"width: 40%; height: 0px; text-align: center;\">\u00a0<a href=\"https:\/\/goias.gov.br\/saude\/wp-content\/uploads\/sites\/34\/2019\/04\/isabelarezendecarvalho-315.pdf\" target=\"_blank\" rel=\"noopener\">TRABALHO COMPLETO<\/a><\/td>\n<td style=\"width: 20%; height: 0px; text-align: center;\"><\/td>\n<td style=\"width: 40%; height: 0px; text-align: center;\"><a href=\"https:\/\/goias.gov.br\/saude\/wp-content\/uploads\/sites\/34\/2019\/04\/aureliodemelobarbosa-329.pdf\" target=\"_blank\" rel=\"noopener\">TRABALHO COMPLETO<\/a><\/td>\n<\/tr>\n<tr style=\"height: 0px;\">\n<td style=\"width: 40%; height: 0px; text-align: center;\"><a href=\"https:\/\/goias.gov.br\/saude\/wp-content\/uploads\/sites\/34\/2019\/04\/isabela-resende-carneiro1-412.jpg\" target=\"_blank\" rel=\"noopener\"><img decoding=\"async\" id=\"\" title=\"\" src=\"https:\/\/goias.gov.br\/saude\/wp-content\/uploads\/sites\/34\/2019\/04\/isabela-resende-carneiro1-412.jpg\" alt=\"\" \/><\/a><\/td>\n<td style=\"width: 20%; height: 0px; text-align: center;\"><\/td>\n<td style=\"width: 40%; height: 0px; text-align: center;\"><a href=\"https:\/\/goias.gov.br\/saude\/wp-content\/uploads\/sites\/34\/2019\/04\/aureliobarbosa-a99.jpg\" target=\"_blank\" rel=\"noopener\"><img decoding=\"async\" id=\"\" title=\"\" src=\"https:\/\/goias.gov.br\/saude\/wp-content\/uploads\/sites\/34\/2019\/04\/aureliobarbosa-a99.jpg\" alt=\"\" \/><\/a><\/td>\n<\/tr>\n<\/tbody>\n<\/table>\n<hr \/>\n<table style=\"width: 100%;\" border=\"2\">\n<tbody>\n<tr style=\"height: 0px;\">\n<td style=\"width: 40%; height: 0px; text-align: center;\">\u00a0<a href=\"https:\/\/www.revista.esap.go.gov.br\/index.php\/resap\/article\/view\/129\/160\" target=\"_blank\" rel=\"noopener\">TRABALHO COMPLETO<\/a><\/td>\n<td style=\"width: 20%; height: 0px; text-align: center;\"><\/td>\n<td style=\"width: 40%; height: 0px; text-align: center;\"><a href=\"https:\/\/www.revista.esap.go.gov.br\/index.php\/resap\/article\/view\/117\/155\" target=\"_blank\" rel=\"noopener\">TRABALHO COMPLETO<\/a><\/td>\n<\/tr>\n<tr style=\"height: 0px;\">\n<td style=\"width: 40%; height: 0px; text-align: center;\"><a href=\"https:\/\/goias.gov.br\/saude\/wp-content\/uploads\/sites\/34\/2019\/04\/andre-francisco-ramos-e87.jpg\" target=\"_blank\" rel=\"noopener\"><img decoding=\"async\" class=\"null\" title=\"\" src=\"https:\/\/goias.gov.br\/saude\/wp-content\/uploads\/sites\/34\/2019\/04\/andre-francisco-ramos-e87.jpg\" alt=\"\" \/><\/a><\/td>\n<td style=\"width: 20%; height: 0px; text-align: center;\"><\/td>\n<td style=\"width: 40%; height: 0px; text-align: center;\"><a href=\"https:\/\/goias.gov.br\/saude\/wp-content\/uploads\/sites\/34\/2019\/04\/reila-campos2-561.jpg\" target=\"_blank\" rel=\"noopener\"><img decoding=\"async\" class=\"null\" title=\"\" src=\"https:\/\/goias.gov.br\/saude\/wp-content\/uploads\/sites\/34\/2019\/04\/reila-campos2-561.jpg\" alt=\"\" \/><\/a><\/td>\n<\/tr>\n<\/tbody>\n<\/table>\n<hr \/>\n<table style=\"width: 100%;\" border=\"2\">\n<tbody>\n<tr style=\"height: 0px;\">\n<td style=\"width: 40%; height: 0px; text-align: center;\">\u00a0<a href=\"https:\/\/goias.gov.br\/saude\/wp-content\/uploads\/sites\/34\/2019\/04\/fratura-de-femur-em-idosos-na-cidade-de-goiania-caracterizacao-das-internacoes-790.pdf\" target=\"_blank\" rel=\"noopener\">TRABALHO COMPLETO<\/a><\/td>\n<td style=\"width: 20%; height: 0px; text-align: center;\"><\/td>\n<td style=\"width: 40%; height: 0px; text-align: center;\"><a href=\"https:\/\/goias.gov.br\/saude\/wp-content\/uploads\/sites\/34\/2019\/04\/tcc-tatiane-leticia-versao-final-com-ata-de-defesa-63c.pdf\" target=\"_blank\" rel=\"noopener\">TRABALHO COMPLETO<\/a><\/td>\n<\/tr>\n<tr style=\"height: 0px;\">\n<td style=\"width: 40%; height: 0px; text-align: center;\"><a href=\"https:\/\/goias.gov.br\/saude\/wp-content\/uploads\/sites\/34\/2019\/04\/fernanda-mendes-de-paula-f19.jpg\" target=\"_blank\" rel=\"noopener\"><img decoding=\"async\" class=\"null\" title=\"\" src=\"https:\/\/goias.gov.br\/saude\/wp-content\/uploads\/sites\/34\/2019\/04\/fernanda-mendes-de-paula-f19.jpg\" alt=\"\" \/><\/a><\/td>\n<td style=\"width: 20%; height: 0px; text-align: center;\"><\/td>\n<td style=\"width: 40%; height: 0px; text-align: center;\"><a href=\"https:\/\/goias.gov.br\/saude\/wp-content\/uploads\/sites\/34\/2019\/04\/tatiane-leticia-dos-santos-alves-7d3.jpg\" target=\"_blank\" rel=\"noopener\"><img decoding=\"async\" class=\"null\" title=\"\" src=\"https:\/\/goias.gov.br\/saude\/wp-content\/uploads\/sites\/34\/2019\/04\/tatiane-leticia-dos-santos-alves-7d3.jpg\" alt=\"\" \/><\/a><\/td>\n<\/tr>\n<\/tbody>\n<\/table>\n<hr \/>\n<table style=\"width: 100%;\" border=\"2\">\n<tbody>\n<tr style=\"height: 0px;\">\n<td style=\"width: 40%; height: 0px; text-align: center;\"><a href=\"https:\/\/goias.gov.br\/saude\/wp-content\/uploads\/sites\/34\/2019\/04\/artigo-de-fatima-goncalves-6a8.pdf\" target=\"_blank\" rel=\"noopener\">TRABALHO COMPLETO<\/a><\/td>\n<td style=\"width: 20%; height: 0px; text-align: center;\"><\/td>\n<td style=\"width: 40%; height: 0px; text-align: center;\"><a href=\"https:\/\/revistaenfermagematual.com.br\/index.php\/revista\/article\/view\/212\" target=\"_blank\" rel=\"noopener\">TRABALHO COMPLETO<\/a><\/td>\n<\/tr>\n<tr style=\"height: 0px;\">\n<td style=\"width: 40%; height: 0px; text-align: center;\"><a href=\"https:\/\/goias.gov.br\/saude\/wp-content\/uploads\/sites\/34\/2019\/04\/fatima-goncalves-messias-takahashi-159.jpg\" target=\"_blank\" rel=\"noopener\"><img decoding=\"async\" class=\"null\" title=\"\" src=\"https:\/\/goias.gov.br\/saude\/wp-content\/uploads\/sites\/34\/2019\/04\/fatima-goncalves-messias-takahashi-159.jpg\" alt=\"\" \/><\/a><\/td>\n<td style=\"width: 20%; height: 0px; text-align: center;\"><\/td>\n<td style=\"width: 40%; height: 0px; text-align: center;\"><a href=\"https:\/\/goias.gov.br\/saude\/wp-content\/uploads\/sites\/34\/2019\/04\/lara-thaiane-b9d.jpg\" target=\"_blank\" rel=\"noopener\"><img decoding=\"async\" class=\"null\" title=\"\" src=\"https:\/\/goias.gov.br\/saude\/wp-content\/uploads\/sites\/34\/2019\/04\/lara-thaiane-b9d.jpg\" alt=\"\" \/><\/a><\/td>\n<\/tr>\n<\/tbody>\n<\/table>\n<hr \/>\n<table style=\"width: 100%;\" border=\"2\">\n<tbody>\n<tr style=\"height: 0px;\">\n<td style=\"width: 40%; height: 0px; text-align: center;\"><a href=\"https:\/\/goias.gov.br\/saude\/wp-content\/uploads\/sites\/34\/2019\/04\/trabalho-tcc-final-alessandra-aparecida-volpe-8c5.pdf\" target=\"_blank\" rel=\"noopener\">TRABALHO COMPLETO<\/a><\/td>\n<td style=\"width: 20%; height: 0px; text-align: center;\"><\/td>\n<td style=\"width: 40%; height: 0px; text-align: center;\"><a href=\"https:\/\/goias.gov.br\/saude\/wp-content\/uploads\/sites\/34\/2019\/04\/hiumara-amancio-versAo-final-tcc-3o_-turma-aps-082.pdf\" target=\"_blank\" rel=\"noopener\">TRABALHO COMPLETO<\/a><\/td>\n<\/tr>\n<tr style=\"height: 0px;\">\n<td style=\"width: 40%; height: 0px; text-align: center;\"><a href=\"https:\/\/goias.gov.br\/saude\/wp-content\/uploads\/sites\/34\/2019\/04\/alessandra-aparecida1-e03.jpg\" target=\"_blank\" rel=\"noopener\"><img decoding=\"async\" class=\"null\" title=\"\" src=\"https:\/\/goias.gov.br\/saude\/wp-content\/uploads\/sites\/34\/2019\/04\/alessandra-aparecida1-e03.jpg\" alt=\"\" \/><\/a><\/td>\n<td style=\"width: 20%; height: 0px; text-align: center;\"><\/td>\n<td style=\"width: 40%; height: 0px; text-align: center;\"><a href=\"https:\/\/goias.gov.br\/saude\/wp-content\/uploads\/sites\/34\/2019\/04\/hiumara-amancio-da-luz-77c.jpg\" target=\"_blank\" rel=\"noopener\"><img decoding=\"async\" class=\"null\" title=\"\" src=\"https:\/\/goias.gov.br\/saude\/wp-content\/uploads\/sites\/34\/2019\/04\/hiumara-amancio-da-luz-77c.jpg\" alt=\"\" \/><\/a><\/td>\n<\/tr>\n<\/tbody>\n<\/table>\n<hr \/>\n<table style=\"width: 100%;\" border=\"2\">\n<tbody>\n<tr style=\"height: 0px;\">\n<td style=\"width: 40%; height: 0px; text-align: center;\"><a href=\"https:\/\/www.researchgate.net\/publication\/320140569_Alteracoes_maternas_e_desfecho_gravidico-puerperal_na_ocorrencia_de_obito_materno\" target=\"_blank\" rel=\"noopener\">TRABALHO COMPLETO<\/a><\/td>\n<td style=\"width: 20%; height: 0px; text-align: center;\"><\/td>\n<td style=\"width: 40%; height: 0px; text-align: center;\"><a href=\"https:\/\/revistaenfermagematual.com.br\/index.php\/revista\/article\/view\/211\" target=\"_blank\" rel=\"noopener\">TRABALHO COMPLETO<\/a><\/td>\n<\/tr>\n<tr style=\"height: 0px;\">\n<td style=\"width: 40%; height: 0px; text-align: center;\"><a href=\"https:\/\/goias.gov.br\/saude\/wp-content\/uploads\/sites\/34\/2019\/04\/maira-ribeiro1-654.jpg\" target=\"_blank\" rel=\"noopener\"><img decoding=\"async\" class=\"null\" title=\"\" src=\"https:\/\/goias.gov.br\/saude\/wp-content\/uploads\/sites\/34\/2019\/04\/maira-ribeiro1-654.jpg\" alt=\"\" \/><\/a><\/td>\n<td style=\"width: 20%; height: 0px; text-align: center;\"><\/td>\n<td style=\"width: 40%; height: 0px; text-align: center;\"><a href=\"https:\/\/goias.gov.br\/saude\/wp-content\/uploads\/sites\/34\/2019\/04\/juliana-das-dores3-635.jpg\" target=\"_blank\" rel=\"noopener\"><img decoding=\"async\" class=\"null\" title=\"\" src=\"https:\/\/goias.gov.br\/saude\/wp-content\/uploads\/sites\/34\/2019\/04\/juliana-das-dores3-635.jpg\" alt=\"\" \/><\/a><\/td>\n<\/tr>\n<\/tbody>\n<\/table>\n<hr \/>\n<table style=\"width: 100%;\" border=\"2\">\n<tbody>\n<tr style=\"height: 0px;\">\n<td style=\"width: 40%; height: 0px; text-align: center;\"><a href=\"https:\/\/www.scielo.br\/scielo.php?script=sci_arttext&amp;pid=S1414-462X2019000200117\" target=\"_blank\" rel=\"noopener\">TRABALHO COMPLETO<\/a><\/td>\n<td style=\"width: 20%; height: 0px; text-align: center;\"><\/td>\n<td style=\"width: 40%; height: 0px; text-align: center;\">PESQUISA EM ANDAMENTO<\/td>\n<\/tr>\n<tr style=\"height: 0px;\">\n<td style=\"width: 40%; height: 0px; text-align: center;\"><a href=\"https:\/\/goias.gov.br\/saude\/wp-content\/uploads\/sites\/34\/2019\/04\/tania-cassia1-017.jpg\" target=\"_blank\" rel=\"noopener\"><img decoding=\"async\" class=\"null\" title=\"\" src=\"https:\/\/goias.gov.br\/saude\/wp-content\/uploads\/sites\/34\/2019\/04\/tania-cassia1-017.jpg\" alt=\"\" \/><\/a><\/td>\n<td style=\"width: 20%; height: 0px; text-align: center;\"><\/td>\n<td style=\"width: 40%; height: 0px; text-align: center;\"><a href=\"https:\/\/goias.gov.br\/saude\/wp-content\/uploads\/sites\/34\/2019\/04\/adriana-magalhaes-da-silva-114.jpg\" target=\"_blank\" rel=\"noopener\"><img decoding=\"async\" class=\"null\" title=\"\" src=\"https:\/\/goias.gov.br\/saude\/wp-content\/uploads\/sites\/34\/2019\/04\/adriana-magalhaes-da-silva-114.jpg\" alt=\"\" \/><\/a><\/td>\n<\/tr>\n<\/tbody>\n<\/table>\n<hr \/>\n<table style=\"width: 100%;\" border=\"2\">\n<tbody>\n<tr style=\"height: 0px;\">\n<td style=\"width: 40%; height: 0px; text-align: center;\">\n<p style=\"text-align: center;\"><strong><a href=\"https:\/\/www.scielo.br\/scielo.php?script=sci_arttext&amp;pid=S1413-81232019000602043&amp;lng=pt&amp;nrm=iso\" target=\"_blank\" rel=\"noopener\">TRABALHO COMPLETO<\/a><\/strong><\/p>\n<\/td>\n<td style=\"width: 20%; height: 0px; text-align: center;\"><\/td>\n<td style=\"width: 40%; height: 0px; text-align: center;\"><strong>PESQUISA EM ANDAMENTO<\/strong><\/td>\n<\/tr>\n<tr style=\"height: 0px;\">\n<td style=\"width: 40%; height: 0px; text-align: center;\"><a href=\"https:\/\/goias.gov.br\/saude\/wp-content\/uploads\/sites\/34\/2019\/04\/sandro-dcf.jpg\" target=\"_blank\" rel=\"noopener\"><img decoding=\"async\" class=\"null\" title=\"\" src=\"https:\/\/goias.gov.br\/saude\/wp-content\/uploads\/sites\/34\/2019\/04\/sandro-dcf.jpg\" alt=\"\" \/><\/a><\/td>\n<td style=\"width: 20%; height: 0px; text-align: center;\"><\/td>\n<td style=\"width: 40%; height: 0px; text-align: center;\"><a href=\"https:\/\/goias.gov.br\/saude\/wp-content\/uploads\/sites\/34\/2019\/04\/bruna-rodrigues-soares-fbe.jpg\" target=\"_blank\" rel=\"noopener\"><img decoding=\"async\" class=\"null\" title=\"\" src=\"https:\/\/goias.gov.br\/saude\/wp-content\/uploads\/sites\/34\/2019\/04\/bruna-rodrigues-soares-fbe.jpg\" alt=\"\" \/><\/a><\/td>\n<\/tr>\n<\/tbody>\n<\/table>\n<hr \/>\n<table style=\"width: 100%;\" border=\"2\">\n<tbody>\n<tr style=\"height: 0px;\">\n<td style=\"width: 40%; height: 0px; text-align: center;\">\n<p style=\"text-align: center;\"><strong><a href=\"https:\/\/www.revista.esap.go.gov.br\/index.php\/resap\/article\/view\/86\/113\" target=\"_blank\" rel=\"noopener\">TRABALHO COMPLETO<\/a><\/strong><\/p>\n<\/td>\n<td style=\"width: 20%; height: 0px; text-align: center;\"><\/td>\n<td style=\"width: 40%; height: 0px; text-align: center;\"><a href=\"https:\/\/www.revista.esap.go.gov.br\/index.php\/resap\/article\/view\/108\/125\" target=\"_blank\" rel=\"noopener\">TRABALHO COMPLETO<\/a><\/td>\n<\/tr>\n<tr style=\"height: 0px;\">\n<td style=\"width: 40%; height: 0px; text-align: center;\"><a href=\"https:\/\/goias.gov.br\/saude\/wp-content\/uploads\/sites\/34\/2019\/04\/julia-do-carmo-173.jpg\"><img decoding=\"async\" class=\"null\" title=\"\" src=\"https:\/\/goias.gov.br\/saude\/wp-content\/uploads\/sites\/34\/2019\/04\/julia-do-carmo-173.jpg\" alt=\"\" \/><\/a><\/td>\n<td style=\"width: 20%; height: 0px; text-align: center;\"><\/td>\n<td style=\"width: 40%; height: 0px; text-align: center;\"><a href=\"https:\/\/goias.gov.br\/saude\/wp-content\/uploads\/sites\/34\/2019\/04\/lucilene-ae1.jpg\" target=\"_blank\" rel=\"noopener\"><img decoding=\"async\" class=\"null\" title=\"\" src=\"https:\/\/goias.gov.br\/saude\/wp-content\/uploads\/sites\/34\/2019\/04\/lucilene-ae1.jpg\" alt=\"\" \/><\/a><\/td>\n<\/tr>\n<\/tbody>\n<\/table>\n<hr \/>\n<table style=\"width: 100%;\" border=\"2\">\n<tbody>\n<tr style=\"height: 0px;\">\n<td style=\"width: 40%; height: 0px; text-align: center;\">\n<p style=\"text-align: center;\"><strong><a href=\"https:\/\/www.revista.esap.go.gov.br\/index.php\/resap\/article\/view\/88\/115\" target=\"_blank\" rel=\"noopener\">TRABALHO COMPLETO<\/a><\/strong><\/p>\n<\/td>\n<td style=\"width: 20%; height: 0px; text-align: center;\"><\/td>\n<td style=\"width: 40%; height: 0px; text-align: center;\"><strong><a href=\"https:\/\/www.revista.esap.go.gov.br\/index.php\/resap\/article\/view\/109\/126\" target=\"_blank\" rel=\"noopener\">TRABALHO COMPLETO<\/a><\/strong><\/td>\n<\/tr>\n<tr style=\"height: 0px;\">\n<td style=\"width: 40%; height: 0px; text-align: center;\"><a href=\"https:\/\/goias.gov.br\/saude\/wp-content\/uploads\/sites\/34\/2019\/04\/lara_fw-318.png\"><img decoding=\"async\" class=\"null\" title=\"\" src=\"https:\/\/goias.gov.br\/saude\/wp-content\/uploads\/sites\/34\/2019\/04\/lara_fw-318.png\" alt=\"\" \/><\/a><\/td>\n<td style=\"width: 20%; height: 0px; text-align: center;\"><\/td>\n<td style=\"width: 40%; height: 0px; text-align: center;\"><a href=\"https:\/\/goias.gov.br\/saude\/wp-content\/uploads\/sites\/34\/2019\/04\/michele-rodrigues1-71f.jpg\" target=\"_blank\" rel=\"noopener\"><img decoding=\"async\" class=\"null\" title=\"\" src=\"https:\/\/goias.gov.br\/saude\/wp-content\/uploads\/sites\/34\/2019\/04\/michele-rodrigues1-71f.jpg\" alt=\"\" \/><\/a><\/td>\n<\/tr>\n<\/tbody>\n<\/table>\n<hr \/>\n<table style=\"width: 100%;\" border=\"2\">\n<tbody>\n<tr style=\"height: 0px;\">\n<td style=\"width: 40%; height: 0px; text-align: center;\">\n<p style=\"text-align: center;\"><strong><a href=\"https:\/\/www.revista.esap.go.gov.br\/index.php\/resap\/article\/view\/111\/128\" target=\"_blank\" rel=\"noopener\">TRABALHO COMPLETO<\/a><\/strong><\/p>\n<\/td>\n<td style=\"width: 20%; height: 0px; text-align: center;\"><\/td>\n<td style=\"width: 40%; height: 0px; text-align: center;\"><strong><a href=\"https:\/\/www.revista.esap.go.gov.br\/index.php\/resap\/article\/view\/110\/127\" target=\"_blank\" rel=\"noopener\">TRABALHO COMPLETO<\/a><\/strong><\/td>\n<\/tr>\n<tr style=\"height: 0px;\">\n<td style=\"width: 40%; height: 0px; text-align: center;\"><a href=\"https:\/\/goias.gov.br\/saude\/wp-content\/uploads\/sites\/34\/2019\/04\/adna-ba5.jpg\" target=\"_blank\" rel=\"noopener\"><img decoding=\"async\" title=\"\" src=\"https:\/\/goias.gov.br\/saude\/wp-content\/uploads\/sites\/34\/2019\/04\/adna-ba5.jpg\" alt=\"\" \/><\/a><\/td>\n<td style=\"width: 20%; height: 0px; text-align: center;\"><\/td>\n<td style=\"width: 40%; height: 0px; text-align: center;\"><a href=\"https:\/\/goias.gov.br\/saude\/wp-content\/uploads\/sites\/34\/2019\/04\/denise-carrion1-340.jpg\" target=\"_blank\" rel=\"noopener\"><img decoding=\"async\" title=\"\" src=\"https:\/\/goias.gov.br\/saude\/wp-content\/uploads\/sites\/34\/2019\/04\/denise-carrion1-340.jpg\" alt=\"\" \/><\/a><\/td>\n<\/tr>\n<\/tbody>\n<\/table>\n<hr \/>\n<table style=\"width: 100%;\" border=\"2\">\n<tbody>\n<tr style=\"height: 0px;\">\n<td style=\"width: 40%; height: 0px; text-align: center;\">\n<p style=\"text-align: center;\"><strong><a href=\"https:\/\/www.arca.fiocruz.br\/handle\/icict\/32495\" target=\"_blank\" rel=\"noopener\">TRABALHO COMPLETO<\/a><\/strong><\/p>\n<\/td>\n<td style=\"width: 20%; height: 0px; text-align: center;\"><\/td>\n<td style=\"width: 40%; height: 0px; text-align: center;\"><strong><a href=\"https:\/\/www.revista.esap.go.gov.br\/index.php\/resap\/article\/view\/87\/114\" target=\"_blank\" rel=\"noopener\">TRABALHO COMPLETO<\/a><\/strong><\/td>\n<\/tr>\n<tr style=\"height: 0px;\">\n<td style=\"width: 40%; height: 0px; text-align: center;\"><a href=\"https:\/\/goias.gov.br\/saude\/wp-content\/uploads\/sites\/34\/2019\/04\/noemia_fw-91b.png\" target=\"_blank\" rel=\"noopener\"><img decoding=\"async\" title=\"\" src=\"https:\/\/goias.gov.br\/saude\/wp-content\/uploads\/sites\/34\/2019\/04\/noemia_fw-91b.png\" alt=\"\" \/><\/a><\/td>\n<td style=\"width: 20%; height: 0px; text-align: center;\"><\/td>\n<td style=\"width: 40%; height: 0px; text-align: center;\"><a href=\"https:\/\/goias.gov.br\/saude\/wp-content\/uploads\/sites\/34\/2019\/04\/valeria-fernandes-9b3.jpg\" target=\"_blank\" rel=\"noopener\"><img decoding=\"async\" class=\"null\" style=\"display: block;\" src=\"https:\/\/goias.gov.br\/saude\/wp-content\/uploads\/sites\/34\/2019\/04\/valeria-fernandes-9b3.jpg\" alt=\"\" \/><\/a><\/td>\n<\/tr>\n<\/tbody>\n<\/table>\n<hr \/>\n<table style=\"width: 100%;\" border=\"2\">\n<tbody>\n<tr style=\"height: 0px;\">\n<td style=\"width: 40%; height: 0px; text-align: center;\"><strong><a href=\"https:\/\/www.revista.esap.go.gov.br\/index.php\/resap\/article\/view\/85\/112\" target=\"_blank\" rel=\"noopener\">TRABALHO COMPLETO<\/a><\/strong><\/td>\n<td style=\"width: 20%; height: 0px; text-align: center;\"><\/td>\n<td style=\"width: 40%; height: 0px; text-align: center;\"><strong><a href=\"https:\/\/www.revista.esap.go.gov.br\/index.php\/resap\/article\/view\/84\/111\" target=\"_blank\" rel=\"noopener\">TRABALHO COMPLETO<\/a><\/strong><\/td>\n<\/tr>\n<tr style=\"height: 0px;\">\n<td style=\"width: 40%; height: 0px; text-align: center;\"><a href=\"https:\/\/goias.gov.br\/saude\/wp-content\/uploads\/sites\/34\/2019\/04\/atila-vieria-074.jpg\" target=\"_blank\" rel=\"noopener\"><img decoding=\"async\" class=\"null\" style=\"display: block;\" src=\"https:\/\/goias.gov.br\/saude\/wp-content\/uploads\/sites\/34\/2019\/04\/atila-vieria-074.jpg\" alt=\"\" \/><\/a><\/td>\n<td style=\"width: 20%; height: 0px; text-align: center;\"><\/td>\n<td style=\"width: 40%; height: 0px; text-align: center;\"><a href=\"https:\/\/goias.gov.br\/saude\/wp-content\/uploads\/sites\/34\/2019\/04\/de-olho-na-pesquisa-arnaldo-sergio-67b.jpg\" target=\"_blank\" rel=\"noopener\"><img decoding=\"async\" class=\"null\" style=\"display: block;\" src=\"https:\/\/goias.gov.br\/saude\/wp-content\/uploads\/sites\/34\/2019\/04\/de-olho-na-pesquisa-arnaldo-sergio-67b.jpg\" alt=\"\" \/><\/a><\/td>\n<\/tr>\n<\/tbody>\n<\/table>\n<hr \/>\n<table style=\"width: 100%;\" border=\"2\">\n<tbody>\n<tr style=\"height: 0px;\">\n<td style=\"width: 40%; height: 0px; text-align: center;\"><strong><a href=\"images\/imagens_migradas\/\" target=\"_blank\" rel=\"noopener\">TRABALHO COMPLETO<\/a><\/strong><\/td>\n<td style=\"width: 20%; height: 0px; text-align: center;\"><\/td>\n<td style=\"width: 40%; height: 0px; text-align: center;\"><strong><a href=\"https:\/\/www.revista.esap.go.gov.br\/index.php\/resap\/article\/view\/107\/124\" target=\"_blank\" rel=\"noopener\">TRABALHO COMPLETO<\/a><\/strong><\/td>\n<\/tr>\n<tr style=\"height: 0px;\">\n<td style=\"width: 40%; height: 0px; text-align: center;\"><a href=\"https:\/\/goias.gov.br\/saude\/wp-content\/uploads\/sites\/34\/2019\/04\/de-olho-na-pesquisa-ricardo-lourenco-fb5.jpg\" target=\"_blank\" rel=\"noopener\"><img decoding=\"async\" class=\"null\" style=\"display: block;\" src=\"https:\/\/goias.gov.br\/saude\/wp-content\/uploads\/sites\/34\/2019\/04\/de-olho-na-pesquisa-ricardo-lourenco-fb5.jpg\" alt=\"\" \/><\/a><\/td>\n<td style=\"width: 20%; height: 0px; text-align: center;\"><\/td>\n<td style=\"width: 40%; height: 0px; text-align: center;\"><a href=\"https:\/\/goias.gov.br\/saude\/wp-content\/uploads\/sites\/34\/2019\/04\/de-olho-na-pesquisa-glenia-61b.jpg\" target=\"_blank\" rel=\"noopener\"><img decoding=\"async\" class=\"null\" style=\"display: block;\" src=\"https:\/\/goias.gov.br\/saude\/wp-content\/uploads\/sites\/34\/2019\/04\/de-olho-na-pesquisa-glenia-61b.jpg\" alt=\"\" \/><\/a><\/td>\n<\/tr>\n<\/tbody>\n<\/table>\n","protected":false},"excerpt":{"rendered":"<p>Acompanhe os Trabalhos cient\u00edficos feitos nas unidades da Secretaria de Estado de Sa\u00fade. Publique sua pesquisa! Entre em contato: olhonapesquisa@gmail.com\u200b PROTOCOLO DE TERAPIA NUTRICIONAL DO PACIENTE CR\u00cdTICO COM COVID-19 Am\u00e9lia Cristina Stival Duarte Doutoranda em Nutri\u00e7\u00e3o e Sa\u00fade pela Universidade Federal de Goi\u00e1s. Mestre em Antropologia Social pela Universidade Federal de Goi\u00e1s com \u00eanfase na [&hellip;]<\/p>\n","protected":false},"author":46,"featured_media":0,"comment_status":"closed","ping_status":"open","sticky":false,"template":"","format":"standard","meta":{"footnotes":""},"categories":[132],"tags":[],"class_list":["post-7955","post","type-post","status-publish","format-standard","hentry","category-de-olho-na-pesquisa"],"rttpg_featured_image_url":null,"rttpg_author":{"display_name":"cleybetsls","author_link":"https:\/\/goias.gov.br\/saude\/author\/cleybetsls\/"},"rttpg_comment":0,"rttpg_category":"<a href=\"https:\/\/goias.gov.br\/saude\/categoria\/de-olho-na-pesquisa\/\" rel=\"category tag\">De Olho na Pesquisa<\/a>","rttpg_excerpt":"Acompanhe os Trabalhos cient\u00edficos feitos nas unidades da Secretaria de Estado de Sa\u00fade. Publique sua pesquisa! Entre em contato: olhonapesquisa@gmail.com\u200b PROTOCOLO DE TERAPIA NUTRICIONAL DO PACIENTE CR\u00cdTICO COM COVID-19 Am\u00e9lia Cristina Stival Duarte Doutoranda em Nutri\u00e7\u00e3o e Sa\u00fade pela Universidade Federal de Goi\u00e1s. Mestre em Antropologia Social pela Universidade Federal de Goi\u00e1s com \u00eanfase na&hellip;","_links":{"self":[{"href":"https:\/\/goias.gov.br\/saude\/wp-json\/wp\/v2\/posts\/7955","targetHints":{"allow":["GET"]}}],"collection":[{"href":"https:\/\/goias.gov.br\/saude\/wp-json\/wp\/v2\/posts"}],"about":[{"href":"https:\/\/goias.gov.br\/saude\/wp-json\/wp\/v2\/types\/post"}],"author":[{"embeddable":true,"href":"https:\/\/goias.gov.br\/saude\/wp-json\/wp\/v2\/users\/46"}],"replies":[{"embeddable":true,"href":"https:\/\/goias.gov.br\/saude\/wp-json\/wp\/v2\/comments?post=7955"}],"version-history":[{"count":2,"href":"https:\/\/goias.gov.br\/saude\/wp-json\/wp\/v2\/posts\/7955\/revisions"}],"predecessor-version":[{"id":42734,"href":"https:\/\/goias.gov.br\/saude\/wp-json\/wp\/v2\/posts\/7955\/revisions\/42734"}],"wp:attachment":[{"href":"https:\/\/goias.gov.br\/saude\/wp-json\/wp\/v2\/media?parent=7955"}],"wp:term":[{"taxonomy":"category","embeddable":true,"href":"https:\/\/goias.gov.br\/saude\/wp-json\/wp\/v2\/categories?post=7955"},{"taxonomy":"post_tag","embeddable":true,"href":"https:\/\/goias.gov.br\/saude\/wp-json\/wp\/v2\/tags?post=7955"}],"curies":[{"name":"wp","href":"https:\/\/api.w.org\/{rel}","templated":true}]}}