{"id":76491,"date":"2024-07-26T10:41:14","date_gmt":"2024-07-26T13:41:14","guid":{"rendered":"https:\/\/goias.gov.br\/saude\/?p=76491"},"modified":"2024-07-26T10:41:14","modified_gmt":"2024-07-26T13:41:14","slug":"extrato-do-termo-de-colaboracao-n-o-94-2024-ses-go","status":"publish","type":"post","link":"https:\/\/goias.gov.br\/saude\/extrato-do-termo-de-colaboracao-n-o-94-2024-ses-go\/","title":{"rendered":"Extrato do Termo de Colabora\u00e7\u00e3o n.\u00ba 94\/2024 \u2013 SES\/GO"},"content":{"rendered":"\n<p class=\"wp-block-paragraph\">Processo n\u00ba 202400010044191. Parceiro P\u00fablico: Estado de Goi\u00e1s \u2013 Secretaria de Estado da Sa\u00fade. Parceiro Privado: Instituto de Medicina, Estudos e Desenvolvimento \u2013 IMED. Objeto: Gerenciamento, operacionaliza\u00e7\u00e3o e execu\u00e7\u00e3o das a\u00e7\u00f5es e servi\u00e7os de sa\u00fade em regime de no m\u00ednimo 12 horas\/dia, na\u00a0Policl\u00ednica Estadual da Regi\u00e3o Nordeste &#8211; Posse, localizada\u00a0na Avenida Juscelino K. de Oliveira, Setor Buenos Aires, Posse &#8211; Goi\u00e1s. Valor: R$ 18.292.179,00. Vig\u00eancia: 180 (cento e oitenta) dias ou at\u00e9 a conclus\u00e3o do chamamento p\u00fablico, contados a partir da publica\u00e7\u00e3o deste extrato no Di\u00e1rio Oficial do Estado de Goi\u00e1s. Dota\u00e7\u00e3o Or\u00e7ament\u00e1ria: 2850.10.302.1043. 2516.03. 25000100. 50. Signat\u00e1rios: Ras\u00edvel dos Reis Santos J\u00fanior \u2013 Secret\u00e1rio de Estado da Sa\u00fade. Andr\u00e9 Fonseca Leme \u2013 IMED.<\/p>\n","protected":false},"excerpt":{"rendered":"<p>Processo n\u00ba 202400010044191. Parceiro P\u00fablico: Estado de Goi\u00e1s \u2013 Secretaria de Estado da Sa\u00fade. Parceiro Privado: Instituto de Medicina, Estudos e Desenvolvimento \u2013 IMED. Objeto: Gerenciamento, operacionaliza\u00e7\u00e3o e execu\u00e7\u00e3o das a\u00e7\u00f5es e servi\u00e7os de sa\u00fade em regime de no m\u00ednimo 12 horas\/dia, na\u00a0Policl\u00ednica Estadual da Regi\u00e3o Nordeste &#8211; Posse, localizada\u00a0na Avenida Juscelino K. de Oliveira, [&hellip;]<\/p>\n","protected":false},"author":164,"featured_media":0,"comment_status":"closed","ping_status":"open","sticky":false,"template":"","format":"standard","meta":{"footnotes":""},"categories":[267],"tags":[],"class_list":["post-76491","post","type-post","status-publish","format-standard","hentry","category-termo-de-colaboracao-2024"],"rttpg_featured_image_url":null,"rttpg_author":{"display_name":"isabelamelo","author_link":"https:\/\/goias.gov.br\/saude\/author\/isabelamelo\/"},"rttpg_comment":0,"rttpg_category":"<a href=\"https:\/\/goias.gov.br\/saude\/categoria\/prestacao-de-contas\/licitacoes\/termo-de-colaboracao-2024\/\" rel=\"category tag\">Termo de Colabora\u00e7\u00e3o 2024<\/a>","rttpg_excerpt":"Processo n\u00ba 202400010044191. Parceiro P\u00fablico: Estado de Goi\u00e1s \u2013 Secretaria de Estado da Sa\u00fade. Parceiro Privado: Instituto de Medicina, Estudos e Desenvolvimento \u2013 IMED. Objeto: Gerenciamento, operacionaliza\u00e7\u00e3o e execu\u00e7\u00e3o das a\u00e7\u00f5es e servi\u00e7os de sa\u00fade em regime de no m\u00ednimo 12 horas\/dia, na\u00a0Policl\u00ednica Estadual da Regi\u00e3o Nordeste &#8211; Posse, localizada\u00a0na Avenida Juscelino K. de Oliveira,&hellip;","_links":{"self":[{"href":"https:\/\/goias.gov.br\/saude\/wp-json\/wp\/v2\/posts\/76491","targetHints":{"allow":["GET"]}}],"collection":[{"href":"https:\/\/goias.gov.br\/saude\/wp-json\/wp\/v2\/posts"}],"about":[{"href":"https:\/\/goias.gov.br\/saude\/wp-json\/wp\/v2\/types\/post"}],"author":[{"embeddable":true,"href":"https:\/\/goias.gov.br\/saude\/wp-json\/wp\/v2\/users\/164"}],"replies":[{"embeddable":true,"href":"https:\/\/goias.gov.br\/saude\/wp-json\/wp\/v2\/comments?post=76491"}],"version-history":[{"count":1,"href":"https:\/\/goias.gov.br\/saude\/wp-json\/wp\/v2\/posts\/76491\/revisions"}],"predecessor-version":[{"id":76498,"href":"https:\/\/goias.gov.br\/saude\/wp-json\/wp\/v2\/posts\/76491\/revisions\/76498"}],"wp:attachment":[{"href":"https:\/\/goias.gov.br\/saude\/wp-json\/wp\/v2\/media?parent=76491"}],"wp:term":[{"taxonomy":"category","embeddable":true,"href":"https:\/\/goias.gov.br\/saude\/wp-json\/wp\/v2\/categories?post=76491"},{"taxonomy":"post_tag","embeddable":true,"href":"https:\/\/goias.gov.br\/saude\/wp-json\/wp\/v2\/tags?post=76491"}],"curies":[{"name":"wp","href":"https:\/\/api.w.org\/{rel}","templated":true}]}}