

{"id":755797,"date":"2026-04-08T16:56:46","date_gmt":"2026-04-08T19:56:46","guid":{"rendered":"https:\/\/goias.gov.br\/saude\/?p=755797"},"modified":"2026-04-08T16:57:37","modified_gmt":"2026-04-08T19:57:37","slug":"subsecretaria-da-ses-e-selecionada-para-programa-internacional-de-formacao-de-liderancas-femininas-na-franca","status":"publish","type":"post","link":"https:\/\/goias.gov.br\/saude\/subsecretaria-da-ses-e-selecionada-para-programa-internacional-de-formacao-de-liderancas-femininas-na-franca\/","title":{"rendered":"Subsecret\u00e1ria da SES \u00e9 selecionada para programa internacional de forma\u00e7\u00e3o de lideran\u00e7as femininas na Fran\u00e7a"},"content":{"rendered":"\n<p class=\"has-text-align-center\"><strong>Fl\u00favia Amorim participa de forma\u00e7\u00e3o no Insead; 50 mulheres foram selecionadas entre 1.600 candidatas<\/strong><\/p>\n\n\n\n<!--more-->\n\n\n<div class=\"wp-block-image\">\n<figure class=\"aligncenter size-large\"><img fetchpriority=\"high\" decoding=\"async\" width=\"1024\" height=\"605\" src=\"https:\/\/goias.gov.br\/saude\/wp-content\/uploads\/sites\/34\/2026\/04\/0804-fluvia-liderencas-franca-1024x605.jpeg\" alt=\"\" class=\"wp-image-755814\" srcset=\"https:\/\/goias.gov.br\/saude\/wp-content\/uploads\/sites\/34\/2026\/04\/0804-fluvia-liderencas-franca-1024x605.jpeg 1024w, https:\/\/goias.gov.br\/saude\/wp-content\/uploads\/sites\/34\/2026\/04\/0804-fluvia-liderencas-franca-300x177.jpeg 300w, https:\/\/goias.gov.br\/saude\/wp-content\/uploads\/sites\/34\/2026\/04\/0804-fluvia-liderencas-franca-768x454.jpeg 768w, https:\/\/goias.gov.br\/saude\/wp-content\/uploads\/sites\/34\/2026\/04\/0804-fluvia-liderencas-franca.jpeg 1524w\" sizes=\"(max-width: 1024px) 100vw, 1024px\" \/><figcaption class=\"wp-element-caption\"><em>Fortalecer a lideran\u00e7a das mulheres no setor p\u00fablico \u00e9 essencial para promover uma gest\u00e3o mais diversa, colaborativa e orientada ao bem comum<\/em><\/figcaption><\/figure>\n<\/div>\n\n\n<p>A Secretaria de Estado da Sa\u00fade de Goi\u00e1s (SES-GO) destaca a participa\u00e7\u00e3o da subsecret\u00e1ria de Vigil\u00e2ncia em Sa\u00fade, Fl\u00favia Amorim, em um programa internacional de forma\u00e7\u00e3o de lideran\u00e7as femininas voltado \u00e0 gest\u00e3o p\u00fablica, com etapa presencial na Fran\u00e7a. A subsecret\u00e1ria foi selecionada em um processo nacional que reuniu 1.600 candidatas, das quais 50 foram escolhidas, reconhecendo trajet\u00f3rias comprometidas com a qualifica\u00e7\u00e3o da gest\u00e3o, a inova\u00e7\u00e3o e o fortalecimento das pol\u00edticas p\u00fablicas.<\/p>\n\n\n\n<p>O programa tem como objetivo desenvolver compet\u00eancias em lideran\u00e7a, gest\u00e3o estrat\u00e9gica, tomada de decis\u00e3o e formula\u00e7\u00e3o de pol\u00edticas p\u00fablicas, al\u00e9m de promover o interc\u00e2mbio de experi\u00eancias entre gestoras de diferentes regi\u00f5es do Brasil e de outros pa\u00edses. A forma\u00e7\u00e3o inclui atividades te\u00f3ricas e pr\u00e1ticas, debates sobre desafios contempor\u00e2neos da administra\u00e7\u00e3o p\u00fablica e uma imers\u00e3o internacional em um dos principais centros de excel\u00eancia em ensino executivo do mundo.<\/p>\n\n\n\n<p>A participa\u00e7\u00e3o da subsecret\u00e1ria representa um investimento significativo na qualifica\u00e7\u00e3o da alta gest\u00e3o da sa\u00fade p\u00fablica em Goi\u00e1s, especialmente em uma \u00e1rea estrat\u00e9gica como a Vigil\u00e2ncia em Sa\u00fade, respons\u00e1vel por a\u00e7\u00f5es de preven\u00e7\u00e3o, promo\u00e7\u00e3o, monitoramento e resposta a riscos e agravos \u00e0 sa\u00fade da popula\u00e7\u00e3o. Segundo Fl\u00favia Amorim, a capacita\u00e7\u00e3o internacional contribui diretamente para o aprimoramento das pol\u00edticas e das pr\u00e1ticas desenvolvidas no \u00e2mbito do Sistema \u00danico de Sa\u00fade (SUS) em Goi\u00e1s.<\/p>\n\n\n\n<p>\u201cA forma\u00e7\u00e3o continuada de lideran\u00e7as p\u00fablicas \u00e9 essencial para enfrentar os desafios cada vez mais complexos da gest\u00e3o do SUS. Participar de um programa internacional como esse amplia a vis\u00e3o estrat\u00e9gica, fortalece a capacidade de tomada de decis\u00e3o e permite a troca de experi\u00eancias com gestoras que atuam em diferentes contextos. Esse aprendizado retorna para Goi\u00e1s na forma de uma gest\u00e3o mais qualificada, inovadora e comprometida com resultados concretos para a popula\u00e7\u00e3o\u201d, afirmou a subsecret\u00e1ria.<\/p>\n\n\n\n<p><strong>Protagonismo feminino na gest\u00e3o p\u00fablica<\/strong><br>O programa tamb\u00e9m refor\u00e7a a import\u00e2ncia do protagonismo feminino na gest\u00e3o p\u00fablica, estimulando a ocupa\u00e7\u00e3o de espa\u00e7os estrat\u00e9gicos por mulheres e contribuindo para a constru\u00e7\u00e3o de institui\u00e7\u00f5es mais diversas, inclusivas e representativas. A iniciativa est\u00e1 alinhada com o compromisso do Governo de Goi\u00e1s com a moderniza\u00e7\u00e3o da gest\u00e3o p\u00fablica, o fortalecimento do SUS e a valoriza\u00e7\u00e3o dos seus quadros t\u00e9cnicos e dirigentes, pois a participa\u00e7\u00e3o de seus gestores em processos de forma\u00e7\u00e3o de excel\u00eancia, especialmente em \u00e2mbito internacional, fortalece a capacidade institucional do Estado, amplia o di\u00e1logo com boas pr\u00e1ticas globais e contribui para a implementa\u00e7\u00e3o de pol\u00edticas p\u00fablicas cada vez mais eficientes e orientadas \u00e0s necessidades da popula\u00e7\u00e3o goiana.<\/p>\n\n\n\n<p>A iniciativa, desenvolvida pela Funda\u00e7\u00e3o Dom Cabral (FDC) em parceria com a Secretaria do Tesouro Nacional e a Caixa Econ\u00f4mica Federal, prop\u00f5e fortalecer e desenvolver lideran\u00e7as femininas na gest\u00e3o p\u00fablica, capazes de conduzir agendas estrat\u00e9gicas, promover a equidade e impulsionar novas gera\u00e7\u00f5es de servidoras a exercerem protagonismo na transforma\u00e7\u00e3o do Estado e no fortalecimento da democracia.<\/p>\n\n\n\n<p>A forma\u00e7\u00e3o teve in\u00edcio em abril e inclui m\u00f3dulos online, ao vivo, com carga de 64 horas, al\u00e9m de uma imers\u00e3o presencial de uma semana na escola de neg\u00f3cios francesa Institut europ\u00e9en d&#8217;administration des affaires (Insead), refer\u00eancia global em ensino executivo. Entre os temas abordados est\u00e3o lideran\u00e7a no cen\u00e1rio atual, engajamento de stakeholders, uso de tecnologias e intelig\u00eancia artificial e forma\u00e7\u00e3o de redes colaborativas.<\/p>\n\n\n\n<p>Foto: Arquivo pessoal<\/p>\n\n\n\n<p><strong>Secretaria de Estado da Sa\u00fade de Goi\u00e1s<\/strong><\/p>\n","protected":false},"excerpt":{"rendered":"<p>Fl\u00favia Amorim participa de forma\u00e7\u00e3o no Insead; 50 mulheres foram selecionadas entre 1.600 candidatas<\/p>\n","protected":false},"author":164,"featured_media":755814,"comment_status":"closed","ping_status":"open","sticky":false,"template":"","format":"standard","meta":{"footnotes":""},"categories":[3],"tags":[518],"class_list":["post-755797","post","type-post","status-publish","format-standard","has-post-thumbnail","hentry","category-noticias","tag-formacao-de-liderancas"],"rttpg_featured_image_url":{"full":["https:\/\/goias.gov.br\/saude\/wp-content\/uploads\/sites\/34\/2026\/04\/0804-fluvia-liderencas-franca.jpeg",1524,900,false],"landscape":["https:\/\/goias.gov.br\/saude\/wp-content\/uploads\/sites\/34\/2026\/04\/0804-fluvia-liderencas-franca.jpeg",1524,900,false],"portraits":["https:\/\/goias.gov.br\/saude\/wp-content\/uploads\/sites\/34\/2026\/04\/0804-fluvia-liderencas-franca.jpeg",1524,900,false],"thumbnail":["https:\/\/goias.gov.br\/saude\/wp-content\/uploads\/sites\/34\/2026\/04\/0804-fluvia-liderencas-franca-150x150.jpeg",150,150,true],"medium":["https:\/\/goias.gov.br\/saude\/wp-content\/uploads\/sites\/34\/2026\/04\/0804-fluvia-liderencas-franca-300x177.jpeg",300,177,true],"large":["https:\/\/goias.gov.br\/saude\/wp-content\/uploads\/sites\/34\/2026\/04\/0804-fluvia-liderencas-franca-1024x605.jpeg",1024,605,true],"1536x1536":["https:\/\/goias.gov.br\/saude\/wp-content\/uploads\/sites\/34\/2026\/04\/0804-fluvia-liderencas-franca.jpeg",1524,900,false],"2048x2048":["https:\/\/goias.gov.br\/saude\/wp-content\/uploads\/sites\/34\/2026\/04\/0804-fluvia-liderencas-franca.jpeg",1524,900,false]},"rttpg_author":{"display_name":"isabelamelo","author_link":"https:\/\/goias.gov.br\/saude\/author\/isabelamelo\/"},"rttpg_comment":0,"rttpg_category":"<a href=\"https:\/\/goias.gov.br\/saude\/categoria\/noticias\/\" rel=\"category tag\">Not\u00edcias<\/a>","rttpg_excerpt":"Fl\u00favia Amorim participa de forma\u00e7\u00e3o no Insead; 50 mulheres foram selecionadas entre 1.600 candidatas","_links":{"self":[{"href":"https:\/\/goias.gov.br\/saude\/wp-json\/wp\/v2\/posts\/755797","targetHints":{"allow":["GET"]}}],"collection":[{"href":"https:\/\/goias.gov.br\/saude\/wp-json\/wp\/v2\/posts"}],"about":[{"href":"https:\/\/goias.gov.br\/saude\/wp-json\/wp\/v2\/types\/post"}],"author":[{"embeddable":true,"href":"https:\/\/goias.gov.br\/saude\/wp-json\/wp\/v2\/users\/164"}],"replies":[{"embeddable":true,"href":"https:\/\/goias.gov.br\/saude\/wp-json\/wp\/v2\/comments?post=755797"}],"version-history":[{"count":1,"href":"https:\/\/goias.gov.br\/saude\/wp-json\/wp\/v2\/posts\/755797\/revisions"}],"predecessor-version":[{"id":755830,"href":"https:\/\/goias.gov.br\/saude\/wp-json\/wp\/v2\/posts\/755797\/revisions\/755830"}],"wp:featuredmedia":[{"embeddable":true,"href":"https:\/\/goias.gov.br\/saude\/wp-json\/wp\/v2\/media\/755814"}],"wp:attachment":[{"href":"https:\/\/goias.gov.br\/saude\/wp-json\/wp\/v2\/media?parent=755797"}],"wp:term":[{"taxonomy":"category","embeddable":true,"href":"https:\/\/goias.gov.br\/saude\/wp-json\/wp\/v2\/categories?post=755797"},{"taxonomy":"post_tag","embeddable":true,"href":"https:\/\/goias.gov.br\/saude\/wp-json\/wp\/v2\/tags?post=755797"}],"curies":[{"name":"wp","href":"https:\/\/api.w.org\/{rel}","templated":true}]}}