

{"id":755356,"date":"2026-04-08T09:59:16","date_gmt":"2026-04-08T12:59:16","guid":{"rendered":"https:\/\/goias.gov.br\/saude\/?p=755356"},"modified":"2026-04-08T10:03:56","modified_gmt":"2026-04-08T13:03:56","slug":"lacen-go-participa-da-1a-conferencia-internacional-sobre-resistencia-aos-antimicrobianos","status":"publish","type":"post","link":"https:\/\/goias.gov.br\/saude\/lacen-go-participa-da-1a-conferencia-internacional-sobre-resistencia-aos-antimicrobianos\/","title":{"rendered":"Lacen-GO participa da 1\u00aa Confer\u00eancia Internacional sobre Resist\u00eancia aos Antimicrobianos"},"content":{"rendered":"\n<p class=\"has-text-align-center\"><strong>Evento realizado em Bras\u00edlia re\u00fane especialistas nacionais e de diversos outros pa\u00edses para discutir estrat\u00e9gias conjuntas de enfrentamento \u00e0 resist\u00eancia microbiana<\/strong><\/p>\n\n\n\n<!--more-->\n\n\n\n<figure class=\"wp-block-image size-large\"><img fetchpriority=\"high\" decoding=\"async\" width=\"1024\" height=\"683\" src=\"https:\/\/goias.gov.br\/saude\/wp-content\/uploads\/sites\/34\/2026\/04\/080426-conferencia-lacengo-1024x683.jpg\" alt=\"\" class=\"wp-image-755393\" srcset=\"https:\/\/goias.gov.br\/saude\/wp-content\/uploads\/sites\/34\/2026\/04\/080426-conferencia-lacengo-1024x683.jpg 1024w, https:\/\/goias.gov.br\/saude\/wp-content\/uploads\/sites\/34\/2026\/04\/080426-conferencia-lacengo-300x200.jpg 300w, https:\/\/goias.gov.br\/saude\/wp-content\/uploads\/sites\/34\/2026\/04\/080426-conferencia-lacengo-768x512.jpg 768w, https:\/\/goias.gov.br\/saude\/wp-content\/uploads\/sites\/34\/2026\/04\/080426-conferencia-lacengo-1536x1024.jpg 1536w, https:\/\/goias.gov.br\/saude\/wp-content\/uploads\/sites\/34\/2026\/04\/080426-conferencia-lacengo.jpg 2048w\" sizes=\"(max-width: 1024px) 100vw, 1024px\" \/><figcaption class=\"wp-element-caption\"><em>Representantes brasileiros e de diversos outros pa\u00edses debatem resist\u00eancia aos antimicrobianos<\/em><\/figcaption><\/figure>\n\n\n\n<p>O Laborat\u00f3rio Estadual de Sa\u00fade P\u00fablica Dr. Giovanni Cysneiros (Lacen-GO) esteve representado na 1\u00aa Confer\u00eancia Internacional sobre Resist\u00eancia aos Antimicrobianos (RAM), realizada em Bras\u00edlia. O evento reuniu especialistas nacionais e internacionais, gestores de sa\u00fade p\u00fablica, pesquisadores e representantes de institui\u00e7\u00f5es acad\u00eamicas e laboratoriais para discutir o cen\u00e1rio atual e alinhar estrat\u00e9gias de enfrentamento a uma das principais amea\u00e7as globais \u00e0 sa\u00fade.<\/p>\n\n\n\n<p>A resist\u00eancia aos antimicrobianos ocorre quando bact\u00e9rias, v\u00edrus, fungos e parasitas deixam de responder aos medicamentos, tornando infec\u00e7\u00f5es mais dif\u00edceis de tratar e aumentando o risco de dissemina\u00e7\u00e3o de doen\u00e7as, complica\u00e7\u00f5es e mortes.<\/p>\n\n\n\n<p>A coordenadora-geral de Biologia M\u00e9dica, Robmary Matias de Almeida, participou das discuss\u00f5es ao lado de delega\u00e7\u00f5es de diversos pa\u00edses das Am\u00e9ricas e do Caribe, como Argentina, Chile, Col\u00f4mbia, Peru, M\u00e9xico, Estados Unidos, Canad\u00e1, Uruguai, Paraguai, Bol\u00edvia, Equador e Rep\u00fablica Dominicana, al\u00e9m de representantes regionais do Caribe. <\/p>\n\n\n\n<p>O encontro tamb\u00e9m contou com a participa\u00e7\u00e3o de organismos internacionais, como as Organiza\u00e7\u00f5es Pan-Americana da Sa\u00fade (Opas) e Mundial da Sa\u00fade (OMS), e representantes de minist\u00e9rios e \u00f3rg\u00e3os governamentais, incluindo o Minist\u00e9rio da Sa\u00fade.<\/p>\n\n\n\n<p><strong>Sa\u00fade \u00danica<\/strong><br>Um dos principais destaques da confer\u00eancia foi a abordagem Sa\u00fade \u00danica (One Health), que considera a interdepend\u00eancia entre a sa\u00fade humana, animal e ambiental. O conceito refor\u00e7a que o enfrentamento da resist\u00eancia antimicrobiana exige a\u00e7\u00f5es integradas, j\u00e1 que fatores como o uso inadequado de antimicrobianos na pecu\u00e1ria e o descarte irregular no meio ambiente impactam diretamente a sa\u00fade p\u00fablica.<\/p>\n\n\n\n<p>Durante o evento, foi discutida a constru\u00e7\u00e3o de um roteiro regional para o per\u00edodo de 2026 a 2030, com o objetivo de padronizar estrat\u00e9gias, integrar dados e promover a\u00e7\u00f5es coordenadas entre os pa\u00edses das Am\u00e9ricas e do Caribe.<\/p>\n\n\n\n<p>A confer\u00eancia tamb\u00e9m destacou o papel estrat\u00e9gico do setor laboratorial \u2014 tanto no \u00e2mbito cl\u00ednico quanto ambiental \u2014 na preven\u00e7\u00e3o e controle da resist\u00eancia aos antimicrobianos, com \u00eanfase no fortalecimento das redes de laborat\u00f3rios e da vigil\u00e2ncia gen\u00f4mica. Foram discutidas a\u00e7\u00f5es para ampliar a capacidade diagn\u00f3stica, padronizar metodologias, fortalecer programas de uso racional de antimicrobianos e integrar sistemas de informa\u00e7\u00e3o para a detec\u00e7\u00e3o precoce de perfis de multirresist\u00eancia.<\/p>\n\n\n\n<p>Nesse contexto, os Laborat\u00f3rios Estaduais de Sa\u00fade P\u00fablica (Lacens) foram reconhecidos como estruturas fundamentais para a vigil\u00e2ncia, confirma\u00e7\u00e3o diagn\u00f3stica e apoio \u00e0s a\u00e7\u00f5es de controle, especialmente pela sua atua\u00e7\u00e3o integrada nas dimens\u00f5es cl\u00ednica e ambiental da sa\u00fade p\u00fablica.<\/p>\n\n\n\n<p><strong>Vigil\u00e2ncia, preven\u00e7\u00e3o e coopera\u00e7\u00e3o<\/strong><br>Outro ponto relevante foi a necessidade de fortalecer o monitoramento ambiental e os sistemas de alerta precoce, capazes de identificar rapidamente surtos de microrganismos resistentes, incluindo superbact\u00e9rias, e subsidiar respostas oportunas dos servi\u00e7os de sa\u00fade.<\/p>\n\n\n\n<p>As estrat\u00e9gias de preven\u00e7\u00e3o e controle de infec\u00e7\u00f5es tamb\u00e9m foram refor\u00e7adas, incluindo medidas de biosseguran\u00e7a, higiene nos servi\u00e7os de sa\u00fade, vacina\u00e7\u00e3o e uso racional de antimicrobianos, fundamentais para reduzir a press\u00e3o sobre esses medicamentos.<\/p>\n\n\n\n<p>A confer\u00eancia consolidou o entendimento de que o enfrentamento da resist\u00eancia aos antimicrobianos exige coopera\u00e7\u00e3o internacional cont\u00ednua, uma vez que nenhuma na\u00e7\u00e3o consegue frear esse avan\u00e7o de forma isolada. Nesse contexto, foi refor\u00e7ado o compromisso com o fortalecimento de pol\u00edticas p\u00fablicas integradas, com foco na vigil\u00e2ncia, na capacidade laboratorial e na preserva\u00e7\u00e3o da efic\u00e1cia dos tratamentos para as futuras gera\u00e7\u00f5es.<\/p>\n\n\n\n<p>Robmary Matias\/Suvisa\/SES-GO<br>Foto: Minist\u00e9rio da Sa\u00fade<\/p>\n","protected":false},"excerpt":{"rendered":"<p>Evento em Bras\u00edlia reuniu especialistas de diversos pa\u00edses para discutir estrat\u00e9gias conjuntas de enfrentamento \u00e0 resist\u00eancia microbiana<\/p>\n","protected":false},"author":165,"featured_media":755393,"comment_status":"closed","ping_status":"open","sticky":false,"template":"","format":"standard","meta":{"footnotes":""},"categories":[3],"tags":[479],"class_list":["post-755356","post","type-post","status-publish","format-standard","has-post-thumbnail","hentry","category-noticias","tag-lacen-go"],"rttpg_featured_image_url":{"full":["https:\/\/goias.gov.br\/saude\/wp-content\/uploads\/sites\/34\/2026\/04\/080426-conferencia-lacengo.jpg",2048,1365,false],"landscape":["https:\/\/goias.gov.br\/saude\/wp-content\/uploads\/sites\/34\/2026\/04\/080426-conferencia-lacengo.jpg",2048,1365,false],"portraits":["https:\/\/goias.gov.br\/saude\/wp-content\/uploads\/sites\/34\/2026\/04\/080426-conferencia-lacengo.jpg",2048,1365,false],"thumbnail":["https:\/\/goias.gov.br\/saude\/wp-content\/uploads\/sites\/34\/2026\/04\/080426-conferencia-lacengo-150x150.jpg",150,150,true],"medium":["https:\/\/goias.gov.br\/saude\/wp-content\/uploads\/sites\/34\/2026\/04\/080426-conferencia-lacengo-300x200.jpg",300,200,true],"large":["https:\/\/goias.gov.br\/saude\/wp-content\/uploads\/sites\/34\/2026\/04\/080426-conferencia-lacengo-1024x683.jpg",1024,683,true],"1536x1536":["https:\/\/goias.gov.br\/saude\/wp-content\/uploads\/sites\/34\/2026\/04\/080426-conferencia-lacengo-1536x1024.jpg",1536,1024,true],"2048x2048":["https:\/\/goias.gov.br\/saude\/wp-content\/uploads\/sites\/34\/2026\/04\/080426-conferencia-lacengo.jpg",2048,1365,false]},"rttpg_author":{"display_name":"ricardocruz","author_link":"https:\/\/goias.gov.br\/saude\/author\/ricardocruz\/"},"rttpg_comment":0,"rttpg_category":"<a href=\"https:\/\/goias.gov.br\/saude\/categoria\/noticias\/\" rel=\"category tag\">Not\u00edcias<\/a>","rttpg_excerpt":"Evento em Bras\u00edlia reuniu especialistas de diversos pa\u00edses para discutir estrat\u00e9gias conjuntas de enfrentamento \u00e0 resist\u00eancia microbiana","_links":{"self":[{"href":"https:\/\/goias.gov.br\/saude\/wp-json\/wp\/v2\/posts\/755356","targetHints":{"allow":["GET"]}}],"collection":[{"href":"https:\/\/goias.gov.br\/saude\/wp-json\/wp\/v2\/posts"}],"about":[{"href":"https:\/\/goias.gov.br\/saude\/wp-json\/wp\/v2\/types\/post"}],"author":[{"embeddable":true,"href":"https:\/\/goias.gov.br\/saude\/wp-json\/wp\/v2\/users\/165"}],"replies":[{"embeddable":true,"href":"https:\/\/goias.gov.br\/saude\/wp-json\/wp\/v2\/comments?post=755356"}],"version-history":[{"count":2,"href":"https:\/\/goias.gov.br\/saude\/wp-json\/wp\/v2\/posts\/755356\/revisions"}],"predecessor-version":[{"id":755435,"href":"https:\/\/goias.gov.br\/saude\/wp-json\/wp\/v2\/posts\/755356\/revisions\/755435"}],"wp:featuredmedia":[{"embeddable":true,"href":"https:\/\/goias.gov.br\/saude\/wp-json\/wp\/v2\/media\/755393"}],"wp:attachment":[{"href":"https:\/\/goias.gov.br\/saude\/wp-json\/wp\/v2\/media?parent=755356"}],"wp:term":[{"taxonomy":"category","embeddable":true,"href":"https:\/\/goias.gov.br\/saude\/wp-json\/wp\/v2\/categories?post=755356"},{"taxonomy":"post_tag","embeddable":true,"href":"https:\/\/goias.gov.br\/saude\/wp-json\/wp\/v2\/tags?post=755356"}],"curies":[{"name":"wp","href":"https:\/\/api.w.org\/{rel}","templated":true}]}}