

{"id":755306,"date":"2026-04-08T11:06:27","date_gmt":"2026-04-08T14:06:27","guid":{"rendered":"https:\/\/goias.gov.br\/saude\/?p=755306"},"modified":"2026-04-09T11:25:14","modified_gmt":"2026-04-09T14:25:14","slug":"ses-e-parceira-na-realizacao-do-2o-simposio-de-doenca-de-chagas-do-estado-de-goias","status":"publish","type":"post","link":"https:\/\/goias.gov.br\/saude\/ses-e-parceira-na-realizacao-do-2o-simposio-de-doenca-de-chagas-do-estado-de-goias\/","title":{"rendered":"SES \u00e9 parceira na realiza\u00e7\u00e3o do 2\u00ba Simp\u00f3sio de Doen\u00e7a de Chagas do Estado de Goi\u00e1s"},"content":{"rendered":"\n<p class=\"has-text-align-center\"><strong>Evento com Instituto de Patologia Tropical e Sa\u00fade P\u00fablica da UFG \u00e9 considerado estrat\u00e9gico para o fortalecimento das a\u00e7\u00f5es de vigil\u00e2ncia, preven\u00e7\u00e3o e controle da doen\u00e7a<\/strong><\/p>\n\n\n\n<!--more-->\n\n\n\n<figure class=\"wp-block-image size-large\"><img fetchpriority=\"high\" decoding=\"async\" width=\"1024\" height=\"676\" src=\"https:\/\/goias.gov.br\/saude\/wp-content\/uploads\/sites\/34\/2026\/04\/080426-capacitacao-chagas-1024x676.jpeg\" alt=\"\" class=\"wp-image-755330\" srcset=\"https:\/\/goias.gov.br\/saude\/wp-content\/uploads\/sites\/34\/2026\/04\/080426-capacitacao-chagas-1024x676.jpeg 1024w, https:\/\/goias.gov.br\/saude\/wp-content\/uploads\/sites\/34\/2026\/04\/080426-capacitacao-chagas-300x198.jpeg 300w, https:\/\/goias.gov.br\/saude\/wp-content\/uploads\/sites\/34\/2026\/04\/080426-capacitacao-chagas-768x507.jpeg 768w, https:\/\/goias.gov.br\/saude\/wp-content\/uploads\/sites\/34\/2026\/04\/080426-capacitacao-chagas.jpeg 1133w\" sizes=\"(max-width: 1024px) 100vw, 1024px\" \/><figcaption class=\"wp-element-caption\"><em>Integrantes da mesa diretora do 2\u00ba Simp\u00f3sio de Doen\u00e7a de Chagas do Estado de Goi\u00e1s<\/em><\/figcaption><\/figure>\n\n\n\n<p>A Secretaria de Estado da Sa\u00fade de Goi\u00e1s (SES\u2011GO) \u00e9 parceira na execu\u00e7\u00e3o do 2\u00ba Simp\u00f3sio de Doen\u00e7a de Chagas do Estado de Goi\u00e1s, realizado na ter\u00e7a e quarta-feira (7 e 8 de abril). A iniciativa \u00e9 promovida pelo projeto UniChagas: a Universidade no Enfrentamento da Doen\u00e7a de Chagas, em conjunto com o Instituto de Patologia Tropical e Sa\u00fade P\u00fablica da Universidade Federal de Goi\u00e1s (IPTSP\/UFG), e re\u00fane gestores, profissionais da sa\u00fade, pesquisadores, docentes, estudantes e representantes de institui\u00e7\u00f5es p\u00fablicas e da sociedade civil.<\/p>\n\n\n\n<p>O evento \u00e9 considerado estrat\u00e9gico para o fortalecimento das a\u00e7\u00f5es de vigil\u00e2ncia, preven\u00e7\u00e3o e controle da Doen\u00e7a de Chagas no Estado, contribuindo para a qualifica\u00e7\u00e3o das pol\u00edticas p\u00fablicas de sa\u00fade e para o aprimoramento das pr\u00e1ticas no \u00e2mbito do Sistema \u00danico de Sa\u00fade (SUS).<\/p>\n\n\n\n<p>Ap\u00f3s os resultados positivos da primeira edi\u00e7\u00e3o, o simp\u00f3sio retorna com foco na import\u00e2ncia do vetor triatom\u00edneo (barbeiro), na vigil\u00e2ncia entomol\u00f3gica e no controle vetorial, considerados elementos centrais nas estrat\u00e9gias contempor\u00e2neas de enfrentamento da Doen\u00e7a de Chagas, especialmente em \u00e1reas com maior vulnerabilidade epidemiol\u00f3gica.<\/p>\n\n\n\n<p>A participa\u00e7\u00e3o da SES-GO como parceira refor\u00e7a o compromisso do Governo de Goi\u00e1s com a redu\u00e7\u00e3o da morbimortalidade associada \u00e0 Doen\u00e7a de Chagas, bem como com a integra\u00e7\u00e3o entre a gest\u00e3o estadual, os munic\u00edpios, as institui\u00e7\u00f5es de ensino e pesquisa e os \u00f3rg\u00e3os federais. O evento tamb\u00e9m fortalece a articula\u00e7\u00e3o interinstitucional e o interc\u00e2mbio de conhecimentos t\u00e9cnicos e cient\u00edficos, fundamentais para a qualifica\u00e7\u00e3o cont\u00ednua das a\u00e7\u00f5es de vigil\u00e2ncia em sa\u00fade.<\/p>\n\n\n\n<p>O simp\u00f3sio conta com a participa\u00e7\u00e3o de representantes do Minist\u00e9rio da Sa\u00fade, da Secretaria de Estado da Sa\u00fade de Goi\u00e1s, de Secretarias Municipais de Sa\u00fade, especialistas da Fiocruz, da Universidade de Bras\u00edlia (UnB) e de outras institui\u00e7\u00f5es com reconhecida atua\u00e7\u00e3o t\u00e9cnico-cient\u00edfica na \u00e1rea, consolidando-se como espa\u00e7o de refer\u00eancia para o debate e o aprimoramento das estrat\u00e9gias de enfrentamento da Doen\u00e7a de Chagas em Goi\u00e1s.<\/p>\n\n\n\n<p>Texto: IPTSP\/UFG<br>Foto: Iron Braz\/SES-GO<br><\/p>\n","protected":false},"excerpt":{"rendered":"<p>Evento \u00e9 considerado estrat\u00e9gico para o fortalecimento das a\u00e7\u00f5es de vigil\u00e2ncia, preven\u00e7\u00e3o e controle da doen\u00e7a<\/p>\n","protected":false},"author":165,"featured_media":755330,"comment_status":"closed","ping_status":"open","sticky":false,"template":"","format":"standard","meta":{"footnotes":""},"categories":[3],"tags":[248],"class_list":["post-755306","post","type-post","status-publish","format-standard","has-post-thumbnail","hentry","category-noticias","tag-vigilancia-em-saude"],"rttpg_featured_image_url":{"full":["https:\/\/goias.gov.br\/saude\/wp-content\/uploads\/sites\/34\/2026\/04\/080426-capacitacao-chagas.jpeg",1133,748,false],"landscape":["https:\/\/goias.gov.br\/saude\/wp-content\/uploads\/sites\/34\/2026\/04\/080426-capacitacao-chagas.jpeg",1133,748,false],"portraits":["https:\/\/goias.gov.br\/saude\/wp-content\/uploads\/sites\/34\/2026\/04\/080426-capacitacao-chagas.jpeg",1133,748,false],"thumbnail":["https:\/\/goias.gov.br\/saude\/wp-content\/uploads\/sites\/34\/2026\/04\/080426-capacitacao-chagas-150x150.jpeg",150,150,true],"medium":["https:\/\/goias.gov.br\/saude\/wp-content\/uploads\/sites\/34\/2026\/04\/080426-capacitacao-chagas-300x198.jpeg",300,198,true],"large":["https:\/\/goias.gov.br\/saude\/wp-content\/uploads\/sites\/34\/2026\/04\/080426-capacitacao-chagas-1024x676.jpeg",1024,676,true],"1536x1536":["https:\/\/goias.gov.br\/saude\/wp-content\/uploads\/sites\/34\/2026\/04\/080426-capacitacao-chagas.jpeg",1133,748,false],"2048x2048":["https:\/\/goias.gov.br\/saude\/wp-content\/uploads\/sites\/34\/2026\/04\/080426-capacitacao-chagas.jpeg",1133,748,false]},"rttpg_author":{"display_name":"ricardocruz","author_link":"https:\/\/goias.gov.br\/saude\/author\/ricardocruz\/"},"rttpg_comment":0,"rttpg_category":"<a href=\"https:\/\/goias.gov.br\/saude\/categoria\/noticias\/\" rel=\"category tag\">Not\u00edcias<\/a>","rttpg_excerpt":"Evento \u00e9 considerado estrat\u00e9gico para o fortalecimento das a\u00e7\u00f5es de vigil\u00e2ncia, preven\u00e7\u00e3o e controle da doen\u00e7a","_links":{"self":[{"href":"https:\/\/goias.gov.br\/saude\/wp-json\/wp\/v2\/posts\/755306","targetHints":{"allow":["GET"]}}],"collection":[{"href":"https:\/\/goias.gov.br\/saude\/wp-json\/wp\/v2\/posts"}],"about":[{"href":"https:\/\/goias.gov.br\/saude\/wp-json\/wp\/v2\/types\/post"}],"author":[{"embeddable":true,"href":"https:\/\/goias.gov.br\/saude\/wp-json\/wp\/v2\/users\/165"}],"replies":[{"embeddable":true,"href":"https:\/\/goias.gov.br\/saude\/wp-json\/wp\/v2\/comments?post=755306"}],"version-history":[{"count":2,"href":"https:\/\/goias.gov.br\/saude\/wp-json\/wp\/v2\/posts\/755306\/revisions"}],"predecessor-version":[{"id":756891,"href":"https:\/\/goias.gov.br\/saude\/wp-json\/wp\/v2\/posts\/755306\/revisions\/756891"}],"wp:featuredmedia":[{"embeddable":true,"href":"https:\/\/goias.gov.br\/saude\/wp-json\/wp\/v2\/media\/755330"}],"wp:attachment":[{"href":"https:\/\/goias.gov.br\/saude\/wp-json\/wp\/v2\/media?parent=755306"}],"wp:term":[{"taxonomy":"category","embeddable":true,"href":"https:\/\/goias.gov.br\/saude\/wp-json\/wp\/v2\/categories?post=755306"},{"taxonomy":"post_tag","embeddable":true,"href":"https:\/\/goias.gov.br\/saude\/wp-json\/wp\/v2\/tags?post=755306"}],"curies":[{"name":"wp","href":"https:\/\/api.w.org\/{rel}","templated":true}]}}