

{"id":754881,"date":"2026-04-07T15:52:58","date_gmt":"2026-04-07T18:52:58","guid":{"rendered":"https:\/\/goias.gov.br\/saude\/?p=754881"},"modified":"2026-04-07T15:52:58","modified_gmt":"2026-04-07T18:52:58","slug":"goias-amplia-acesso-a-cirurgias-de-alta-complexidade-com-missao-humanitaria-internacional-no-crer","status":"publish","type":"post","link":"https:\/\/goias.gov.br\/saude\/goias-amplia-acesso-a-cirurgias-de-alta-complexidade-com-missao-humanitaria-internacional-no-crer\/","title":{"rendered":"Goi\u00e1s amplia acesso a cirurgias de alta complexidade com miss\u00e3o humanit\u00e1ria internacional no Crer"},"content":{"rendered":"\n<p class=\"has-text-align-center\"><strong>Unidade realizou cerca de 100 procedimentos e fortaleceu assist\u00eancia, ensino e troca de conhecimento<\/strong><\/p>\n\n\n\n<!--more-->\n\n\n\n<figure class=\"wp-block-image size-large\"><img fetchpriority=\"high\" decoding=\"async\" width=\"1024\" height=\"682\" src=\"https:\/\/goias.gov.br\/saude\/wp-content\/uploads\/sites\/34\/2026\/04\/070426-crer-atendimento-1024x682.jpeg\" alt=\"\" class=\"wp-image-754901\" srcset=\"https:\/\/goias.gov.br\/saude\/wp-content\/uploads\/sites\/34\/2026\/04\/070426-crer-atendimento-1024x682.jpeg 1024w, https:\/\/goias.gov.br\/saude\/wp-content\/uploads\/sites\/34\/2026\/04\/070426-crer-atendimento-300x200.jpeg 300w, https:\/\/goias.gov.br\/saude\/wp-content\/uploads\/sites\/34\/2026\/04\/070426-crer-atendimento-768x512.jpeg 768w, https:\/\/goias.gov.br\/saude\/wp-content\/uploads\/sites\/34\/2026\/04\/070426-crer-atendimento-1536x1023.jpeg 1536w, https:\/\/goias.gov.br\/saude\/wp-content\/uploads\/sites\/34\/2026\/04\/070426-crer-atendimento.jpeg 1600w\" sizes=\"(max-width: 1024px) 100vw, 1024px\" \/><figcaption class=\"wp-element-caption\"><em>Durante a miss\u00e3o humanit\u00e1ria internacional \u201cM\u00e3os que Transformam\u201d, o Crer realizou cerca de 100 cirurgias de alta complexidade, ampliando o acesso a procedimentos especializados no SUS<\/em><\/figcaption><\/figure>\n\n\n\n<p>O Centro Estadual de Reabilita\u00e7\u00e3o e Readapta\u00e7\u00e3o Dr. Henrique Santillo (Crer), unidade do Governo de Goi\u00e1s ,promoveu, entre os dias 30 de mar\u00e7o e 4 de abril, a miss\u00e3o humanit\u00e1ria internacional \u201cM\u00e3os que Transformam\u201d. A iniciativa refor\u00e7a o papel da unidade como refer\u00eancia na realiza\u00e7\u00e3o de cirurgias de alta complexidade no Sistema \u00danico de Sa\u00fade (SUS).<\/p>\n\n\n\n<p>Durante a a\u00e7\u00e3o, foram realizados cerca de 100 procedimentos cir\u00fargicos, conforme indica\u00e7\u00e3o cl\u00ednica e aptid\u00e3o dos pacientes, ampliando o acesso a atendimentos especializados e contribuindo para a devolu\u00e7\u00e3o de funcionalidade, autonomia e qualidade de vida.<\/p>\n\n\n\n<p>A miss\u00e3o reuniu especialistas internacionais em microcirurgia e cirurgia reconstrutiva, promovendo assist\u00eancia direta aos pacientes, capacita\u00e7\u00e3o das equipes e interc\u00e2mbio de conhecimento, al\u00e9m de fortalecer as pr\u00e1ticas assistenciais da unidade.<\/p>\n\n\n\n<p>Os pacientes atendidos apresentavam quadros cl\u00ednicos complexos, como tetraplegia, les\u00f5es do plexo braquial, reconstru\u00e7\u00f5es nervosas e malforma\u00e7\u00f5es cong\u00eanitas, todos previamente regulados e avaliados conforme o fluxo do SUS.<\/p>\n\n\n\n<p>A estrutura contou com seis salas cir\u00fargicas em funcionamento simult\u00e2neo e equipe multiprofissional qualificada, respons\u00e1vel pelo planejamento, execu\u00e7\u00e3o dos procedimentos e acompanhamento dos pacientes.<\/p>\n\n\n\n<p>A m\u00e9dica do Crer e uma das organizadoras da miss\u00e3o, Renata Pedra, destacou a expertise da unidade na realiza\u00e7\u00e3o de procedimentos de alta complexidade. \u201cO Crer j\u00e1 possui experi\u00eancia nesse perfil de atendimento. Com a miss\u00e3o, foi poss\u00edvel ampliar essa capacidade em um curto per\u00edodo, com um volume expressivo de cirurgias\u201d, afirmou.<\/p>\n\n\n\n<p>Segundo ela, o planejamento foi fundamental para o sucesso da a\u00e7\u00e3o. \u201cForam cerca de seis meses de prepara\u00e7\u00e3o para garantir seguran\u00e7a, qualidade e excel\u00eancia. Os especialistas internacionais reconheceram a estrutura e o cuidado em todas as etapas do processo.\u201d<\/p>\n\n\n\n<p>O coordenador m\u00e9dico do Centro Cir\u00fargico, Henrique do Carmo, ressaltou que a iniciativa contribuiu para agilizar o acesso aos procedimentos. \u201cS\u00e3o cirurgias altamente especializadas, que, em condi\u00e7\u00f5es normais, demandam mais tempo. A miss\u00e3o possibilitou ampliar esse atendimento de forma mais r\u00e1pida, refor\u00e7ando o papel do Crer na reabilita\u00e7\u00e3o e readapta\u00e7\u00e3o dos pacientes\u201d, disse.<\/p>\n\n\n\n<p>A m\u00e9dica chinesa Jane Shen enfatizou o impacto funcional das cirurgias. \u201cO objetivo vai al\u00e9m da est\u00e9tica. Buscamos devolver a fun\u00e7\u00e3o da m\u00e3o, permitindo que o paciente retome atividades do dia a dia com mais autonomia\u201d, destacou.<\/p>\n\n\n\n<p>Para a m\u00e3e da paciente Julia Machado de Paula, Nara Daniele de Paula e Silva, o atendimento foi marcado pelo acolhimento. \u201cFomos acompanhados com muito cuidado desde o in\u00edcio. A cirurgia ocorreu muito bem e o atendimento foi de alt\u00edssima qualidade. Sa\u00edmos muito gratos por toda a assist\u00eancia\u201d, afirmou.<\/p>\n\n\n\n<p>O m\u00e9dico espanhol Francisco Soldado tamb\u00e9m destacou os resultados obtidos. \u201cRealizamos cirurgias complexas com bons desfechos, inclusive em casos que poderiam evoluir para amputa\u00e7\u00e3o, mas que foram tratados com t\u00e9cnicas reconstrutivas\u201d, explicou.<\/p>\n\n\n\n<p>Ele ainda ressaltou a estrutura da unidade. \u201cO Crer disp\u00f5e de equipe qualificada e recursos adequados, o que contribui diretamente para o sucesso dos procedimentos\u201d, concluiu.<\/p>\n\n\n\n<p>Foto: Sofia Santiago<br>Secretaria de Estado da Sa\u00fade<\/p>\n","protected":false},"excerpt":{"rendered":"<p>Unidade realizou cerca de 100 procedimentos e fortaleceu assist\u00eancia, ensino e troca de conhecimento<\/p>\n","protected":false},"author":165,"featured_media":754901,"comment_status":"closed","ping_status":"open","sticky":false,"template":"","format":"standard","meta":{"footnotes":""},"categories":[3],"tags":[243],"class_list":["post-754881","post","type-post","status-publish","format-standard","has-post-thumbnail","hentry","category-noticias","tag-hospitais-estaduais"],"rttpg_featured_image_url":{"full":["https:\/\/goias.gov.br\/saude\/wp-content\/uploads\/sites\/34\/2026\/04\/070426-crer-atendimento.jpeg",1600,1066,false],"landscape":["https:\/\/goias.gov.br\/saude\/wp-content\/uploads\/sites\/34\/2026\/04\/070426-crer-atendimento.jpeg",1600,1066,false],"portraits":["https:\/\/goias.gov.br\/saude\/wp-content\/uploads\/sites\/34\/2026\/04\/070426-crer-atendimento.jpeg",1600,1066,false],"thumbnail":["https:\/\/goias.gov.br\/saude\/wp-content\/uploads\/sites\/34\/2026\/04\/070426-crer-atendimento-150x150.jpeg",150,150,true],"medium":["https:\/\/goias.gov.br\/saude\/wp-content\/uploads\/sites\/34\/2026\/04\/070426-crer-atendimento-300x200.jpeg",300,200,true],"large":["https:\/\/goias.gov.br\/saude\/wp-content\/uploads\/sites\/34\/2026\/04\/070426-crer-atendimento-1024x682.jpeg",1024,682,true],"1536x1536":["https:\/\/goias.gov.br\/saude\/wp-content\/uploads\/sites\/34\/2026\/04\/070426-crer-atendimento-1536x1023.jpeg",1536,1023,true],"2048x2048":["https:\/\/goias.gov.br\/saude\/wp-content\/uploads\/sites\/34\/2026\/04\/070426-crer-atendimento.jpeg",1600,1066,false]},"rttpg_author":{"display_name":"ricardocruz","author_link":"https:\/\/goias.gov.br\/saude\/author\/ricardocruz\/"},"rttpg_comment":0,"rttpg_category":"<a href=\"https:\/\/goias.gov.br\/saude\/categoria\/noticias\/\" rel=\"category tag\">Not\u00edcias<\/a>","rttpg_excerpt":"Unidade realizou cerca de 100 procedimentos e fortaleceu assist\u00eancia, ensino e troca de conhecimento","_links":{"self":[{"href":"https:\/\/goias.gov.br\/saude\/wp-json\/wp\/v2\/posts\/754881","targetHints":{"allow":["GET"]}}],"collection":[{"href":"https:\/\/goias.gov.br\/saude\/wp-json\/wp\/v2\/posts"}],"about":[{"href":"https:\/\/goias.gov.br\/saude\/wp-json\/wp\/v2\/types\/post"}],"author":[{"embeddable":true,"href":"https:\/\/goias.gov.br\/saude\/wp-json\/wp\/v2\/users\/165"}],"replies":[{"embeddable":true,"href":"https:\/\/goias.gov.br\/saude\/wp-json\/wp\/v2\/comments?post=754881"}],"version-history":[{"count":1,"href":"https:\/\/goias.gov.br\/saude\/wp-json\/wp\/v2\/posts\/754881\/revisions"}],"predecessor-version":[{"id":754915,"href":"https:\/\/goias.gov.br\/saude\/wp-json\/wp\/v2\/posts\/754881\/revisions\/754915"}],"wp:featuredmedia":[{"embeddable":true,"href":"https:\/\/goias.gov.br\/saude\/wp-json\/wp\/v2\/media\/754901"}],"wp:attachment":[{"href":"https:\/\/goias.gov.br\/saude\/wp-json\/wp\/v2\/media?parent=754881"}],"wp:term":[{"taxonomy":"category","embeddable":true,"href":"https:\/\/goias.gov.br\/saude\/wp-json\/wp\/v2\/categories?post=754881"},{"taxonomy":"post_tag","embeddable":true,"href":"https:\/\/goias.gov.br\/saude\/wp-json\/wp\/v2\/tags?post=754881"}],"curies":[{"name":"wp","href":"https:\/\/api.w.org\/{rel}","templated":true}]}}