

{"id":753751,"date":"2026-04-06T16:21:14","date_gmt":"2026-04-06T19:21:14","guid":{"rendered":"https:\/\/goias.gov.br\/saude\/?p=753751"},"modified":"2026-04-06T16:21:14","modified_gmt":"2026-04-06T19:21:14","slug":"saude-capacita-profissionais-para-insercao-de-metodos-contraceptivos","status":"publish","type":"post","link":"https:\/\/goias.gov.br\/saude\/saude-capacita-profissionais-para-insercao-de-metodos-contraceptivos\/","title":{"rendered":"Sa\u00fade capacita profissionais para inser\u00e7\u00e3o de m\u00e9todos contraceptivos"},"content":{"rendered":"\n<p class=\"has-text-align-center\"><strong>\u00adEvento re\u00fane profissionais das Regionais de Sa\u00fade e dos munic\u00edpios com mais de 50 mil habitantes que v\u00e3 atuar como multiplicadores no Estado\u00ad<\/strong><\/p>\n\n\n\n<!--more-->\n\n\n\n<figure class=\"wp-block-image size-large\"><img fetchpriority=\"high\" decoding=\"async\" width=\"1024\" height=\"684\" src=\"https:\/\/goias.gov.br\/saude\/wp-content\/uploads\/sites\/34\/2026\/04\/060426-capacitacao-contraceptivos-1024x684.jpeg\" alt=\"\" class=\"wp-image-753781\" srcset=\"https:\/\/goias.gov.br\/saude\/wp-content\/uploads\/sites\/34\/2026\/04\/060426-capacitacao-contraceptivos-1024x684.jpeg 1024w, https:\/\/goias.gov.br\/saude\/wp-content\/uploads\/sites\/34\/2026\/04\/060426-capacitacao-contraceptivos-300x200.jpeg 300w, https:\/\/goias.gov.br\/saude\/wp-content\/uploads\/sites\/34\/2026\/04\/060426-capacitacao-contraceptivos-768x513.jpeg 768w, https:\/\/goias.gov.br\/saude\/wp-content\/uploads\/sites\/34\/2026\/04\/060426-capacitacao-contraceptivos.jpeg 1280w\" sizes=\"(max-width: 1024px) 100vw, 1024px\" \/><figcaption class=\"wp-element-caption\"><em>Capacita\u00e7\u00e3o teve o objetivo de treinar profissionais das Regionais de Sa\u00fade e dos munic\u00edpios com mais de 50 mil habitantes sobre a administra\u00e7\u00e3o dos dispositivos contraceptivos<\/em><\/figcaption><\/figure>\n\n\n\n<p>A Secretaria de Estado da Sa\u00fade de Goi\u00e1s (SES-GO), em parceria com o Conselho Regional de Enfermagem de Goi\u00e1s (Coren-GO), iniciou nesta segunda-feira (06\/04) uma a\u00e7\u00e3o voltada ao aumento da oferta da contracep\u00e7\u00e3o no Estado. A Capacita\u00e7\u00e3o para Inser\u00e7\u00e3o do Implanon e DIU (Dispositivo Intrauterino), realizada no Audit\u00f3rio do Coren, re\u00fane m\u00e9dicos e enfermeiros das Regionais de Sa\u00fade da SES-GO e dos munic\u00edpios goianos com mais de 50 mil habitantes que atuam na Aten\u00e7\u00e3o Prim\u00e1ria.<\/p>\n\n\n\n<p>A coordenadora Materna-Infantil da Ger\u00eancia de Aten\u00e7\u00e3o Prim\u00e1ria da SES-GO, Ma\u00edra Matthews, informa que a capacita\u00e7\u00e3o visa a forma\u00e7\u00e3o de multiplicadores em planejamento familiar, com foco no DIU e no implante subd\u00e9rmico contraceptivo conhecido como Implanon. \u201cPor meio desta estrat\u00e9gia, pretendemos aumentar a oferta dos m\u00e9todos contraceptivos seguros em todo o Estado e, desta forma, contribui\u00e7\u00e3o para a estrutura\u00e7\u00e3o do planejamento familiar\u201d, pontua. Os multiplicadores, conforme disse, v\u00e3o transmitir todo o conhecimento apreendido a outros profissionais que atuam diretamente na assist\u00eancia, na Aten\u00e7\u00e3o Prim\u00e1ria.<\/p>\n\n\n\n<p>A capacita\u00e7\u00e3o contempla o repasse de informa\u00e7\u00f5es te\u00f3ricas e a parte pr\u00e1tica, que acontece nos dias 9 e 10\/04. A coordenadora assinala que a a\u00e7\u00e3o visa proporcionar um atendimento mais seguro, humanizado e alinhado \u00e0s diretrizes da Rede Nascer em Goi\u00e1s. A iniciativa, conforme diz, contribui para prevenir gesta\u00e7\u00f5es n\u00e3o planejadas e refor\u00e7a a autonomia das mulheres sobre seus projetos de vida.<\/p>\n\n\n\n<p><strong>Mutir\u00e3o<\/strong><br>A segunda etapa da capacita\u00e7\u00e3o, em formato de mutir\u00e3o, ser\u00e1 realizada em Aparecida de Goi\u00e2nia e ter\u00e1, como clientela, as mulheres que se inscreveram para receber o contraceptivo, O DIU \u00e9 um m\u00e9todo moderno, de longa dura\u00e7\u00e3o e altamente eficaz, ofertado gratuitamente pelo SUS. A amplia\u00e7\u00e3o desse dispositivo na rede p\u00fablica representa um avan\u00e7o relevante na pol\u00edtica estadual de sa\u00fade da mulher, especialmente na Aten\u00e7\u00e3o Prim\u00e1ria, principal porta de entrada dos servi\u00e7os de sa\u00fade.<\/p>\n\n\n\n<p>A gerente de Aten\u00e7\u00e3o Prim\u00e1ria da SES-GO, L\u00edgia Duarte, destaca a import\u00e2ncia estrat\u00e9gica da a\u00e7\u00e3o. \u201cEstamos fortalecendo o acesso das mulheres a m\u00e9todos contraceptivos seguros e eficazes, ao mesmo tempo em que qualificamos os profissionais da Aten\u00e7\u00e3o Prim\u00e1ria. Isso garante um cuidado mais resolutivo, humanizado e pr\u00f3ximo da realidade das usu\u00e1rias do SUS\u201d, afirma.<\/p>\n\n\n\n<p>Texto: Maria Jos\u00e9 e Foto: Iron Braz<br>Comunica\u00e7\u00e3o Setorial da SES-GO<\/p>\n","protected":false},"excerpt":{"rendered":"<p>\u00adEvento re\u00fane profissionais das Regionais de Sa\u00fade e dos munic\u00edpios com mais de 50 mil habitantes que v\u00e3 atuar como multiplicadores no Estado\u00ad<\/p>\n","protected":false},"author":165,"featured_media":753781,"comment_status":"closed","ping_status":"open","sticky":false,"template":"","format":"standard","meta":{"footnotes":""},"categories":[3],"tags":[251],"class_list":["post-753751","post","type-post","status-publish","format-standard","has-post-thumbnail","hentry","category-noticias","tag-atencao-a-saude"],"rttpg_featured_image_url":{"full":["https:\/\/goias.gov.br\/saude\/wp-content\/uploads\/sites\/34\/2026\/04\/060426-capacitacao-contraceptivos.jpeg",1280,855,false],"landscape":["https:\/\/goias.gov.br\/saude\/wp-content\/uploads\/sites\/34\/2026\/04\/060426-capacitacao-contraceptivos.jpeg",1280,855,false],"portraits":["https:\/\/goias.gov.br\/saude\/wp-content\/uploads\/sites\/34\/2026\/04\/060426-capacitacao-contraceptivos.jpeg",1280,855,false],"thumbnail":["https:\/\/goias.gov.br\/saude\/wp-content\/uploads\/sites\/34\/2026\/04\/060426-capacitacao-contraceptivos-150x150.jpeg",150,150,true],"medium":["https:\/\/goias.gov.br\/saude\/wp-content\/uploads\/sites\/34\/2026\/04\/060426-capacitacao-contraceptivos-300x200.jpeg",300,200,true],"large":["https:\/\/goias.gov.br\/saude\/wp-content\/uploads\/sites\/34\/2026\/04\/060426-capacitacao-contraceptivos-1024x684.jpeg",1024,684,true],"1536x1536":["https:\/\/goias.gov.br\/saude\/wp-content\/uploads\/sites\/34\/2026\/04\/060426-capacitacao-contraceptivos.jpeg",1280,855,false],"2048x2048":["https:\/\/goias.gov.br\/saude\/wp-content\/uploads\/sites\/34\/2026\/04\/060426-capacitacao-contraceptivos.jpeg",1280,855,false]},"rttpg_author":{"display_name":"ricardocruz","author_link":"https:\/\/goias.gov.br\/saude\/author\/ricardocruz\/"},"rttpg_comment":0,"rttpg_category":"<a href=\"https:\/\/goias.gov.br\/saude\/categoria\/noticias\/\" rel=\"category tag\">Not\u00edcias<\/a>","rttpg_excerpt":"\u00adEvento re\u00fane profissionais das Regionais de Sa\u00fade e dos munic\u00edpios com mais de 50 mil habitantes que v\u00e3 atuar como multiplicadores no Estado\u00ad","_links":{"self":[{"href":"https:\/\/goias.gov.br\/saude\/wp-json\/wp\/v2\/posts\/753751","targetHints":{"allow":["GET"]}}],"collection":[{"href":"https:\/\/goias.gov.br\/saude\/wp-json\/wp\/v2\/posts"}],"about":[{"href":"https:\/\/goias.gov.br\/saude\/wp-json\/wp\/v2\/types\/post"}],"author":[{"embeddable":true,"href":"https:\/\/goias.gov.br\/saude\/wp-json\/wp\/v2\/users\/165"}],"replies":[{"embeddable":true,"href":"https:\/\/goias.gov.br\/saude\/wp-json\/wp\/v2\/comments?post=753751"}],"version-history":[{"count":1,"href":"https:\/\/goias.gov.br\/saude\/wp-json\/wp\/v2\/posts\/753751\/revisions"}],"predecessor-version":[{"id":753798,"href":"https:\/\/goias.gov.br\/saude\/wp-json\/wp\/v2\/posts\/753751\/revisions\/753798"}],"wp:featuredmedia":[{"embeddable":true,"href":"https:\/\/goias.gov.br\/saude\/wp-json\/wp\/v2\/media\/753781"}],"wp:attachment":[{"href":"https:\/\/goias.gov.br\/saude\/wp-json\/wp\/v2\/media?parent=753751"}],"wp:term":[{"taxonomy":"category","embeddable":true,"href":"https:\/\/goias.gov.br\/saude\/wp-json\/wp\/v2\/categories?post=753751"},{"taxonomy":"post_tag","embeddable":true,"href":"https:\/\/goias.gov.br\/saude\/wp-json\/wp\/v2\/tags?post=753751"}],"curies":[{"name":"wp","href":"https:\/\/api.w.org\/{rel}","templated":true}]}}