

{"id":753629,"date":"2026-04-06T14:16:56","date_gmt":"2026-04-06T17:16:56","guid":{"rendered":"https:\/\/goias.gov.br\/saude\/?p=753629"},"modified":"2026-04-06T14:16:56","modified_gmt":"2026-04-06T17:16:56","slug":"goias-fortalece-rede-publica-de-saude-com-regionalizacao-tecnologia-e-ampliacao-de-servicos","status":"publish","type":"post","link":"https:\/\/goias.gov.br\/saude\/goias-fortalece-rede-publica-de-saude-com-regionalizacao-tecnologia-e-ampliacao-de-servicos\/","title":{"rendered":"Goi\u00e1s fortalece rede p\u00fablica de sa\u00fade com regionaliza\u00e7\u00e3o, tecnologia e amplia\u00e7\u00e3o de servi\u00e7os"},"content":{"rendered":"\n<p class=\"has-text-align-center\"><strong>Estado amplia acesso a atendimentos de m\u00e9dia e alta complexidade, reduz deslocamentos e leva assist\u00eancia mais pr\u00f3xima da popula\u00e7\u00e3o<\/strong><\/p>\n\n\n\n<!--more-->\n\n\n\n<figure class=\"wp-block-image size-large\"><img fetchpriority=\"high\" decoding=\"async\" width=\"1024\" height=\"683\" src=\"https:\/\/goias.gov.br\/saude\/wp-content\/uploads\/sites\/34\/2026\/04\/060426-regionalizacao-goias-1024x683.jpeg\" alt=\"\" class=\"wp-image-753659\" srcset=\"https:\/\/goias.gov.br\/saude\/wp-content\/uploads\/sites\/34\/2026\/04\/060426-regionalizacao-goias-1024x683.jpeg 1024w, https:\/\/goias.gov.br\/saude\/wp-content\/uploads\/sites\/34\/2026\/04\/060426-regionalizacao-goias-300x200.jpeg 300w, https:\/\/goias.gov.br\/saude\/wp-content\/uploads\/sites\/34\/2026\/04\/060426-regionalizacao-goias-768x512.jpeg 768w, https:\/\/goias.gov.br\/saude\/wp-content\/uploads\/sites\/34\/2026\/04\/060426-regionalizacao-goias.jpeg 1224w\" sizes=\"(max-width: 1024px) 100vw, 1024px\" \/><figcaption class=\"wp-element-caption\"><em>Goi\u00e1s avan\u00e7a na sa\u00fade p\u00fablica com regionaliza\u00e7\u00e3o, tecnologia e amplia\u00e7\u00e3o dos servi\u00e7os, garantindo mais acesso e qualidade no atendimento \u00e0 popula\u00e7\u00e3o<\/em><\/figcaption><\/figure>\n\n\n\n<p>O Governo de Goi\u00e1s por meio da Secretaria de Estado da Sa\u00fade (SES-GO), destaca os avan\u00e7os na assist\u00eancia p\u00fablica, no Dia Mundial da Sa\u00fade, celebrado em 7 de abril. Com foco na regionaliza\u00e7\u00e3o, estrat\u00e9gia que tem levado servi\u00e7os especializados para mais perto dos cidad\u00e3os, a rede estadual foi ampliada e modernizada com investimentos em unidades estrat\u00e9gicas, como o Complexo Oncol\u00f3gico de Refer\u00eancia do Estado de Goi\u00e1s (Cora), o Hospital Estadual de An\u00e1polis Dr. Henrique Santillo (Heana), o Hospital Estadual de \u00c1guas Lindas Ronaldo Ramos Caiado Filho (Heal) e as policl\u00ednicas distribu\u00eddas em diferentes regi\u00f5es. O impacto dessa pol\u00edtica p\u00fablica pode ser observado, por exemplo, na redu\u00e7\u00e3o de 31% da dist\u00e2ncia percorrida pelos goianos para realizarem procedimentos ambulatoriais de m\u00e9dia complexidade como radiologia, ultrassonografia e endoscopia.<\/p>\n\n\n\n<p>\u201cO estado de Goi\u00e1s vive um momento hist\u00f3rico de transforma\u00e7\u00e3o na sa\u00fade p\u00fablica. Nosso foco \u00e9 levar atendimento de qualidade para perto de onde as pessoas vivem, com servi\u00e7os de m\u00e9dia e alta complexidade distribu\u00eddos em todas as regi\u00f5es. Investimos em estrutura, tecnologia e amplia\u00e7\u00e3o da rede para garantir dignidade ao cidad\u00e3o e fortalecer o SUS em Goi\u00e1s\u201d, afirma o governador Daniel Vilela.<\/p>\n\n\n\n<p>Um dos principais marcos dessa transforma\u00e7\u00e3o \u00e9 o Complexo Oncol\u00f3gico de Refer\u00eancia do Estado de Goi\u00e1s (Cora), primeiro hospital estadual exclusivo para o tratamento do c\u00e2ncer infantojuvenil pelo SUS, que j\u00e1 soma mais de 60 mil atendimentos desde junho de 2025. Nesse per\u00edodo, foram realizadas 576 interna\u00e7\u00f5es, mais de mil procedimentos cir\u00fargicos, 1.449 quimioterapias, al\u00e9m de milhares de exames laboratoriais e de imagem. A unidade tamb\u00e9m contabiliza mais de 9,5 mil consultas m\u00e9dicas e multiprofissionais, atendendo pacientes de diversas regi\u00f5es de Goi\u00e1s e at\u00e9 de outros estados, consolidando-se como refer\u00eancia em oncologia pedi\u00e1trica. O hospital integra a estrat\u00e9gia de amplia\u00e7\u00e3o da alta complexidade no estado, reduzindo deslocamentos e oferecendo tratamento humanizado \u00e0s fam\u00edlias.<\/p>\n\n\n\n<p>Outro destaque \u00e9 o Heana, em An\u00e1polis, que passou por reforma, moderniza\u00e7\u00e3o e amplia\u00e7\u00e3o neste ano, com investimento superior a R$ 3,1 milh\u00f5es. A unidade ganhou melhorias na UTI adulta e amplia\u00e7\u00e3o do Servi\u00e7o de Diagn\u00f3stico por Imagem, incluindo um tom\u00f3grafo de 160 canais com capacidade para at\u00e9 3 mil exames por m\u00eas. Refer\u00eancia para mais de 1,1 milh\u00e3o de pessoas em 60 munic\u00edpios, o hospital conta com 132 leitos e registra, em m\u00e9dia, 2,8 mil atendimentos mensais no pronto-socorro, al\u00e9m de cerca de 770 interna\u00e7\u00f5es, 560 cirurgias e mais de 38 mil exames por m\u00eas. A requalifica\u00e7\u00e3o tamb\u00e9m incorporou conceitos de humaniza\u00e7\u00e3o e neuroarquitetura, promovendo mais conforto e efici\u00eancia no atendimento e o Hospital Estadual em \u00c1guas Lindas, inaugurado em 2024 \u00e9 uma refer\u00eancia na macrorregi\u00e3o Nordeste de Goi\u00e1s, atendendo mais de 1 milh\u00e3o de habitantes. S\u00f3 este ano, a unidade contabiliza quase 73 mil atendimentos, com oferta nos servi\u00e7os de maternidade, cirurgias, pediatria e ambulat\u00f3rio.<\/p>\n\n\n\n<p><strong>Policl\u00ednicas<\/strong><br>A regionaliza\u00e7\u00e3o se complementa com as policl\u00ednicas estaduais, que j\u00e1 realizaram mais de 3 milh\u00f5es de atendimentos desde 2022.<\/p>\n\n\n\n<p>As unidades oferecem consultas em diversas especialidades, exames e procedimentos, al\u00e9m de servi\u00e7os como hemodi\u00e1lise e di\u00e1lise peritoneal, dispon\u00edveis mais pr\u00f3ximos da casa dos pacientes. A Policl\u00ednica de Quirin\u00f3polis, por exemplo, passou a ofertar a di\u00e1lise peritoneal, permitindo que o tratamento seja realizado em casa, com mais conforto e autonomia. A expans\u00e3o da Telessa\u00fade tamb\u00e9m tem contribu\u00eddo para agilizar atendimentos e reduzir deslocamentos, fortalecendo a integra\u00e7\u00e3o entre aten\u00e7\u00e3o prim\u00e1ria e especializada.<\/p>\n\n\n\n<p>A estrutura da rede tamb\u00e9m segue em expans\u00e3o, com novas policl\u00ednicas em fase de conclus\u00e3o nos munic\u00edpios de Mozarl\u00e2ndia, Mineiros e Campos Belos, al\u00e9m da amplia\u00e7\u00e3o de hospitais regionais como o de Trindade e Formosa. A descentraliza\u00e7\u00e3o da assist\u00eancia farmac\u00eautica especializada e o fortalecimento dos Centros de Especialidades Odontol\u00f3gicas ampliam ainda mais o acesso da popula\u00e7\u00e3o a servi\u00e7os essenciais, consolidando uma rede cada vez mais integrada e resolutiva.<\/p>\n\n\n\n<p>Al\u00e9m da amplia\u00e7\u00e3o da rede f\u00edsica, o Estado tem investido na efici\u00eancia e na preven\u00e7\u00e3o, com a planifica\u00e7\u00e3o da aten\u00e7\u00e3o \u00e0 sa\u00fade e a\u00e7\u00f5es que melhoram o acesso e reduzem o absente\u00edsmo em consultas e exames. Programas como o \u201cOlhar para Todos\u201d, que leva atendimento oftalmol\u00f3gico \u00e0s escolas, e as unidades itinerantes do Goi\u00e1s Social, com exames de mamografia e oftalmologia, refor\u00e7am a atua\u00e7\u00e3o preventiva e o cuidado integral com a popula\u00e7\u00e3o. O programa Rede Nascer em Goi\u00e1s, que acompanha todas as gestantes e filhos at\u00e9 dois anos de idade, com objetivo na redu\u00e7\u00e3o da mortalidade materno-infantil e o Goi\u00e1s Todo Rosa, uma iniciativa pioneira no Brasil, que oferece exames gen\u00e9ticos (painel gen\u00e9tico para c\u00e2ncer de mama e ov\u00e1rio) pelo Sistema \u00danico de Sa\u00fade (SUS), em parceria com a Universidade Federal de Goi\u00e1s (UFG).<\/p>\n\n\n\n<p>\u201cEstamos estruturando uma rede cada vez mais eficiente, que integra preven\u00e7\u00e3o, diagn\u00f3stico e tratamento. As policl\u00ednicas, os hospitais regionais e iniciativas como a Telessa\u00fade mostram que \u00e9 poss\u00edvel garantir acesso com qualidade, diminuindo dist\u00e2ncias e melhorando a vida da popula\u00e7\u00e3o. Nosso compromisso \u00e9 seguir ampliando esses servi\u00e7os e fortalecendo a regionaliza\u00e7\u00e3o da sa\u00fade em Goi\u00e1s\u201d, destaca o secret\u00e1rio de Estado da Sa\u00fade, Ras\u00edvel Santos.<\/p>\n\n\n\n<p>Secretaria de estado da sa\u00fade- Governo de Goi\u00e1s<br>Foto: Iron Braz<\/p>\n","protected":false},"excerpt":{"rendered":"<p>Estado amplia acesso a atendimentos de m\u00e9dia e alta complexidade, reduz deslocamentos e leva assist\u00eancia mais pr\u00f3xima da popula\u00e7\u00e3o<\/p>\n","protected":false},"author":165,"featured_media":753659,"comment_status":"closed","ping_status":"open","sticky":false,"template":"","format":"standard","meta":{"footnotes":""},"categories":[3],"tags":[358],"class_list":["post-753629","post","type-post","status-publish","format-standard","has-post-thumbnail","hentry","category-noticias","tag-regionalizacao-da-saude"],"rttpg_featured_image_url":{"full":["https:\/\/goias.gov.br\/saude\/wp-content\/uploads\/sites\/34\/2026\/04\/060426-regionalizacao-goias.jpeg",1224,816,false],"landscape":["https:\/\/goias.gov.br\/saude\/wp-content\/uploads\/sites\/34\/2026\/04\/060426-regionalizacao-goias.jpeg",1224,816,false],"portraits":["https:\/\/goias.gov.br\/saude\/wp-content\/uploads\/sites\/34\/2026\/04\/060426-regionalizacao-goias.jpeg",1224,816,false],"thumbnail":["https:\/\/goias.gov.br\/saude\/wp-content\/uploads\/sites\/34\/2026\/04\/060426-regionalizacao-goias-150x150.jpeg",150,150,true],"medium":["https:\/\/goias.gov.br\/saude\/wp-content\/uploads\/sites\/34\/2026\/04\/060426-regionalizacao-goias-300x200.jpeg",300,200,true],"large":["https:\/\/goias.gov.br\/saude\/wp-content\/uploads\/sites\/34\/2026\/04\/060426-regionalizacao-goias-1024x683.jpeg",1024,683,true],"1536x1536":["https:\/\/goias.gov.br\/saude\/wp-content\/uploads\/sites\/34\/2026\/04\/060426-regionalizacao-goias.jpeg",1224,816,false],"2048x2048":["https:\/\/goias.gov.br\/saude\/wp-content\/uploads\/sites\/34\/2026\/04\/060426-regionalizacao-goias.jpeg",1224,816,false]},"rttpg_author":{"display_name":"ricardocruz","author_link":"https:\/\/goias.gov.br\/saude\/author\/ricardocruz\/"},"rttpg_comment":0,"rttpg_category":"<a href=\"https:\/\/goias.gov.br\/saude\/categoria\/noticias\/\" rel=\"category tag\">Not\u00edcias<\/a>","rttpg_excerpt":"Estado amplia acesso a atendimentos de m\u00e9dia e alta complexidade, reduz deslocamentos e leva assist\u00eancia mais pr\u00f3xima da popula\u00e7\u00e3o","_links":{"self":[{"href":"https:\/\/goias.gov.br\/saude\/wp-json\/wp\/v2\/posts\/753629","targetHints":{"allow":["GET"]}}],"collection":[{"href":"https:\/\/goias.gov.br\/saude\/wp-json\/wp\/v2\/posts"}],"about":[{"href":"https:\/\/goias.gov.br\/saude\/wp-json\/wp\/v2\/types\/post"}],"author":[{"embeddable":true,"href":"https:\/\/goias.gov.br\/saude\/wp-json\/wp\/v2\/users\/165"}],"replies":[{"embeddable":true,"href":"https:\/\/goias.gov.br\/saude\/wp-json\/wp\/v2\/comments?post=753629"}],"version-history":[{"count":1,"href":"https:\/\/goias.gov.br\/saude\/wp-json\/wp\/v2\/posts\/753629\/revisions"}],"predecessor-version":[{"id":753675,"href":"https:\/\/goias.gov.br\/saude\/wp-json\/wp\/v2\/posts\/753629\/revisions\/753675"}],"wp:featuredmedia":[{"embeddable":true,"href":"https:\/\/goias.gov.br\/saude\/wp-json\/wp\/v2\/media\/753659"}],"wp:attachment":[{"href":"https:\/\/goias.gov.br\/saude\/wp-json\/wp\/v2\/media?parent=753629"}],"wp:term":[{"taxonomy":"category","embeddable":true,"href":"https:\/\/goias.gov.br\/saude\/wp-json\/wp\/v2\/categories?post=753629"},{"taxonomy":"post_tag","embeddable":true,"href":"https:\/\/goias.gov.br\/saude\/wp-json\/wp\/v2\/tags?post=753629"}],"curies":[{"name":"wp","href":"https:\/\/api.w.org\/{rel}","templated":true}]}}