

{"id":752593,"date":"2026-04-06T11:38:02","date_gmt":"2026-04-06T14:38:02","guid":{"rendered":"https:\/\/goias.gov.br\/saude\/?p=752593"},"modified":"2026-04-06T11:38:41","modified_gmt":"2026-04-06T14:38:41","slug":"ceap-sol-reforca-inclusao-e-autonomia-de-pessoas-com-tea-em-goias-no-abril-azul","status":"publish","type":"post","link":"https:\/\/goias.gov.br\/saude\/ceap-sol-reforca-inclusao-e-autonomia-de-pessoas-com-tea-em-goias-no-abril-azul\/","title":{"rendered":"Ceap-Sol refor\u00e7a inclus\u00e3o e autonomia de pessoas com TEA em Goi\u00e1s no Abril Azul"},"content":{"rendered":"\n<p class=\"has-text-align-center\"><strong>No m\u00eas de conscientiza\u00e7\u00e3o sobre o Transtorno do Espectro Autista, atendimentos, atividades externas e orienta\u00e7\u00e3o \u00e0s fam\u00edlias marcam o trabalho cont\u00ednuo da unidade do Governo de Goi\u00e1s<\/strong> <\/p>\n\n\n\n<!--more-->\n\n\n\n<figure class=\"wp-block-image size-large\"><img fetchpriority=\"high\" decoding=\"async\" width=\"1024\" height=\"722\" src=\"https:\/\/goias.gov.br\/saude\/wp-content\/uploads\/sites\/34\/2026\/04\/060426-ceapsol-inclusao-1024x722.jpeg\" alt=\"\" class=\"wp-image-752619\" srcset=\"https:\/\/goias.gov.br\/saude\/wp-content\/uploads\/sites\/34\/2026\/04\/060426-ceapsol-inclusao-1024x722.jpeg 1024w, https:\/\/goias.gov.br\/saude\/wp-content\/uploads\/sites\/34\/2026\/04\/060426-ceapsol-inclusao-300x211.jpeg 300w, https:\/\/goias.gov.br\/saude\/wp-content\/uploads\/sites\/34\/2026\/04\/060426-ceapsol-inclusao-768x541.jpeg 768w, https:\/\/goias.gov.br\/saude\/wp-content\/uploads\/sites\/34\/2026\/04\/060426-ceapsol-inclusao.jpeg 1280w\" sizes=\"(max-width: 1024px) 100vw, 1024px\" \/><figcaption class=\"wp-element-caption\"><em>Vitor Hugo, com terapeuta ocupacional Tain\u00e1 P\u00f3voa, no Ceap-Sol: &#8220;Eu me sinto muito acolhido&#8221;<\/em><\/figcaption><\/figure>\n\n\n\n<p>Em alus\u00e3o ao Abril Azul, m\u00eas de conscientiza\u00e7\u00e3o sobre o Transtorno do Espectro Autista (TEA), o Centro Estadual de Aten\u00e7\u00e3o Prolongada e Casa de Apoio Condom\u00ednio Solidariedade (CEAP-SOL), unidade do Governo de Goi\u00e1s gerida pelo Instituto S\u00f3crates Guanaes (ISG), refor\u00e7a o compromisso com a inclus\u00e3o, o acolhimento e o desenvolvimento de pessoas com TEA, por meio de atendimentos especializados e a\u00e7\u00f5es voltadas \u00e0 autonomia dos pacientes.<br><br>Com equipe multiprofissional, a unidade realiza atendimento personalizado, respeitando as particularidades de cada paciente. O trabalho envolve o desenvolvimento de habilidades sociais, organiza\u00e7\u00e3o da rotina e est\u00edmulo \u00e0 autonomia. <\/p>\n\n\n\n<p>\u201cNosso trabalho \u00e9 totalmente individualizado, pensado a partir das necessidades de cada paciente. A gente busca desenvolver habilidades sociais e preparar essas pessoas para as trocas do dia a dia, respeitando seus limites e potencialidades\u201d, explica Tain\u00e1 P\u00f3voa, terapeuta ocupacional do Ceap-Sol.<br><br>Os resultados desse acompanhamento s\u00e3o percebidos na pr\u00e1tica pelos pr\u00f3prios pacientes. Acompanhado h\u00e1 cerca de quatro anos pela Terapia Ocupacional, Vitor Hugo relata avan\u00e7os importantes em sua trajet\u00f3ria na unidade. \u201cEu me sinto muito acolhido. A psic\u00f3loga e a terapeuta ocupacional s\u00e3o excelentes\u201d, afirma. <\/p>\n\n\n\n<p>Segundo ele, o apoio recebido contribuiu diretamente para sua evolu\u00e7\u00e3o pessoal e profissional. \u201cPercebi que tive uma evolu\u00e7\u00e3o de verdade. Com os conselhos da Terapia Ocupacional, consegui meu primeiro emprego como jovem aprendiz\u201d, destaca. Vitor tamb\u00e9m recomenda o servi\u00e7o a outras pessoas: \u201cEu sugiro, porque faz diferen\u00e7a na vida da gente\u201d.<br><br><strong>Recursos terap\u00eauticos<\/strong><br>Al\u00e9m dos atendimentos cl\u00ednicos, o Ceap-Sol investe em atividades ampliadas como ferramenta de inclus\u00e3o, com visitas a espa\u00e7os p\u00fablicos, passeios ao ar livre e eventos comemorativos que envolvem pacientes e familiares. \u201cAs atividades externas n\u00e3o s\u00e3o aleat\u00f3rias. Elas t\u00eam um objetivo terap\u00eautico, de dar fun\u00e7\u00e3o e significado para o sujeito, potencializando seu desenvolvimento\u201d, destaca a profissional.<br><br>Outro eixo fundamental \u00e9 o apoio \u00e0s fam\u00edlias e a atua\u00e7\u00e3o integrada com escolas e outros servi\u00e7os, fortalecendo a rede de inclus\u00e3o. \u201cA fam\u00edlia \u00e9 essencial nesse processo, e a inclus\u00e3o precisa acontecer de forma real, com ambientes preparados para receber essas pessoas e respeitar suas particularidades\u201d, refor\u00e7a Tain\u00e1.<br><br>Durante o m\u00eas de abril, a unidade intensifica a\u00e7\u00f5es de conscientiza\u00e7\u00e3o com atividades de psicoeduca\u00e7\u00e3o voltadas ao p\u00fablico interno e \u00e0 comunidade. Mesmo diante de desafios estruturais, o Ceap-Sol segue avan\u00e7ando com criatividade e compromisso, reafirmando que a inclus\u00e3o \u00e9 um processo coletivo e essencial para a constru\u00e7\u00e3o de uma sociedade mais acess\u00edvel.000<\/p>\n\n\n\n<p>Cejane Pupulin (texto) e Ester Silva (foto)\/ISG<\/p>\n","protected":false},"excerpt":{"rendered":"<p>Atendimentos, atividades externas e orienta\u00e7\u00e3o \u00e0s fam\u00edlias marcam o trabalho cont\u00ednuo da unidade<\/p>\n","protected":false},"author":165,"featured_media":752619,"comment_status":"closed","ping_status":"open","sticky":false,"template":"","format":"standard","meta":{"footnotes":""},"categories":[3],"tags":[243],"class_list":["post-752593","post","type-post","status-publish","format-standard","has-post-thumbnail","hentry","category-noticias","tag-hospitais-estaduais"],"rttpg_featured_image_url":{"full":["https:\/\/goias.gov.br\/saude\/wp-content\/uploads\/sites\/34\/2026\/04\/060426-ceapsol-inclusao.jpeg",1280,902,false],"landscape":["https:\/\/goias.gov.br\/saude\/wp-content\/uploads\/sites\/34\/2026\/04\/060426-ceapsol-inclusao.jpeg",1280,902,false],"portraits":["https:\/\/goias.gov.br\/saude\/wp-content\/uploads\/sites\/34\/2026\/04\/060426-ceapsol-inclusao.jpeg",1280,902,false],"thumbnail":["https:\/\/goias.gov.br\/saude\/wp-content\/uploads\/sites\/34\/2026\/04\/060426-ceapsol-inclusao-150x150.jpeg",150,150,true],"medium":["https:\/\/goias.gov.br\/saude\/wp-content\/uploads\/sites\/34\/2026\/04\/060426-ceapsol-inclusao-300x211.jpeg",300,211,true],"large":["https:\/\/goias.gov.br\/saude\/wp-content\/uploads\/sites\/34\/2026\/04\/060426-ceapsol-inclusao-1024x722.jpeg",1024,722,true],"1536x1536":["https:\/\/goias.gov.br\/saude\/wp-content\/uploads\/sites\/34\/2026\/04\/060426-ceapsol-inclusao.jpeg",1280,902,false],"2048x2048":["https:\/\/goias.gov.br\/saude\/wp-content\/uploads\/sites\/34\/2026\/04\/060426-ceapsol-inclusao.jpeg",1280,902,false]},"rttpg_author":{"display_name":"ricardocruz","author_link":"https:\/\/goias.gov.br\/saude\/author\/ricardocruz\/"},"rttpg_comment":0,"rttpg_category":"<a href=\"https:\/\/goias.gov.br\/saude\/categoria\/noticias\/\" rel=\"category tag\">Not\u00edcias<\/a>","rttpg_excerpt":"Atendimentos, atividades externas e orienta\u00e7\u00e3o \u00e0s fam\u00edlias marcam o trabalho cont\u00ednuo da unidade","_links":{"self":[{"href":"https:\/\/goias.gov.br\/saude\/wp-json\/wp\/v2\/posts\/752593","targetHints":{"allow":["GET"]}}],"collection":[{"href":"https:\/\/goias.gov.br\/saude\/wp-json\/wp\/v2\/posts"}],"about":[{"href":"https:\/\/goias.gov.br\/saude\/wp-json\/wp\/v2\/types\/post"}],"author":[{"embeddable":true,"href":"https:\/\/goias.gov.br\/saude\/wp-json\/wp\/v2\/users\/165"}],"replies":[{"embeddable":true,"href":"https:\/\/goias.gov.br\/saude\/wp-json\/wp\/v2\/comments?post=752593"}],"version-history":[{"count":2,"href":"https:\/\/goias.gov.br\/saude\/wp-json\/wp\/v2\/posts\/752593\/revisions"}],"predecessor-version":[{"id":752987,"href":"https:\/\/goias.gov.br\/saude\/wp-json\/wp\/v2\/posts\/752593\/revisions\/752987"}],"wp:featuredmedia":[{"embeddable":true,"href":"https:\/\/goias.gov.br\/saude\/wp-json\/wp\/v2\/media\/752619"}],"wp:attachment":[{"href":"https:\/\/goias.gov.br\/saude\/wp-json\/wp\/v2\/media?parent=752593"}],"wp:term":[{"taxonomy":"category","embeddable":true,"href":"https:\/\/goias.gov.br\/saude\/wp-json\/wp\/v2\/categories?post=752593"},{"taxonomy":"post_tag","embeddable":true,"href":"https:\/\/goias.gov.br\/saude\/wp-json\/wp\/v2\/tags?post=752593"}],"curies":[{"name":"wp","href":"https:\/\/api.w.org\/{rel}","templated":true}]}}