

{"id":742104,"date":"2026-03-26T16:53:29","date_gmt":"2026-03-26T19:53:29","guid":{"rendered":"https:\/\/goias.gov.br\/saude\/?p=742104"},"modified":"2026-03-26T16:53:29","modified_gmt":"2026-03-26T19:53:29","slug":"governo-de-goias-mobiliza-populacao-para-vacinacao-contra-a-influenza","status":"publish","type":"post","link":"https:\/\/goias.gov.br\/saude\/governo-de-goias-mobiliza-populacao-para-vacinacao-contra-a-influenza\/","title":{"rendered":"Governo de Goi\u00e1s mobiliza popula\u00e7\u00e3o para vacina\u00e7\u00e3o contra a Influenza"},"content":{"rendered":"\n<p class=\"has-text-align-center\"><strong>Campanha come\u00e7a neste s\u00e1bado (28\/03), com Dia D de vacina\u00e7\u00e3o para crian\u00e7as, gestantes, idosos e outros grupos priorit\u00e1rios<\/strong><\/p>\n\n\n\n<!--more-->\n\n\n<div class=\"wp-block-image\">\n<figure class=\"aligncenter size-large\"><img fetchpriority=\"high\" decoding=\"async\" width=\"1024\" height=\"684\" src=\"https:\/\/goias.gov.br\/saude\/wp-content\/uploads\/sites\/34\/2026\/03\/2603-vacinacao-influenza-01-1024x684.jpeg\" alt=\"\" class=\"wp-image-742136\" srcset=\"https:\/\/goias.gov.br\/saude\/wp-content\/uploads\/sites\/34\/2026\/03\/2603-vacinacao-influenza-01-1024x684.jpeg 1024w, https:\/\/goias.gov.br\/saude\/wp-content\/uploads\/sites\/34\/2026\/03\/2603-vacinacao-influenza-01-300x200.jpeg 300w, https:\/\/goias.gov.br\/saude\/wp-content\/uploads\/sites\/34\/2026\/03\/2603-vacinacao-influenza-01-768x513.jpeg 768w, https:\/\/goias.gov.br\/saude\/wp-content\/uploads\/sites\/34\/2026\/03\/2603-vacinacao-influenza-01.jpeg 1280w\" sizes=\"(max-width: 1024px) 100vw, 1024px\" \/><figcaption class=\"wp-element-caption\"><em>Secretaria de Estado de Sa\u00fade convoca grupos priorit\u00e1rios para que busquem as salas de vacina para a imuniza\u00e7\u00e3o contra a Influenza; Dia D ocorre neste s\u00e1bado (28\/03)<\/em><\/figcaption><\/figure>\n<\/div>\n\n\n<p>O Governo de Goi\u00e1s, por meio da Secretaria de Estado da Sa\u00fade (SES), alerta a popula\u00e7\u00e3o para o in\u00edcio da Campanha de Vacina\u00e7\u00e3o contra a Influenza 2026, que ser\u00e1 realizada de 28 de mar\u00e7o a 30 de maio, com Dia \u201cD\u201d marcado para o pr\u00f3ximo s\u00e1bado (28\/03). A estrat\u00e9gia tem como objetivo reduzir complica\u00e7\u00f5es, interna\u00e7\u00f5es e \u00f3bitos decorrentes da influenza, especialmente entre os grupos priorit\u00e1rios, com foco em gestantes, crian\u00e7as e idosos com 60 anos ou mais, entre outros grupos.<\/p>\n\n\n\n<p>A SES refor\u00e7a que a vacina\u00e7\u00e3o salva vidas e faz um chamado especial para que idosos, respons\u00e1veis por crian\u00e7as e pessoas dos grupos priorit\u00e1rios procurem os postos de vacina\u00e7\u00e3o, levando documento pessoal e cart\u00e3o de vacina\u00e7\u00e3o. \u201cOs dados mostram que Goi\u00e1s est\u00e1 avan\u00e7ando na recupera\u00e7\u00e3o das coberturas vacinais, mas \u00e9 essencial que a popula\u00e7\u00e3o continue aderindo \u00e0s campanhas\u201d, avalia o titular da SES, Ras\u00edvel Santos.<\/p>\n\n\n\n<p>A vacina dispon\u00edvel \u00e9 trivalente, segura e eficaz, que protege contra os principais v\u00edrus da Influenza A (H1N1), Influenza A (H3N2) e Influenza B (linhagem Victoria). A meta da campanha \u00e9 vacinar, no m\u00ednimo, 90% dos grupos priorit\u00e1rios da rotina. Goi\u00e1s j\u00e1 recebeu 188 mil doses da vacina contra a Influenza, que est\u00e3o sendo distribu\u00eddas aos munic\u00edpios. O estado conta com mais de 1.000 postos de vacina\u00e7\u00e3o fixos, preparados para atender \u00e0 popula\u00e7\u00e3o.<\/p>\n\n\n\n<p><strong>Retomada das coberturas<br><\/strong>Goi\u00e1s tem registrado avan\u00e7os consistentes na recupera\u00e7\u00e3o das coberturas vacinais, especialmente entre crian\u00e7as menores de dois anos, ap\u00f3s os impactos provocados pela pandemia. Antes mesmo da crise sanit\u00e1ria, em 2019, os \u00edndices j\u00e1 apresentavam sinais de queda. Vacinas como BCG (86,7%), Tr\u00edplice Viral D1 (88,3%), Pneumoc\u00f3cica 10 valente (86,9%) e Rotav\u00edrus humano (83,9%) estavam abaixo das metas estabelecidas.<\/p>\n\n\n\n<p>Com a pandemia da Covid-19, a situa\u00e7\u00e3o se agravou. Em 2020 e, principalmente, em 2021, o estado registrou os menores \u00edndices da s\u00e9rie hist\u00f3rica. Nesse per\u00edodo, vacinas importantes apresentaram quedas expressivas, como Hepatite A (70,2%), Febre Amarela (66,0%), Poliomielite (72,7%) e BCG (74,2%), evidenciando dificuldades no acesso e na ades\u00e3o \u00e0 imuniza\u00e7\u00e3o.<\/p>\n\n\n\n<p>A partir de 2022, o estado iniciou uma recupera\u00e7\u00e3o gradual das coberturas vacinais, com avan\u00e7os mais significativos em 2023 e 2024. Nesse intervalo, praticamente todos os imunizantes apresentaram crescimento cont\u00ednuo. A Pentavalente, por exemplo, evoluiu de 73,1% em 2021 para 80,5% em 2023 e 82,2% em 2024. A Poliomielite passou de 72,7% para 81,3% em 2023 e 83,6% em 2024. J\u00e1 a Tr\u00edplice Viral D1 alcan\u00e7ou 85,3% em 2023 e 88,9% em 2024.<\/p>\n\n\n\n<p>Em 2025, os dados consolidam uma retomada robusta. Vacinas estrat\u00e9gicas atingiram ou se aproximaram das metas preconizadas pelo Minist\u00e9rio da Sa\u00fade. A BCG chegou a 93,6% de cobertura, a Pneumoc\u00f3cica 10 valente tamb\u00e9m alcan\u00e7ou 93,6%, e a Tr\u00edplice Viral D1 atingiu 89,8%. Outros imunizantes tamb\u00e9m apresentaram avan\u00e7os importantes, como a Meningoc\u00f3cica C (89,9%), o Rotav\u00edrus humano (89,9%) e a Poliomielite (84,7%).<\/p>\n\n\n\n<p>Apesar dos resultados positivos, algumas vacinas ainda demandam maior ades\u00e3o, como Febre Amarela (73,6%) e Hepatite A (81,4%). A SES refor\u00e7a que a manuten\u00e7\u00e3o de altas coberturas vacinais \u00e9 fundamental para prevenir surtos e garantir a prote\u00e7\u00e3o da popula\u00e7\u00e3o, especialmente entre crian\u00e7as, idosos e grupos mais vulner\u00e1veis. Os avan\u00e7os observados s\u00e3o resultado do fortalecimento das a\u00e7\u00f5es de imuniza\u00e7\u00e3o, da reorganiza\u00e7\u00e3o dos servi\u00e7os de sa\u00fade e das estrat\u00e9gias de mobiliza\u00e7\u00e3o e sensibiliza\u00e7\u00e3o da popula\u00e7\u00e3o.<\/p>\n\n\n\n<p><strong>Investimentos<br><\/strong>A SES tem realizado, desde 2019, importantes investimentos na \u00e1rea da imuniza\u00e7\u00e3o, como: a distribui\u00e7\u00e3o de 86.956.964 doses de imunobiol\u00f3gicos (rotina e campanha) entre os anos de 2019 e 2025 aos 246 munic\u00edpios, distribui\u00e7\u00e3o de seringas, entrega de 272 c\u00e2maras cient\u00edficas refrigeradas, entrega de 8 freezers comerciais e 8 freezers cient\u00edficos (armazenamento de vacinas em temperatura negativa) a Central de Rede de Frio Estadual, entrega de 52 dataloggers \u00e0 Central de Rede de Frio Estadual e \u00e0s 18 Regionais de Sa\u00fade, entrega de 36 caixas t\u00e9rmicas de 100 litros para as Regionais de Sa\u00fade para garantir a qualidade dos imunobiol\u00f3gicos durante o transporte, entrega de 38 computadores, aos munic\u00edpios e Regionais de Sa\u00fade e entrega de 18 furg\u00f5es e 3 caminh\u00f5es refrigerados para as Regionais de Sa\u00fade e Central de Rede de Frio Estadual.<\/p>\n\n\n\n<p>Fotos: Iron Braz<br><strong>Secretaria de Estado da Sa\u00fade \u2013 Governo de Goi\u00e1s<\/strong><\/p>\n","protected":false},"excerpt":{"rendered":"<p>Campanha come\u00e7a neste s\u00e1bado (28\/03), com Dia D de vacina\u00e7\u00e3o para crian\u00e7as, gestantes, idosos e outros grupos priorit\u00e1rios<\/p>\n","protected":false},"author":164,"featured_media":742144,"comment_status":"closed","ping_status":"open","sticky":false,"template":"","format":"standard","meta":{"footnotes":""},"categories":[3],"tags":[262],"class_list":["post-742104","post","type-post","status-publish","format-standard","has-post-thumbnail","hentry","category-noticias","tag-imunizacao"],"rttpg_featured_image_url":{"full":["https:\/\/goias.gov.br\/saude\/wp-content\/uploads\/sites\/34\/2026\/03\/2603-vacinacao-influenza-02.jpeg",855,1280,false],"landscape":["https:\/\/goias.gov.br\/saude\/wp-content\/uploads\/sites\/34\/2026\/03\/2603-vacinacao-influenza-02.jpeg",855,1280,false],"portraits":["https:\/\/goias.gov.br\/saude\/wp-content\/uploads\/sites\/34\/2026\/03\/2603-vacinacao-influenza-02.jpeg",855,1280,false],"thumbnail":["https:\/\/goias.gov.br\/saude\/wp-content\/uploads\/sites\/34\/2026\/03\/2603-vacinacao-influenza-02-150x150.jpeg",150,150,true],"medium":["https:\/\/goias.gov.br\/saude\/wp-content\/uploads\/sites\/34\/2026\/03\/2603-vacinacao-influenza-02-200x300.jpeg",200,300,true],"large":["https:\/\/goias.gov.br\/saude\/wp-content\/uploads\/sites\/34\/2026\/03\/2603-vacinacao-influenza-02-684x1024.jpeg",684,1024,true],"1536x1536":["https:\/\/goias.gov.br\/saude\/wp-content\/uploads\/sites\/34\/2026\/03\/2603-vacinacao-influenza-02.jpeg",855,1280,false],"2048x2048":["https:\/\/goias.gov.br\/saude\/wp-content\/uploads\/sites\/34\/2026\/03\/2603-vacinacao-influenza-02.jpeg",855,1280,false]},"rttpg_author":{"display_name":"isabelamelo","author_link":"https:\/\/goias.gov.br\/saude\/author\/isabelamelo\/"},"rttpg_comment":0,"rttpg_category":"<a href=\"https:\/\/goias.gov.br\/saude\/categoria\/noticias\/\" rel=\"category tag\">Not\u00edcias<\/a>","rttpg_excerpt":"Campanha come\u00e7a neste s\u00e1bado (28\/03), com Dia D de vacina\u00e7\u00e3o para crian\u00e7as, gestantes, idosos e outros grupos priorit\u00e1rios","_links":{"self":[{"href":"https:\/\/goias.gov.br\/saude\/wp-json\/wp\/v2\/posts\/742104","targetHints":{"allow":["GET"]}}],"collection":[{"href":"https:\/\/goias.gov.br\/saude\/wp-json\/wp\/v2\/posts"}],"about":[{"href":"https:\/\/goias.gov.br\/saude\/wp-json\/wp\/v2\/types\/post"}],"author":[{"embeddable":true,"href":"https:\/\/goias.gov.br\/saude\/wp-json\/wp\/v2\/users\/164"}],"replies":[{"embeddable":true,"href":"https:\/\/goias.gov.br\/saude\/wp-json\/wp\/v2\/comments?post=742104"}],"version-history":[{"count":1,"href":"https:\/\/goias.gov.br\/saude\/wp-json\/wp\/v2\/posts\/742104\/revisions"}],"predecessor-version":[{"id":742152,"href":"https:\/\/goias.gov.br\/saude\/wp-json\/wp\/v2\/posts\/742104\/revisions\/742152"}],"wp:featuredmedia":[{"embeddable":true,"href":"https:\/\/goias.gov.br\/saude\/wp-json\/wp\/v2\/media\/742144"}],"wp:attachment":[{"href":"https:\/\/goias.gov.br\/saude\/wp-json\/wp\/v2\/media?parent=742104"}],"wp:term":[{"taxonomy":"category","embeddable":true,"href":"https:\/\/goias.gov.br\/saude\/wp-json\/wp\/v2\/categories?post=742104"},{"taxonomy":"post_tag","embeddable":true,"href":"https:\/\/goias.gov.br\/saude\/wp-json\/wp\/v2\/tags?post=742104"}],"curies":[{"name":"wp","href":"https:\/\/api.w.org\/{rel}","templated":true}]}}