

{"id":739815,"date":"2026-03-25T08:21:52","date_gmt":"2026-03-25T11:21:52","guid":{"rendered":"https:\/\/goias.gov.br\/saude\/?p=739815"},"modified":"2026-03-25T08:21:52","modified_gmt":"2026-03-25T11:21:52","slug":"uti-do-crer-esta-entre-as-melhores-do-brasil-pelo-quarto-ano-consecutivo","status":"publish","type":"post","link":"https:\/\/goias.gov.br\/saude\/uti-do-crer-esta-entre-as-melhores-do-brasil-pelo-quarto-ano-consecutivo\/","title":{"rendered":"UTI do Crer est\u00e1 entre as melhores do Brasil pelo quarto ano consecutivo"},"content":{"rendered":"\n<p class=\"has-text-align-center\"><strong>Unidade se destaca nacionalmente e refor\u00e7a excel\u00eancia no cuidado intensivo dentro do SUS<\/strong><\/p>\n\n\n<div class=\"wp-block-image\">\n<figure class=\"aligncenter size-large\"><img fetchpriority=\"high\" decoding=\"async\" width=\"1024\" height=\"682\" src=\"https:\/\/goias.gov.br\/saude\/wp-content\/uploads\/sites\/34\/2026\/03\/2503-uti-crer-1024x682.jpeg\" alt=\"\" class=\"wp-image-739849\" srcset=\"https:\/\/goias.gov.br\/saude\/wp-content\/uploads\/sites\/34\/2026\/03\/2503-uti-crer-1024x682.jpeg 1024w, https:\/\/goias.gov.br\/saude\/wp-content\/uploads\/sites\/34\/2026\/03\/2503-uti-crer-300x200.jpeg 300w, https:\/\/goias.gov.br\/saude\/wp-content\/uploads\/sites\/34\/2026\/03\/2503-uti-crer-768x512.jpeg 768w, https:\/\/goias.gov.br\/saude\/wp-content\/uploads\/sites\/34\/2026\/03\/2503-uti-crer-1536x1023.jpeg 1536w, https:\/\/goias.gov.br\/saude\/wp-content\/uploads\/sites\/34\/2026\/03\/2503-uti-crer.jpeg 1600w\" sizes=\"(max-width: 1024px) 100vw, 1024px\" \/><figcaption class=\"wp-element-caption\"><em><em>Paciente Edivam Batista da Cruz internado na UTI do Crer, recebendo atendimento da equipe multiprofissional da unidade<\/em><\/em><\/figcaption><\/figure>\n<\/div>\n\n\n<p>O Centro Estadual de Reabilita\u00e7\u00e3o e Readapta\u00e7\u00e3o Dr. Henrique Santillo (Crer), unidade da Secretaria de Estado da Sa\u00fade de Goi\u00e1s (SES-GO), foi reconhecido, pelo quarto ano consecutivo, como uma das melhores Unidades de Terapia Intensiva (UTIs) do Brasil. A certifica\u00e7\u00e3o \u201cUTI Top Performer\u201d, concedida pelo Projeto UTIs Brasileiras, iniciativa da Associa\u00e7\u00e3o de Medicina Intensiva Brasileira (AMIB) em parceria com a Epimed Solutions, reafirma o alto padr\u00e3o assistencial da institui\u00e7\u00e3o.<\/p>\n\n\n\n<p>A certifica\u00e7\u00e3o reconhece UTIs com alta efici\u00eancia cl\u00ednica, seguran\u00e7a assistencial e melhores desfechos para os pacientes. Na edi\u00e7\u00e3o mais recente do Registro UTIs Brasileiras, o Crer figura entre as unidades de melhor desempenho cl\u00ednico do pa\u00eds, consolidando-se como refer\u00eancia em qualidade, seguran\u00e7a do paciente e efici\u00eancia assistencial. Em Goi\u00e1s, a unidade se destaca entre os hospitais p\u00fablicos que atendem exclusivamente pelo SUS.<\/p>\n\n\n\n<p>Segundo o diretor t\u00e9cnico assistencial do Crer, Alan Anderson Fernandes Oliveira, o reconhecimento refor\u00e7a a consist\u00eancia do trabalho realizado ao longo dos anos. \u201cAlcan\u00e7ar esse resultado pelo quarto ano consecutivo demonstra maturidade institucional e compromisso cont\u00ednuo com a qualidade do cuidado. \u00c9 um reconhecimento que reflete o esfor\u00e7o coletivo de equipes altamente qualificadas e dedicadas \u00e0 vida\u201d, afirma.<\/p>\n\n\n\n<p>O m\u00e9dico intensivista da UTI do Crer, Ronycley Rocha Rezende, destaca que a certifica\u00e7\u00e3o vai al\u00e9m de indicadores t\u00e9cnicos. \u201cEsse reconhecimento traduz a integra\u00e7\u00e3o entre conhecimento t\u00e9cnico, processos bem estruturados e um olhar humanizado para o paciente. Manter esse padr\u00e3o ao longo dos anos exige disciplina, monitoramento cont\u00ednuo e, principalmente, trabalho em equipe\u201d, ressalta.<\/p>\n\n\n\n<p>A gerente de enfermagem do Crer, H\u00e9lvia Fernandes, destaca que a conquista est\u00e1 diretamente ligada \u00e0 atua\u00e7\u00e3o integrada e cont\u00ednua das equipes assistenciais. \u201cA enfermagem est\u00e1 presente em todos os momentos do cuidado, acompanhando o paciente de forma ininterrupta, garantindo seguran\u00e7a, monitoramento e acolhimento. Esse reconhecimento evidencia a for\u00e7a de uma equipe multiprofissional comprometida, que atua de forma t\u00e9cnica, organizada e sens\u00edvel \u00e0s necessidades de cada paciente\u201d, afirma.<\/p>\n\n\n\n<p>Com 20 leitos, a UTI do Crer \u00e9 refer\u00eancia no atendimento a pacientes em reabilita\u00e7\u00e3o que necessitam de suporte intensivo, atuando com protocolos assistenciais seguros e monitoramento cont\u00ednuo de indicadores. A UTI da unidade j\u00e1 registrou mais de 86.312 interna\u00e7\u00f5es\/admiss\u00f5es (at\u00e9 o dia 28 de fevereiro de 2026).<\/p>\n\n\n\n<p>O Crer possui certifica\u00e7\u00f5es de excel\u00eancia em gest\u00e3o da qualidade, como a Acredita\u00e7\u00e3o ONA N\u00edvel 3 \u2013 Excel\u00eancia e a Qmentum Internacional \u2013 n\u00edvel Diamante, que atestam o compromisso da institui\u00e7\u00e3o com elevados padr\u00f5es de cuidado e gest\u00e3o. Pioneiro em Goi\u00e1s no atendimento qualificado e multiprofissional \u00e0 pessoa com defici\u00eancia, o hospital j\u00e1 realizou mais de 26.134.115 milh\u00f5es de atendimentos\/procedimentos \u00e0 popula\u00e7\u00e3o goiana.<\/p>\n\n\n\n<p>Juliana Saran (texto) e Sofia Santiago (foto) \/ Agir<\/p>\n\n\n\n<p><\/p>\n","protected":false},"excerpt":{"rendered":"<p>Unidade se destaca nacionalmente e refor\u00e7a excel\u00eancia no cuidado intensivo dentro do SUS<\/p>\n","protected":false},"author":164,"featured_media":739849,"comment_status":"closed","ping_status":"open","sticky":false,"template":"","format":"standard","meta":{"footnotes":""},"categories":[3],"tags":[243],"class_list":["post-739815","post","type-post","status-publish","format-standard","has-post-thumbnail","hentry","category-noticias","tag-hospitais-estaduais"],"rttpg_featured_image_url":{"full":["https:\/\/goias.gov.br\/saude\/wp-content\/uploads\/sites\/34\/2026\/03\/2503-uti-crer.jpeg",1600,1066,false],"landscape":["https:\/\/goias.gov.br\/saude\/wp-content\/uploads\/sites\/34\/2026\/03\/2503-uti-crer.jpeg",1600,1066,false],"portraits":["https:\/\/goias.gov.br\/saude\/wp-content\/uploads\/sites\/34\/2026\/03\/2503-uti-crer.jpeg",1600,1066,false],"thumbnail":["https:\/\/goias.gov.br\/saude\/wp-content\/uploads\/sites\/34\/2026\/03\/2503-uti-crer-150x150.jpeg",150,150,true],"medium":["https:\/\/goias.gov.br\/saude\/wp-content\/uploads\/sites\/34\/2026\/03\/2503-uti-crer-300x200.jpeg",300,200,true],"large":["https:\/\/goias.gov.br\/saude\/wp-content\/uploads\/sites\/34\/2026\/03\/2503-uti-crer-1024x682.jpeg",1024,682,true],"1536x1536":["https:\/\/goias.gov.br\/saude\/wp-content\/uploads\/sites\/34\/2026\/03\/2503-uti-crer-1536x1023.jpeg",1536,1023,true],"2048x2048":["https:\/\/goias.gov.br\/saude\/wp-content\/uploads\/sites\/34\/2026\/03\/2503-uti-crer.jpeg",1600,1066,false]},"rttpg_author":{"display_name":"isabelamelo","author_link":"https:\/\/goias.gov.br\/saude\/author\/isabelamelo\/"},"rttpg_comment":0,"rttpg_category":"<a href=\"https:\/\/goias.gov.br\/saude\/categoria\/noticias\/\" rel=\"category tag\">Not\u00edcias<\/a>","rttpg_excerpt":"Unidade se destaca nacionalmente e refor\u00e7a excel\u00eancia no cuidado intensivo dentro do SUS","_links":{"self":[{"href":"https:\/\/goias.gov.br\/saude\/wp-json\/wp\/v2\/posts\/739815","targetHints":{"allow":["GET"]}}],"collection":[{"href":"https:\/\/goias.gov.br\/saude\/wp-json\/wp\/v2\/posts"}],"about":[{"href":"https:\/\/goias.gov.br\/saude\/wp-json\/wp\/v2\/types\/post"}],"author":[{"embeddable":true,"href":"https:\/\/goias.gov.br\/saude\/wp-json\/wp\/v2\/users\/164"}],"replies":[{"embeddable":true,"href":"https:\/\/goias.gov.br\/saude\/wp-json\/wp\/v2\/comments?post=739815"}],"version-history":[{"count":1,"href":"https:\/\/goias.gov.br\/saude\/wp-json\/wp\/v2\/posts\/739815\/revisions"}],"predecessor-version":[{"id":739863,"href":"https:\/\/goias.gov.br\/saude\/wp-json\/wp\/v2\/posts\/739815\/revisions\/739863"}],"wp:featuredmedia":[{"embeddable":true,"href":"https:\/\/goias.gov.br\/saude\/wp-json\/wp\/v2\/media\/739849"}],"wp:attachment":[{"href":"https:\/\/goias.gov.br\/saude\/wp-json\/wp\/v2\/media?parent=739815"}],"wp:term":[{"taxonomy":"category","embeddable":true,"href":"https:\/\/goias.gov.br\/saude\/wp-json\/wp\/v2\/categories?post=739815"},{"taxonomy":"post_tag","embeddable":true,"href":"https:\/\/goias.gov.br\/saude\/wp-json\/wp\/v2\/tags?post=739815"}],"curies":[{"name":"wp","href":"https:\/\/api.w.org\/{rel}","templated":true}]}}