

{"id":734824,"date":"2026-03-20T15:46:10","date_gmt":"2026-03-20T18:46:10","guid":{"rendered":"https:\/\/goias.gov.br\/saude\/?p=734824"},"modified":"2026-03-20T15:46:10","modified_gmt":"2026-03-20T18:46:10","slug":"saude-mental-no-trabalho-e-prioridade-no-hel","status":"publish","type":"post","link":"https:\/\/goias.gov.br\/saude\/saude-mental-no-trabalho-e-prioridade-no-hel\/","title":{"rendered":"Sa\u00fade mental no trabalho \u00e9 prioridade no HEL"},"content":{"rendered":"\n<p class=\"has-text-align-center\"><strong>Hospital j\u00e1 atua em conformidade com a nova NR-1, promovendo programas e cuidados integrados para os profissionais<\/strong><\/p>\n\n\n\n<!--more-->\n\n\n\n<figure class=\"wp-block-image size-large\"><img fetchpriority=\"high\" decoding=\"async\" width=\"1024\" height=\"576\" src=\"https:\/\/goias.gov.br\/saude\/wp-content\/uploads\/sites\/34\/2026\/03\/IMG-20260320-WA0008-1024x576.jpg\" alt=\"\" class=\"wp-image-734872\" srcset=\"https:\/\/goias.gov.br\/saude\/wp-content\/uploads\/sites\/34\/2026\/03\/IMG-20260320-WA0008-1024x576.jpg 1024w, https:\/\/goias.gov.br\/saude\/wp-content\/uploads\/sites\/34\/2026\/03\/IMG-20260320-WA0008-300x169.jpg 300w, https:\/\/goias.gov.br\/saude\/wp-content\/uploads\/sites\/34\/2026\/03\/IMG-20260320-WA0008-768x432.jpg 768w, https:\/\/goias.gov.br\/saude\/wp-content\/uploads\/sites\/34\/2026\/03\/IMG-20260320-WA0008-1536x864.jpg 1536w, https:\/\/goias.gov.br\/saude\/wp-content\/uploads\/sites\/34\/2026\/03\/IMG-20260320-WA0008.jpg 1600w\" sizes=\"(max-width: 1024px) 100vw, 1024px\" \/><figcaption class=\"wp-element-caption\"><em><em>O Hospital Estadual de Luzi\u00e2nia (HEL) fortalece a\u00e7\u00f5es de sa\u00fade mental no trabalho, alinhado \u00e0s diretrizes da NR-1 e ao cuidado cont\u00ednuo com os profissionais<\/em><\/em><\/figcaption><\/figure>\n\n\n\n<p>O Hospital Estadual de Luzi\u00e2nia (HEL) j\u00e1 atua alinhado \u00e0s novas diretrizes da Norma Regulamentadora n\u00ba 1 (NR-1), que passam a abordar de forma mais estruturada os riscos psicossociais no ambiente de trabalho. Mesmo antes da obrigatoriedade da norma, a unidade implementou pr\u00e1ticas consolidadas de promo\u00e7\u00e3o da sa\u00fade mental, fortalecendo o bem-estar e a seguran\u00e7a dos profissionais.<\/p>\n\n\n\n<p>Para atender plenamente \u00e0s exig\u00eancias da NR-1, o hospital est\u00e1 em fase de levantamento dos riscos psicossociais por meio do question\u00e1rio Copsoq II (Copenhagen Psychosocial Questionnaire), metodologia reconhecida internacionalmente que avalia fatores como demandas de trabalho, rela\u00e7\u00f5es interpessoais, lideran\u00e7a, reconhecimento e equil\u00edbrio entre vida pessoal e profissional.<\/p>\n\n\n\n<p>Segundo a psic\u00f3loga organizacional Tamires Martins, cuidar da sa\u00fade mental no trabalho vai al\u00e9m do cumprimento legal. \u201cCuidar da sa\u00fade mental no trabalho n\u00e3o \u00e9 apenas atender uma exig\u00eancia normativa, \u00e9 reconhecer que por tr\u00e1s de cada fun\u00e7\u00e3o existe uma pessoa que sente, que se sobrecarrega e que precisa ser vista. Nosso compromisso \u00e9 fortalecer uma cultura onde o cuidado seja cont\u00ednuo, genu\u00edno e integrado \u00e0 rotina institucional\u201d, afirmou.<\/p>\n\n\n\n<p>Para a psic\u00f3loga Lorena Freitas, promover espa\u00e7os de escuta e di\u00e1logo amplia a consci\u00eancia das equipes e fortalece v\u00ednculos. \u201cS\u00e3o interven\u00e7\u00f5es que, mesmo breves, geram mudan\u00e7as significativas na forma como as pessoas vivenciam o trabalho\u201d, explicou.<\/p>\n\n\n\n<p>O t\u00e9cnico de Seguran\u00e7a do Trabalho do Sesmt (Servi\u00e7o Especializado em Engenharia de Seguran\u00e7a e em Medicina do Trabalho), Samuel Marques, destacou a import\u00e2ncia da integra\u00e7\u00e3o entre \u00e1reas. \u201cA inclus\u00e3o dos riscos psicossociais na NR-1 representa um avan\u00e7o. No HEL, estamos atuando de forma integrada para garantir que esses riscos sejam identificados, avaliados e acompanhados com a mesma seriedade dos demais riscos ocupacionais, f\u00edsicos, qu\u00edmicos, biol\u00f3gicos e ergon\u00f4micos. Seguran\u00e7a tamb\u00e9m \u00e9 sa\u00fade mental\u201d, afirmou.<\/p>\n\n\n\n<p><strong>Sa\u00fade mental na pr\u00e1tica<\/strong><\/p>\n\n\n\n<p>Desde 2024, o HEL vem desenvolvendo a\u00e7\u00f5es cont\u00ednuas voltadas \u00e0 promo\u00e7\u00e3o da sa\u00fade mental e ao cuidado integral dos colaboradores.<\/p>\n\n\n\n<p>Entre elas est\u00e3o atendimentos psicol\u00f3gicos individuais e de emerg\u00eancia, grupos terap\u00eauticos e rodas de conversa, o Projeto Pausa Consciente com interven\u00e7\u00f5es breves nos setores, campanhas de psicoeduca\u00e7\u00e3o como Janeiro Branco e Setembro Amarelo, programas de desenvolvimento de l\u00edderes e treinamentos em comunica\u00e7\u00e3o, intelig\u00eancia emocional e gest\u00e3o de conflitos, apoio \u00e0 \u201csegunda v\u00edtima\u201d e espa\u00e7os de escuta ativa e media\u00e7\u00e3o de conflitos.<\/p>\n\n\n\n<p>Essas iniciativas fortalecem v\u00ednculos, contribuem para a constru\u00e7\u00e3o de um clima organizacional mais saud\u00e1vel e consolidam uma cultura de cuidado centrada nas pessoas.<\/p>\n\n\n\n<p>Texto e foto: Julianna Adornelas &#8211; Instituto Patris<\/p>\n","protected":false},"excerpt":{"rendered":"<p>Hospital j\u00e1 atua em conformidade com a nova NR-1, promovendo programas e cuidados integrados para os profissionais<\/p>\n","protected":false},"author":165,"featured_media":734872,"comment_status":"closed","ping_status":"open","sticky":false,"template":"","format":"standard","meta":{"footnotes":""},"categories":[3],"tags":[243],"class_list":["post-734824","post","type-post","status-publish","format-standard","has-post-thumbnail","hentry","category-noticias","tag-hospitais-estaduais"],"rttpg_featured_image_url":{"full":["https:\/\/goias.gov.br\/saude\/wp-content\/uploads\/sites\/34\/2026\/03\/IMG-20260320-WA0008.jpg",1600,900,false],"landscape":["https:\/\/goias.gov.br\/saude\/wp-content\/uploads\/sites\/34\/2026\/03\/IMG-20260320-WA0008.jpg",1600,900,false],"portraits":["https:\/\/goias.gov.br\/saude\/wp-content\/uploads\/sites\/34\/2026\/03\/IMG-20260320-WA0008.jpg",1600,900,false],"thumbnail":["https:\/\/goias.gov.br\/saude\/wp-content\/uploads\/sites\/34\/2026\/03\/IMG-20260320-WA0008-150x150.jpg",150,150,true],"medium":["https:\/\/goias.gov.br\/saude\/wp-content\/uploads\/sites\/34\/2026\/03\/IMG-20260320-WA0008-300x169.jpg",300,169,true],"large":["https:\/\/goias.gov.br\/saude\/wp-content\/uploads\/sites\/34\/2026\/03\/IMG-20260320-WA0008-1024x576.jpg",1024,576,true],"1536x1536":["https:\/\/goias.gov.br\/saude\/wp-content\/uploads\/sites\/34\/2026\/03\/IMG-20260320-WA0008-1536x864.jpg",1536,864,true],"2048x2048":["https:\/\/goias.gov.br\/saude\/wp-content\/uploads\/sites\/34\/2026\/03\/IMG-20260320-WA0008.jpg",1600,900,false]},"rttpg_author":{"display_name":"ricardocruz","author_link":"https:\/\/goias.gov.br\/saude\/author\/ricardocruz\/"},"rttpg_comment":0,"rttpg_category":"<a href=\"https:\/\/goias.gov.br\/saude\/categoria\/noticias\/\" rel=\"category tag\">Not\u00edcias<\/a>","rttpg_excerpt":"Hospital j\u00e1 atua em conformidade com a nova NR-1, promovendo programas e cuidados integrados para os profissionais","_links":{"self":[{"href":"https:\/\/goias.gov.br\/saude\/wp-json\/wp\/v2\/posts\/734824","targetHints":{"allow":["GET"]}}],"collection":[{"href":"https:\/\/goias.gov.br\/saude\/wp-json\/wp\/v2\/posts"}],"about":[{"href":"https:\/\/goias.gov.br\/saude\/wp-json\/wp\/v2\/types\/post"}],"author":[{"embeddable":true,"href":"https:\/\/goias.gov.br\/saude\/wp-json\/wp\/v2\/users\/165"}],"replies":[{"embeddable":true,"href":"https:\/\/goias.gov.br\/saude\/wp-json\/wp\/v2\/comments?post=734824"}],"version-history":[{"count":1,"href":"https:\/\/goias.gov.br\/saude\/wp-json\/wp\/v2\/posts\/734824\/revisions"}],"predecessor-version":[{"id":734888,"href":"https:\/\/goias.gov.br\/saude\/wp-json\/wp\/v2\/posts\/734824\/revisions\/734888"}],"wp:featuredmedia":[{"embeddable":true,"href":"https:\/\/goias.gov.br\/saude\/wp-json\/wp\/v2\/media\/734872"}],"wp:attachment":[{"href":"https:\/\/goias.gov.br\/saude\/wp-json\/wp\/v2\/media?parent=734824"}],"wp:term":[{"taxonomy":"category","embeddable":true,"href":"https:\/\/goias.gov.br\/saude\/wp-json\/wp\/v2\/categories?post=734824"},{"taxonomy":"post_tag","embeddable":true,"href":"https:\/\/goias.gov.br\/saude\/wp-json\/wp\/v2\/tags?post=734824"}],"curies":[{"name":"wp","href":"https:\/\/api.w.org\/{rel}","templated":true}]}}