

{"id":734733,"date":"2026-03-20T15:38:42","date_gmt":"2026-03-20T18:38:42","guid":{"rendered":"https:\/\/goias.gov.br\/saude\/?p=734733"},"modified":"2026-03-20T15:38:42","modified_gmt":"2026-03-20T18:38:42","slug":"medico-residente-emociona-pacientes-com-cartas-de-alta-no-cresm","status":"publish","type":"post","link":"https:\/\/goias.gov.br\/saude\/medico-residente-emociona-pacientes-com-cartas-de-alta-no-cresm\/","title":{"rendered":"M\u00e9dico residente emociona pacientes com cartas de alta no Cresm"},"content":{"rendered":"\n<p class=\"has-text-align-center\"><strong>Iniciativa humaniza o momento da alta ao transformar a despedida em um gesto de acolhimento, esperan\u00e7a e incentivo \u00e0 continuidade do cuidado em unidade do Governo de Goi\u00e1s<\/strong><\/p>\n\n\n\n<!--more-->\n\n\n\n<figure class=\"wp-block-image size-full\"><img fetchpriority=\"high\" decoding=\"async\" width=\"720\" height=\"480\" src=\"https:\/\/goias.gov.br\/saude\/wp-content\/uploads\/sites\/34\/2026\/03\/IMG-20260320-WA0007.jpg\" alt=\"\" class=\"wp-image-734781\" srcset=\"https:\/\/goias.gov.br\/saude\/wp-content\/uploads\/sites\/34\/2026\/03\/IMG-20260320-WA0007.jpg 720w, https:\/\/goias.gov.br\/saude\/wp-content\/uploads\/sites\/34\/2026\/03\/IMG-20260320-WA0007-300x200.jpg 300w\" sizes=\"(max-width: 720px) 100vw, 720px\" \/><figcaption class=\"wp-element-caption\"><em><em>Andrei Quevedo Lobato, ex &#8211; paciente da interna\u00e7\u00e3o da unidade e o m\u00e9dico residente D\u00e1rio Rafael Mac\u00eado dos Reis<\/em><\/em><\/figcaption><\/figure>\n\n\n\n<p>Nem sempre a alta de um paciente representa apenas o fim de um tratamento, mas tamb\u00e9m o in\u00edcio de uma nova etapa. No Complexo de Refer\u00eancia Estadual em Sa\u00fade Mental Professor Jamil Issy \u2013 Cresm unidade do Governo de Goi\u00e1s, esse momento tem ganhado um significado ainda mais especial por meio de uma iniciativa que une t\u00e9cnica e sensibilidade.<\/p>\n\n\n\n<p>O m\u00e9dico residente em psiquiatria R2, D\u00e1rio Rafael Mac\u00eado dos Reis, desenvolve uma a\u00e7\u00e3o que tem emocionado pacientes e profissionais da unidade. Ele escreve e l\u00ea cartas personalizadas no momento da alta, resgatando a trajet\u00f3ria de cada paciente, refor\u00e7ando orienta\u00e7\u00f5es importantes e incentivando a continuidade do cuidado fora do ambiente hospitalar.<\/p>\n\n\n\n<p>D\u00e1rio encontrou na escrita uma forma de fortalecer o v\u00ednculo terap\u00eautico. Em cada carta, ele destaca conquistas, valoriza o processo de supera\u00e7\u00e3o e encoraja novos projetos de vida ap\u00f3s a interna\u00e7\u00e3o.<\/p>\n\n\n\n<p><strong>Cuidado que ultrapassa a alta hospitalar<\/strong><\/p>\n\n\n\n<p>Um dos pacientes que vivenciou esse momento foi Andrei Quevedo Lobato, que esteve internado no N\u00facleo B da unidade. Ao receber a carta, ele teve sua trajet\u00f3ria reconhecida em palavras que simbolizam acolhimento, orienta\u00e7\u00e3o e esperan\u00e7a para o futuro. Em um dos trechos, o m\u00e9dico escreve:<\/p>\n\n\n\n<p>&#8220;Andrei, meu querido viajante,<br>Hoje, ao escrever esta carta, sinto algo que poucas vezes a medicina me ajudou a nomear: orgulho misturado com uma preocupa\u00e7\u00e3o que s\u00f3 quem caminhou ao seu lado poderia ter.<\/p>\n\n\n\n<p>Voc\u00ea chegou at\u00e9 n\u00f3s carregando 34 anos de vida, como quem carrega uma mala pesada demais. Anos que n\u00e3o foram perdidos , quero que isso fique claro, mas que doeram. Doeu o tempo que a depend\u00eancia roubou, doeram as tentativas de partir, doeu carregar dentro de si uma guerra silenciosa que ningu\u00e9m via. E, ainda assim, aqui estamos.<\/p>\n\n\n\n<p>Voc\u00ea conseguiu controlar a tristeza que parecia eterna. A desesperan\u00e7a, que foi sua companheira por d\u00e9cadas, j\u00e1 n\u00e3o dita mais os seus passos. A ansiedade e a ang\u00fastia do passado, que gritavam sem pausa, hoje sussurram, e voc\u00ea aprendeu a n\u00e3o obedec\u00ea-las. Isso n\u00e3o \u00e9 pouco \u2014 isso \u00e9 libertador.<\/p>\n\n\n\n<p>Foi um desafio imenso para toda a equipe do CRESM trazer esperan\u00e7a, satisfa\u00e7\u00e3o e alegria de volta \u00e0 sua vida, mas voc\u00ea foi o maior respons\u00e1vel por essa virada. N\u00f3s apenas acreditamos; foi voc\u00ea quem fez.&#8221;<\/p>\n\n\n\n<p>A iniciativa demonstra como a humaniza\u00e7\u00e3o no atendimento pode impactar diretamente a forma como o paciente encara a alta, tornando esse momento mais significativo e fortalecendo a continuidade do tratamento.<\/p>\n\n\n\n<p>Por meio de a\u00e7\u00f5es como essa, a unidade reafirma seu compromisso com o cuidado integral, valorizando n\u00e3o apenas os aspectos cl\u00ednicos, mas tamb\u00e9m os emocionais e sociais no processo de reabilita\u00e7\u00e3o.<\/p>\n\n\n\n<p>Crispiano Filho (texto e foto) \/ Abevida<\/p>\n","protected":false},"excerpt":{"rendered":"<p>Iniciativa humaniza o momento da alta ao transformar a despedida em um gesto de acolhimento, esperan\u00e7a e incentivo \u00e0 continuidade do cuidado em unidade do Governo de Goi\u00e1s<\/p>\n","protected":false},"author":165,"featured_media":734781,"comment_status":"closed","ping_status":"open","sticky":false,"template":"","format":"standard","meta":{"footnotes":""},"categories":[3],"tags":[261],"class_list":["post-734733","post","type-post","status-publish","format-standard","has-post-thumbnail","hentry","category-noticias","tag-saude-mental"],"rttpg_featured_image_url":{"full":["https:\/\/goias.gov.br\/saude\/wp-content\/uploads\/sites\/34\/2026\/03\/IMG-20260320-WA0007.jpg",720,480,false],"landscape":["https:\/\/goias.gov.br\/saude\/wp-content\/uploads\/sites\/34\/2026\/03\/IMG-20260320-WA0007.jpg",720,480,false],"portraits":["https:\/\/goias.gov.br\/saude\/wp-content\/uploads\/sites\/34\/2026\/03\/IMG-20260320-WA0007.jpg",720,480,false],"thumbnail":["https:\/\/goias.gov.br\/saude\/wp-content\/uploads\/sites\/34\/2026\/03\/IMG-20260320-WA0007-150x150.jpg",150,150,true],"medium":["https:\/\/goias.gov.br\/saude\/wp-content\/uploads\/sites\/34\/2026\/03\/IMG-20260320-WA0007-300x200.jpg",300,200,true],"large":["https:\/\/goias.gov.br\/saude\/wp-content\/uploads\/sites\/34\/2026\/03\/IMG-20260320-WA0007.jpg",720,480,false],"1536x1536":["https:\/\/goias.gov.br\/saude\/wp-content\/uploads\/sites\/34\/2026\/03\/IMG-20260320-WA0007.jpg",720,480,false],"2048x2048":["https:\/\/goias.gov.br\/saude\/wp-content\/uploads\/sites\/34\/2026\/03\/IMG-20260320-WA0007.jpg",720,480,false]},"rttpg_author":{"display_name":"ricardocruz","author_link":"https:\/\/goias.gov.br\/saude\/author\/ricardocruz\/"},"rttpg_comment":0,"rttpg_category":"<a href=\"https:\/\/goias.gov.br\/saude\/categoria\/noticias\/\" rel=\"category tag\">Not\u00edcias<\/a>","rttpg_excerpt":"Iniciativa humaniza o momento da alta ao transformar a despedida em um gesto de acolhimento, esperan\u00e7a e incentivo \u00e0 continuidade do cuidado em unidade do Governo de Goi\u00e1s","_links":{"self":[{"href":"https:\/\/goias.gov.br\/saude\/wp-json\/wp\/v2\/posts\/734733","targetHints":{"allow":["GET"]}}],"collection":[{"href":"https:\/\/goias.gov.br\/saude\/wp-json\/wp\/v2\/posts"}],"about":[{"href":"https:\/\/goias.gov.br\/saude\/wp-json\/wp\/v2\/types\/post"}],"author":[{"embeddable":true,"href":"https:\/\/goias.gov.br\/saude\/wp-json\/wp\/v2\/users\/165"}],"replies":[{"embeddable":true,"href":"https:\/\/goias.gov.br\/saude\/wp-json\/wp\/v2\/comments?post=734733"}],"version-history":[{"count":1,"href":"https:\/\/goias.gov.br\/saude\/wp-json\/wp\/v2\/posts\/734733\/revisions"}],"predecessor-version":[{"id":734803,"href":"https:\/\/goias.gov.br\/saude\/wp-json\/wp\/v2\/posts\/734733\/revisions\/734803"}],"wp:featuredmedia":[{"embeddable":true,"href":"https:\/\/goias.gov.br\/saude\/wp-json\/wp\/v2\/media\/734781"}],"wp:attachment":[{"href":"https:\/\/goias.gov.br\/saude\/wp-json\/wp\/v2\/media?parent=734733"}],"wp:term":[{"taxonomy":"category","embeddable":true,"href":"https:\/\/goias.gov.br\/saude\/wp-json\/wp\/v2\/categories?post=734733"},{"taxonomy":"post_tag","embeddable":true,"href":"https:\/\/goias.gov.br\/saude\/wp-json\/wp\/v2\/tags?post=734733"}],"curies":[{"name":"wp","href":"https:\/\/api.w.org\/{rel}","templated":true}]}}