

{"id":729713,"date":"2026-03-13T15:43:10","date_gmt":"2026-03-13T18:43:10","guid":{"rendered":"https:\/\/goias.gov.br\/saude\/?p=729713"},"modified":"2026-03-13T15:43:10","modified_gmt":"2026-03-13T18:43:10","slug":"ses-go-celebra-o-dia-da-mulher-com-musica-e-visibilidade-a-luta-feminina","status":"publish","type":"post","link":"https:\/\/goias.gov.br\/saude\/ses-go-celebra-o-dia-da-mulher-com-musica-e-visibilidade-a-luta-feminina\/","title":{"rendered":"SES-GO celebra o Dia da Mulher com m\u00fasica e visibilidade \u00e0 luta feminina"},"content":{"rendered":"\n<p class=\"has-text-align-center\"><strong>Cerim\u00f4nia festiva, em celebra\u00e7\u00e3o ao Dia da Mulher, foi marcada por alegria, m\u00fasica e \u00eanfase \u00e0s conquistas alcan\u00e7adas ao longo dos anos pela popula\u00e7\u00e3o feminina<\/strong><\/p>\n\n\n\n<!--more-->\n\n\n\n<figure class=\"wp-block-image size-large\"><img fetchpriority=\"high\" decoding=\"async\" width=\"1024\" height=\"684\" src=\"https:\/\/goias.gov.br\/saude\/wp-content\/uploads\/sites\/34\/2026\/03\/130326-dia-mulher-ses-1024x684.jpeg\" alt=\"\" class=\"wp-image-729729\" srcset=\"https:\/\/goias.gov.br\/saude\/wp-content\/uploads\/sites\/34\/2026\/03\/130326-dia-mulher-ses-1024x684.jpeg 1024w, https:\/\/goias.gov.br\/saude\/wp-content\/uploads\/sites\/34\/2026\/03\/130326-dia-mulher-ses-300x200.jpeg 300w, https:\/\/goias.gov.br\/saude\/wp-content\/uploads\/sites\/34\/2026\/03\/130326-dia-mulher-ses-768x513.jpeg 768w, https:\/\/goias.gov.br\/saude\/wp-content\/uploads\/sites\/34\/2026\/03\/130326-dia-mulher-ses.jpeg 1280w\" sizes=\"(max-width: 1024px) 100vw, 1024px\" \/><figcaption class=\"wp-element-caption\"><em>Celebra\u00e7\u00e3o ao Dia da Mulher reuniu servidoras de diferentes \u00e1reas da SES<\/em><\/figcaption><\/figure>\n\n\n\n<p>As servidoras da Secretaria de Estado da Sa\u00fade de Goi\u00e1s (SES-GO) foram contempladas, na manh\u00e3 desta sexta-feira (13\/03), com um evento festivo realizado no hall da institui\u00e7\u00e3o, em celebra\u00e7\u00e3o ao Dia Internacional da Mulher. A cerim\u00f4nia, coordenada pela Ger\u00eancia de Humaniza\u00e7\u00e3o da SES, contou com a apresenta\u00e7\u00e3o do grupo de percuss\u00e3o Cor\u00f3 Mulher, um dos projetos musicais da Associa\u00e7\u00e3o Cor\u00f3 de Pau. Ao som dos tambores, as servidoras formaram uma grande ciranda simbolizando a harmonia, a for\u00e7a e a determina\u00e7\u00e3o que caracterizam as mulheres.<\/p>\n\n\n\n<p>A gerente de Humaniza\u00e7\u00e3o da SES-GO, Salette Paulino, ressaltou, em seu pronunciamento, a face guerreira da mulher, que assume e vence, diariamente, uma s\u00e9rie de desafios. \u201cSomos seres humanos que enfrentamos desigualdade, viol\u00eancia e exaustivas jornadas de trabalho. \u00c9 fundamental que manifestemos o nosso lado selvagem. N\u00e3o vamos nos vitimizar\u201d, sublinhou.<\/p>\n\n\n\n<p><strong>Empoderamento<\/strong><br>Salette Paulino citou conquistas que chegaram tardiamente \u00e0s mulheres brasileiras, mas que s\u00e3o resultantes da for\u00e7a, da reivindica\u00e7\u00e3o e do empoderamento da popula\u00e7\u00e3o feminina. \u201cO direito ao voto da mulher, por exemplo, foi legitimado em 1932\u201d, exemplificou., acentuando que a maior parte das garantias ocorreu em um passado recente. Entre outros benef\u00edcios assegurados \u00e0s mulheres, Salette Paulino destacou o direito \u00e0s finan\u00e7as, \u00e0 igualdade salarial e o avan\u00e7o do uso da p\u00edlula anticoncepcional.<\/p>\n\n\n\n<p>A gerente de Humaniza\u00e7\u00e3o tamb\u00e9m enumerou como conquistas da popula\u00e7\u00e3o feminina a instala\u00e7\u00e3o da Delegacia da Mulher, em 1985; a implementa\u00e7\u00e3o da Sala Lil\u00e1s, em 2022; a san\u00e7\u00e3o da Lei Maria da Penha, em 2006, e a promulga\u00e7\u00e3o da Lei do Feminic\u00eddio, em 2015. Ela destacou a import\u00e2ncia do trabalho da mulher no Sistema \u00danico de Sa\u00fade (SUS). Dados do Minist\u00e9rio da Sa\u00fade revelam que em cada grupo de 10 trabalhadores do SUS, 7 s\u00e3o mulheres. No universo dessa popula\u00e7\u00e3o feminina no SUS, 57% s\u00e3o negras. A celebra\u00e7\u00e3o foi encerrada com mais uma apresenta\u00e7\u00e3o do grupo Cor\u00f3 Mulher e com um lanche especial, servido a todas as participantes.<\/p>\n\n\n\n<p>Maria Jos\u00e9 Silva (texto) e Patr\u00edcia Save (fotos) \/ Comunica\u00e7\u00e3o Setorial da SES-GO<\/p>\n","protected":false},"excerpt":{"rendered":"<p>Cerim\u00f4nia festiva, em celebra\u00e7\u00e3o ao Dia da Mulher, foi marcada por alegria, m\u00fasica e \u00eanfase \u00e0s conquistas alcan\u00e7adas ao longo dos anos pela popula\u00e7\u00e3o feminina<\/p>\n","protected":false},"author":165,"featured_media":729740,"comment_status":"closed","ping_status":"open","sticky":false,"template":"","format":"standard","meta":{"footnotes":""},"categories":[3],"tags":[303],"class_list":["post-729713","post","type-post","status-publish","format-standard","has-post-thumbnail","hentry","category-noticias","tag-dia-da-mulher"],"rttpg_featured_image_url":{"full":["https:\/\/goias.gov.br\/saude\/wp-content\/uploads\/sites\/34\/2026\/03\/130326-dia-mulher-ses-capa.jpeg",1280,855,false],"landscape":["https:\/\/goias.gov.br\/saude\/wp-content\/uploads\/sites\/34\/2026\/03\/130326-dia-mulher-ses-capa.jpeg",1280,855,false],"portraits":["https:\/\/goias.gov.br\/saude\/wp-content\/uploads\/sites\/34\/2026\/03\/130326-dia-mulher-ses-capa.jpeg",1280,855,false],"thumbnail":["https:\/\/goias.gov.br\/saude\/wp-content\/uploads\/sites\/34\/2026\/03\/130326-dia-mulher-ses-capa-150x150.jpeg",150,150,true],"medium":["https:\/\/goias.gov.br\/saude\/wp-content\/uploads\/sites\/34\/2026\/03\/130326-dia-mulher-ses-capa-300x200.jpeg",300,200,true],"large":["https:\/\/goias.gov.br\/saude\/wp-content\/uploads\/sites\/34\/2026\/03\/130326-dia-mulher-ses-capa-1024x684.jpeg",1024,684,true],"1536x1536":["https:\/\/goias.gov.br\/saude\/wp-content\/uploads\/sites\/34\/2026\/03\/130326-dia-mulher-ses-capa.jpeg",1280,855,false],"2048x2048":["https:\/\/goias.gov.br\/saude\/wp-content\/uploads\/sites\/34\/2026\/03\/130326-dia-mulher-ses-capa.jpeg",1280,855,false]},"rttpg_author":{"display_name":"ricardocruz","author_link":"https:\/\/goias.gov.br\/saude\/author\/ricardocruz\/"},"rttpg_comment":0,"rttpg_category":"<a href=\"https:\/\/goias.gov.br\/saude\/categoria\/noticias\/\" rel=\"category tag\">Not\u00edcias<\/a>","rttpg_excerpt":"Cerim\u00f4nia festiva, em celebra\u00e7\u00e3o ao Dia da Mulher, foi marcada por alegria, m\u00fasica e \u00eanfase \u00e0s conquistas alcan\u00e7adas ao longo dos anos pela popula\u00e7\u00e3o feminina","_links":{"self":[{"href":"https:\/\/goias.gov.br\/saude\/wp-json\/wp\/v2\/posts\/729713","targetHints":{"allow":["GET"]}}],"collection":[{"href":"https:\/\/goias.gov.br\/saude\/wp-json\/wp\/v2\/posts"}],"about":[{"href":"https:\/\/goias.gov.br\/saude\/wp-json\/wp\/v2\/types\/post"}],"author":[{"embeddable":true,"href":"https:\/\/goias.gov.br\/saude\/wp-json\/wp\/v2\/users\/165"}],"replies":[{"embeddable":true,"href":"https:\/\/goias.gov.br\/saude\/wp-json\/wp\/v2\/comments?post=729713"}],"version-history":[{"count":1,"href":"https:\/\/goias.gov.br\/saude\/wp-json\/wp\/v2\/posts\/729713\/revisions"}],"predecessor-version":[{"id":729749,"href":"https:\/\/goias.gov.br\/saude\/wp-json\/wp\/v2\/posts\/729713\/revisions\/729749"}],"wp:featuredmedia":[{"embeddable":true,"href":"https:\/\/goias.gov.br\/saude\/wp-json\/wp\/v2\/media\/729740"}],"wp:attachment":[{"href":"https:\/\/goias.gov.br\/saude\/wp-json\/wp\/v2\/media?parent=729713"}],"wp:term":[{"taxonomy":"category","embeddable":true,"href":"https:\/\/goias.gov.br\/saude\/wp-json\/wp\/v2\/categories?post=729713"},{"taxonomy":"post_tag","embeddable":true,"href":"https:\/\/goias.gov.br\/saude\/wp-json\/wp\/v2\/tags?post=729713"}],"curies":[{"name":"wp","href":"https:\/\/api.w.org\/{rel}","templated":true}]}}