

{"id":729398,"date":"2026-03-11T11:03:35","date_gmt":"2026-03-11T14:03:35","guid":{"rendered":"https:\/\/goias.gov.br\/saude\/?p=729398"},"modified":"2026-03-13T11:10:05","modified_gmt":"2026-03-13T14:10:05","slug":"ses-promove-reuniao-para-alinhamento-e-preparacao-do-motogp-2026-11-03-2026","status":"publish","type":"post","link":"https:\/\/goias.gov.br\/saude\/ses-promove-reuniao-para-alinhamento-e-preparacao-do-motogp-2026-11-03-2026\/","title":{"rendered":"SES promove reuni\u00e3o para alinhamento e prepara\u00e7\u00e3o do MotoGP 2026 &#8211; 11\/03\/2026"},"content":{"rendered":"\n<p>Fotos \u2013 Dan Pimentel<\/p>\n\n\n\n<!--more-->\n\n\n\n<figure class=\"wp-block-gallery has-nested-images columns-default is-cropped wp-block-gallery-1 is-layout-flex wp-block-gallery-is-layout-flex\">\n<figure data-wp-context=\"{&quot;imageId&quot;:&quot;69f59d0a99a31&quot;}\" data-wp-interactive=\"core\/image\" data-wp-key=\"69f59d0a99a31\" class=\"wp-block-image size-large wp-lightbox-container\"><img fetchpriority=\"high\" decoding=\"async\" width=\"1024\" height=\"771\" data-wp-class--hide=\"state.isContentHidden\" data-wp-class--show=\"state.isContentVisible\" data-wp-init=\"callbacks.setButtonStyles\" data-wp-on--click=\"actions.showLightbox\" data-wp-on--load=\"callbacks.setButtonStyles\" data-wp-on-window--resize=\"callbacks.setButtonStyles\" data-id=\"729406\" src=\"https:\/\/goias.gov.br\/saude\/wp-content\/uploads\/sites\/34\/2026\/03\/1103-REUNIAO-ALINHAMENTO-SOBRE-MOTO-gp1-1024x771.jpeg\" alt=\"\" class=\"wp-image-729406\" srcset=\"https:\/\/goias.gov.br\/saude\/wp-content\/uploads\/sites\/34\/2026\/03\/1103-REUNIAO-ALINHAMENTO-SOBRE-MOTO-gp1-1024x771.jpeg 1024w, https:\/\/goias.gov.br\/saude\/wp-content\/uploads\/sites\/34\/2026\/03\/1103-REUNIAO-ALINHAMENTO-SOBRE-MOTO-gp1-300x226.jpeg 300w, https:\/\/goias.gov.br\/saude\/wp-content\/uploads\/sites\/34\/2026\/03\/1103-REUNIAO-ALINHAMENTO-SOBRE-MOTO-gp1-768x578.jpeg 768w, https:\/\/goias.gov.br\/saude\/wp-content\/uploads\/sites\/34\/2026\/03\/1103-REUNIAO-ALINHAMENTO-SOBRE-MOTO-gp1-1536x1157.jpeg 1536w, https:\/\/goias.gov.br\/saude\/wp-content\/uploads\/sites\/34\/2026\/03\/1103-REUNIAO-ALINHAMENTO-SOBRE-MOTO-gp1-2048x1542.jpeg 2048w\" sizes=\"(max-width: 1024px) 100vw, 1024px\" \/><button\n\t\t\tclass=\"lightbox-trigger\"\n\t\t\ttype=\"button\"\n\t\t\taria-haspopup=\"dialog\"\n\t\t\taria-label=\"Ampliar\"\n\t\t\tdata-wp-init=\"callbacks.initTriggerButton\"\n\t\t\tdata-wp-on--click=\"actions.showLightbox\"\n\t\t\tdata-wp-style--right=\"state.imageButtonRight\"\n\t\t\tdata-wp-style--top=\"state.imageButtonTop\"\n\t\t>\n\t\t\t<svg xmlns=\"http:\/\/www.w3.org\/2000\/svg\" width=\"12\" height=\"12\" fill=\"none\" viewBox=\"0 0 12 12\">\n\t\t\t\t<path fill=\"#fff\" d=\"M2 0a2 2 0 0 0-2 2v2h1.5V2a.5.5 0 0 1 .5-.5h2V0H2Zm2 10.5H2a.5.5 0 0 1-.5-.5V8H0v2a2 2 0 0 0 2 2h2v-1.5ZM8 12v-1.5h2a.5.5 0 0 0 .5-.5V8H12v2a2 2 0 0 1-2 2H8Zm2-12a2 2 0 0 1 2 2v2h-1.5V2a.5.5 0 0 0-.5-.5H8V0h2Z\" \/>\n\t\t\t<\/svg>\n\t\t<\/button><figcaption class=\"wp-element-caption\"><mark>A SES-GO promoveu uma reuni\u00e3o para alinhamento e prepara\u00e7\u00e3o do MotoGP 2026, que ser\u00e1 realizado entre 20 e 22 de mar\u00e7o, no Aut\u00f3dromo Internacional Ayrton Senna<\/mark><\/figcaption><\/figure>\n\n\n\n<figure data-wp-context=\"{&quot;imageId&quot;:&quot;69f59d0a9a47a&quot;}\" data-wp-interactive=\"core\/image\" data-wp-key=\"69f59d0a9a47a\" class=\"wp-block-image size-large wp-lightbox-container\"><img decoding=\"async\" width=\"1024\" height=\"771\" data-wp-class--hide=\"state.isContentHidden\" data-wp-class--show=\"state.isContentVisible\" data-wp-init=\"callbacks.setButtonStyles\" data-wp-on--click=\"actions.showLightbox\" data-wp-on--load=\"callbacks.setButtonStyles\" data-wp-on-window--resize=\"callbacks.setButtonStyles\" data-id=\"729407\" src=\"https:\/\/goias.gov.br\/saude\/wp-content\/uploads\/sites\/34\/2026\/03\/1103-REUNIAO-ALINHAMENTO-SOBRE-MOTO-gp2-1024x771.jpeg\" alt=\"\" class=\"wp-image-729407\" srcset=\"https:\/\/goias.gov.br\/saude\/wp-content\/uploads\/sites\/34\/2026\/03\/1103-REUNIAO-ALINHAMENTO-SOBRE-MOTO-gp2-1024x771.jpeg 1024w, https:\/\/goias.gov.br\/saude\/wp-content\/uploads\/sites\/34\/2026\/03\/1103-REUNIAO-ALINHAMENTO-SOBRE-MOTO-gp2-300x226.jpeg 300w, https:\/\/goias.gov.br\/saude\/wp-content\/uploads\/sites\/34\/2026\/03\/1103-REUNIAO-ALINHAMENTO-SOBRE-MOTO-gp2-768x578.jpeg 768w, https:\/\/goias.gov.br\/saude\/wp-content\/uploads\/sites\/34\/2026\/03\/1103-REUNIAO-ALINHAMENTO-SOBRE-MOTO-gp2-1536x1157.jpeg 1536w, https:\/\/goias.gov.br\/saude\/wp-content\/uploads\/sites\/34\/2026\/03\/1103-REUNIAO-ALINHAMENTO-SOBRE-MOTO-gp2-2048x1542.jpeg 2048w\" sizes=\"(max-width: 1024px) 100vw, 1024px\" \/><button\n\t\t\tclass=\"lightbox-trigger\"\n\t\t\ttype=\"button\"\n\t\t\taria-haspopup=\"dialog\"\n\t\t\taria-label=\"Ampliar\"\n\t\t\tdata-wp-init=\"callbacks.initTriggerButton\"\n\t\t\tdata-wp-on--click=\"actions.showLightbox\"\n\t\t\tdata-wp-style--right=\"state.imageButtonRight\"\n\t\t\tdata-wp-style--top=\"state.imageButtonTop\"\n\t\t>\n\t\t\t<svg xmlns=\"http:\/\/www.w3.org\/2000\/svg\" width=\"12\" height=\"12\" fill=\"none\" viewBox=\"0 0 12 12\">\n\t\t\t\t<path fill=\"#fff\" d=\"M2 0a2 2 0 0 0-2 2v2h1.5V2a.5.5 0 0 1 .5-.5h2V0H2Zm2 10.5H2a.5.5 0 0 1-.5-.5V8H0v2a2 2 0 0 0 2 2h2v-1.5ZM8 12v-1.5h2a.5.5 0 0 0 .5-.5V8H12v2a2 2 0 0 1-2 2H8Zm2-12a2 2 0 0 1 2 2v2h-1.5V2a.5.5 0 0 0-.5-.5H8V0h2Z\" \/>\n\t\t\t<\/svg>\n\t\t<\/button><figcaption class=\"wp-element-caption\"><mark>Participaram da reuni\u00e3o representantes da SES, Pol\u00edcia Rodovi\u00e1ria Federal, Pol\u00edcia Militar, Secretaria Municipal de Engenharia de Tr\u00e2nsito e Secretaria-Geral de Governo de Goi\u00e1s<\/mark><\/figcaption><\/figure>\n\n\n\n<figure data-wp-context=\"{&quot;imageId&quot;:&quot;69f59d0a9a988&quot;}\" data-wp-interactive=\"core\/image\" data-wp-key=\"69f59d0a9a988\" class=\"wp-block-image size-large wp-lightbox-container\"><img decoding=\"async\" width=\"1024\" height=\"771\" data-wp-class--hide=\"state.isContentHidden\" data-wp-class--show=\"state.isContentVisible\" data-wp-init=\"callbacks.setButtonStyles\" data-wp-on--click=\"actions.showLightbox\" data-wp-on--load=\"callbacks.setButtonStyles\" data-wp-on-window--resize=\"callbacks.setButtonStyles\" data-id=\"729408\" src=\"https:\/\/goias.gov.br\/saude\/wp-content\/uploads\/sites\/34\/2026\/03\/1103-REUNIAO-ALINHAMENTO-SOBRE-MOTO-gp3-1024x771.jpeg\" alt=\"\" class=\"wp-image-729408\" srcset=\"https:\/\/goias.gov.br\/saude\/wp-content\/uploads\/sites\/34\/2026\/03\/1103-REUNIAO-ALINHAMENTO-SOBRE-MOTO-gp3-1024x771.jpeg 1024w, https:\/\/goias.gov.br\/saude\/wp-content\/uploads\/sites\/34\/2026\/03\/1103-REUNIAO-ALINHAMENTO-SOBRE-MOTO-gp3-300x226.jpeg 300w, https:\/\/goias.gov.br\/saude\/wp-content\/uploads\/sites\/34\/2026\/03\/1103-REUNIAO-ALINHAMENTO-SOBRE-MOTO-gp3-768x579.jpeg 768w, https:\/\/goias.gov.br\/saude\/wp-content\/uploads\/sites\/34\/2026\/03\/1103-REUNIAO-ALINHAMENTO-SOBRE-MOTO-gp3-1536x1157.jpeg 1536w, https:\/\/goias.gov.br\/saude\/wp-content\/uploads\/sites\/34\/2026\/03\/1103-REUNIAO-ALINHAMENTO-SOBRE-MOTO-gp3-2048x1543.jpeg 2048w\" sizes=\"(max-width: 1024px) 100vw, 1024px\" \/><button\n\t\t\tclass=\"lightbox-trigger\"\n\t\t\ttype=\"button\"\n\t\t\taria-haspopup=\"dialog\"\n\t\t\taria-label=\"Ampliar\"\n\t\t\tdata-wp-init=\"callbacks.initTriggerButton\"\n\t\t\tdata-wp-on--click=\"actions.showLightbox\"\n\t\t\tdata-wp-style--right=\"state.imageButtonRight\"\n\t\t\tdata-wp-style--top=\"state.imageButtonTop\"\n\t\t>\n\t\t\t<svg xmlns=\"http:\/\/www.w3.org\/2000\/svg\" width=\"12\" height=\"12\" fill=\"none\" viewBox=\"0 0 12 12\">\n\t\t\t\t<path fill=\"#fff\" d=\"M2 0a2 2 0 0 0-2 2v2h1.5V2a.5.5 0 0 1 .5-.5h2V0H2Zm2 10.5H2a.5.5 0 0 1-.5-.5V8H0v2a2 2 0 0 0 2 2h2v-1.5ZM8 12v-1.5h2a.5.5 0 0 0 .5-.5V8H12v2a2 2 0 0 1-2 2H8Zm2-12a2 2 0 0 1 2 2v2h-1.5V2a.5.5 0 0 0-.5-.5H8V0h2Z\" \/>\n\t\t\t<\/svg>\n\t\t<\/button><figcaption class=\"wp-element-caption\"><mark>Na reuni\u00e3o foi apresentado o Plano de A\u00e7\u00e3o para o Tr\u00e2nsito na capital e regi\u00e3o metropolitana durante o evento, com rotas exclusivas, linhas especiais e bloqueios<\/mark><\/figcaption><\/figure>\n<\/figure>\n","protected":false},"excerpt":{"rendered":"<p>Fotos \u2013 Dan Pimentel<\/p>\n","protected":false},"author":513,"featured_media":729408,"comment_status":"closed","ping_status":"open","sticky":false,"template":"","format":"standard","meta":{"footnotes":""},"categories":[98],"tags":[169],"class_list":["post-729398","post","type-post","status-publish","format-standard","has-post-thumbnail","hentry","category-galeria-de-fotos","tag-galeria-de-fotos"],"rttpg_featured_image_url":{"full":["https:\/\/goias.gov.br\/saude\/wp-content\/uploads\/sites\/34\/2026\/03\/1103-REUNIAO-ALINHAMENTO-SOBRE-MOTO-gp3.jpeg",3893,2933,false],"landscape":["https:\/\/goias.gov.br\/saude\/wp-content\/uploads\/sites\/34\/2026\/03\/1103-REUNIAO-ALINHAMENTO-SOBRE-MOTO-gp3.jpeg",3893,2933,false],"portraits":["https:\/\/goias.gov.br\/saude\/wp-content\/uploads\/sites\/34\/2026\/03\/1103-REUNIAO-ALINHAMENTO-SOBRE-MOTO-gp3.jpeg",3893,2933,false],"thumbnail":["https:\/\/goias.gov.br\/saude\/wp-content\/uploads\/sites\/34\/2026\/03\/1103-REUNIAO-ALINHAMENTO-SOBRE-MOTO-gp3-150x150.jpeg",150,150,true],"medium":["https:\/\/goias.gov.br\/saude\/wp-content\/uploads\/sites\/34\/2026\/03\/1103-REUNIAO-ALINHAMENTO-SOBRE-MOTO-gp3-300x226.jpeg",300,226,true],"large":["https:\/\/goias.gov.br\/saude\/wp-content\/uploads\/sites\/34\/2026\/03\/1103-REUNIAO-ALINHAMENTO-SOBRE-MOTO-gp3-1024x771.jpeg",1024,771,true],"1536x1536":["https:\/\/goias.gov.br\/saude\/wp-content\/uploads\/sites\/34\/2026\/03\/1103-REUNIAO-ALINHAMENTO-SOBRE-MOTO-gp3-1536x1157.jpeg",1536,1157,true],"2048x2048":["https:\/\/goias.gov.br\/saude\/wp-content\/uploads\/sites\/34\/2026\/03\/1103-REUNIAO-ALINHAMENTO-SOBRE-MOTO-gp3-2048x1543.jpeg",2048,1543,true]},"rttpg_author":{"display_name":"eudinelima","author_link":"https:\/\/goias.gov.br\/saude\/author\/eudinelima\/"},"rttpg_comment":0,"rttpg_category":"<a href=\"https:\/\/goias.gov.br\/saude\/categoria\/galeria-de-fotos\/\" rel=\"category tag\">galeria de fotos<\/a>","rttpg_excerpt":"Fotos \u2013 Dan Pimentel","_links":{"self":[{"href":"https:\/\/goias.gov.br\/saude\/wp-json\/wp\/v2\/posts\/729398","targetHints":{"allow":["GET"]}}],"collection":[{"href":"https:\/\/goias.gov.br\/saude\/wp-json\/wp\/v2\/posts"}],"about":[{"href":"https:\/\/goias.gov.br\/saude\/wp-json\/wp\/v2\/types\/post"}],"author":[{"embeddable":true,"href":"https:\/\/goias.gov.br\/saude\/wp-json\/wp\/v2\/users\/513"}],"replies":[{"embeddable":true,"href":"https:\/\/goias.gov.br\/saude\/wp-json\/wp\/v2\/comments?post=729398"}],"version-history":[{"count":1,"href":"https:\/\/goias.gov.br\/saude\/wp-json\/wp\/v2\/posts\/729398\/revisions"}],"predecessor-version":[{"id":729413,"href":"https:\/\/goias.gov.br\/saude\/wp-json\/wp\/v2\/posts\/729398\/revisions\/729413"}],"wp:featuredmedia":[{"embeddable":true,"href":"https:\/\/goias.gov.br\/saude\/wp-json\/wp\/v2\/media\/729408"}],"wp:attachment":[{"href":"https:\/\/goias.gov.br\/saude\/wp-json\/wp\/v2\/media?parent=729398"}],"wp:term":[{"taxonomy":"category","embeddable":true,"href":"https:\/\/goias.gov.br\/saude\/wp-json\/wp\/v2\/categories?post=729398"},{"taxonomy":"post_tag","embeddable":true,"href":"https:\/\/goias.gov.br\/saude\/wp-json\/wp\/v2\/tags?post=729398"}],"curies":[{"name":"wp","href":"https:\/\/api.w.org\/{rel}","templated":true}]}}