

{"id":729337,"date":"2026-03-13T10:15:28","date_gmt":"2026-03-13T13:15:28","guid":{"rendered":"https:\/\/goias.gov.br\/saude\/?p=729337"},"modified":"2026-03-13T10:19:00","modified_gmt":"2026-03-13T13:19:00","slug":"projeto-colo-que-acolhe-reune-maes-em-roda-de-conversa-no-hospital-estadual-de-aguas-lindas","status":"publish","type":"post","link":"https:\/\/goias.gov.br\/saude\/projeto-colo-que-acolhe-reune-maes-em-roda-de-conversa-no-hospital-estadual-de-aguas-lindas\/","title":{"rendered":"Projeto Colo que Acolhe re\u00fane m\u00e3es em roda de conversa no Hospital Estadual de \u00c1guas Lindas"},"content":{"rendered":"\n<p class=\"has-text-align-center\"><strong>A\u00e7\u00e3o do unidade do Governo de Goi\u00e1s no munic\u00edpio do Entorno do Distrito Federal cria espa\u00e7o de escuta, troca de experi\u00eancias e acolhimento \u00e0s fam\u00edlias de beb\u00eas na UTI Neonatal, Ucinco e Ucinca<\/strong><\/p>\n\n\n\n<figure class=\"wp-block-image size-full\"><img fetchpriority=\"high\" decoding=\"async\" width=\"1005\" height=\"660\" src=\"https:\/\/goias.gov.br\/saude\/wp-content\/uploads\/sites\/34\/2026\/03\/MaesNoHeal.jpeg\" alt=\"\" class=\"wp-image-729341\" srcset=\"https:\/\/goias.gov.br\/saude\/wp-content\/uploads\/sites\/34\/2026\/03\/MaesNoHeal.jpeg 1005w, https:\/\/goias.gov.br\/saude\/wp-content\/uploads\/sites\/34\/2026\/03\/MaesNoHeal-300x197.jpeg 300w, https:\/\/goias.gov.br\/saude\/wp-content\/uploads\/sites\/34\/2026\/03\/MaesNoHeal-768x504.jpeg 768w\" sizes=\"(max-width: 1005px) 100vw, 1005px\" \/><figcaption class=\"wp-element-caption\"><em>M\u00e3es de rec\u00e9m-nascidos do Heal trocam experi\u00eancias na roda de conversas na unidade <\/em><\/figcaption><\/figure>\n\n\n\n<p>O Hospital Estadual de \u00c1guas Lindas de Goi\u00e1s Ronaldo Ramos Caiado Filho (Heal) realizou, na quinta-feira (12\/3), uma roda de conversa com m\u00e3es e acompanhantes de rec\u00e9m-nascidos internados nas Unidades de Terapia Neonatal (UTI), de Cuidados Intermedi\u00e1rios Neonatal Convencional (Ucinco) e na de Cuidados Intermedi\u00e1rios Neonatal Canguru (Ucinca).<\/p>\n\n\n\n<p>Desenvolvida pela equipe de psicologia da unidade do Governo de Goi\u00e1s no munic\u00edpio do Entorno do Distrito Federal (DF), a atividade formada pelos profissionais Lilihana da Silva Pires, Lucas Souza Rocha e Kelson Batista dos Santos integra o Projeto Colo que Acolhe. <\/p>\n\n\n\n<p>A iniciativa visa promover um espa\u00e7o de acolhimento e di\u00e1logo, permitindo que m\u00e3es dos beb\u00eas internados compartilhem experi\u00eancias, sentimentos e desafios da maternidade no contexto da interna\u00e7\u00e3o. Elas vivenciaram momentos de escuta, troca e fortalecimento emocional, que contribuem para estimular o v\u00ednculo entre m\u00e3e e beb\u00ea, especialmente nesse per\u00edodo de inseguran\u00e7as e expectativas.<\/p>\n\n\n\n<p>A roda de conversa \u00e9 um desdobramento de a\u00e7\u00f5es que j\u00e1 acontecem regularmente no Alojamento Conjunto (Alcon), com abordagens educativas sobre o M\u00e9todo Canguru e a amamenta\u00e7\u00e3o humanizada. O projeto surgiu ap\u00f3s a participa\u00e7\u00e3o da equipe no Curso de Sensibiliza\u00e7\u00e3o para o M\u00e9todo Canguru, promovido pela Secretaria de Estado da Sa\u00fade de Goi\u00e1s (SES-GO).<\/p>\n\n\n\n<p><strong>Ambiente importante<\/strong><br>Segundo a psic\u00f3loga Lilihana da Silva Pires, a iniciativa cria um ambiente importante de apoio \u00e0s fam\u00edlias que vivenciam a interna\u00e7\u00e3o de um rec\u00e9m-nascido. \u201cA interna\u00e7\u00e3o de um rec\u00e9m-nascido costuma ser um momento delicado e cheio de inseguran\u00e7as. Criar um espa\u00e7o para que essas m\u00e3es possam falar, ser ouvidas e trocar experi\u00eancias ajuda a aliviar a ansiedade e fortalecer emocionalmente cada uma delas\u201d, disse.<\/p>\n\n\n\n<p>A condu\u00e7\u00e3o das atividades ocorre de forma integrada entre a psicologia e outros profissionais da equipe multiprofissional, sob coordena\u00e7\u00e3o do fonoaudi\u00f3logo respons\u00e1vel t\u00e9cnico Franklin Ferreira, fortalecendo as a\u00e7\u00f5es de humaniza\u00e7\u00e3o e o cuidado centrado na fam\u00edlia dentro da unidade.<\/p>\n\n\n\n<p>Para a coordenadora assistencial da unidade, Andr\u00e9ia Martins, iniciativas como essa refor\u00e7am o compromisso institucional com uma assist\u00eancia cada vez mais humanizada. \u201cO cuidado com o rec\u00e9m-nascido tamb\u00e9m passa pelo cuidado com a m\u00e3e e com a fam\u00edlia. Espa\u00e7os de acolhimento como essa roda de conversa s\u00e3o fundamentais para oferecer apoio emocional e fortalecer o v\u00ednculo entre m\u00e3es e beb\u00eas\u201d, afirmou.<\/p>\n\n\n\n<p>O encontro foi marcado por momentos de emo\u00e7\u00e3o, empatia e apoio m\u00fatuo entre as participantes, demonstrando a import\u00e2ncia de iniciativas que valorizam o acolhimento e o cuidado integral dentro do ambiente hospitalar.<\/p>\n\n\n\n<p>H\u00e9lmiton Prateado (texto e foto)\/HMTJ<\/p>\n","protected":false},"excerpt":{"rendered":"<p>A\u00e7\u00e3o do unidade do Governo de Goi\u00e1s no munic\u00edpio do Entorno do Distrito Federal cria espa\u00e7o de escuta, troca de experi\u00eancias e acolhimento \u00e0s fam\u00edlias de beb\u00eas na UTI Neonatal, Ucinco e Ucinca<\/p>\n","protected":false},"author":166,"featured_media":729341,"comment_status":"closed","ping_status":"open","sticky":false,"template":"","format":"standard","meta":{"footnotes":""},"categories":[3],"tags":[243],"class_list":["post-729337","post","type-post","status-publish","format-standard","has-post-thumbnail","hentry","category-noticias","tag-hospitais-estaduais"],"rttpg_featured_image_url":{"full":["https:\/\/goias.gov.br\/saude\/wp-content\/uploads\/sites\/34\/2026\/03\/MaesNoHeal.jpeg",1005,660,false],"landscape":["https:\/\/goias.gov.br\/saude\/wp-content\/uploads\/sites\/34\/2026\/03\/MaesNoHeal.jpeg",1005,660,false],"portraits":["https:\/\/goias.gov.br\/saude\/wp-content\/uploads\/sites\/34\/2026\/03\/MaesNoHeal.jpeg",1005,660,false],"thumbnail":["https:\/\/goias.gov.br\/saude\/wp-content\/uploads\/sites\/34\/2026\/03\/MaesNoHeal-150x150.jpeg",150,150,true],"medium":["https:\/\/goias.gov.br\/saude\/wp-content\/uploads\/sites\/34\/2026\/03\/MaesNoHeal-300x197.jpeg",300,197,true],"large":["https:\/\/goias.gov.br\/saude\/wp-content\/uploads\/sites\/34\/2026\/03\/MaesNoHeal.jpeg",1005,660,false],"1536x1536":["https:\/\/goias.gov.br\/saude\/wp-content\/uploads\/sites\/34\/2026\/03\/MaesNoHeal.jpeg",1005,660,false],"2048x2048":["https:\/\/goias.gov.br\/saude\/wp-content\/uploads\/sites\/34\/2026\/03\/MaesNoHeal.jpeg",1005,660,false]},"rttpg_author":{"display_name":"josegomes","author_link":"https:\/\/goias.gov.br\/saude\/author\/josegomes\/"},"rttpg_comment":0,"rttpg_category":"<a href=\"https:\/\/goias.gov.br\/saude\/categoria\/noticias\/\" rel=\"category tag\">Not\u00edcias<\/a>","rttpg_excerpt":"A\u00e7\u00e3o do unidade do Governo de Goi\u00e1s no munic\u00edpio do Entorno do Distrito Federal cria espa\u00e7o de escuta, troca de experi\u00eancias e acolhimento \u00e0s fam\u00edlias de beb\u00eas na UTI Neonatal, Ucinco e Ucinca","_links":{"self":[{"href":"https:\/\/goias.gov.br\/saude\/wp-json\/wp\/v2\/posts\/729337","targetHints":{"allow":["GET"]}}],"collection":[{"href":"https:\/\/goias.gov.br\/saude\/wp-json\/wp\/v2\/posts"}],"about":[{"href":"https:\/\/goias.gov.br\/saude\/wp-json\/wp\/v2\/types\/post"}],"author":[{"embeddable":true,"href":"https:\/\/goias.gov.br\/saude\/wp-json\/wp\/v2\/users\/166"}],"replies":[{"embeddable":true,"href":"https:\/\/goias.gov.br\/saude\/wp-json\/wp\/v2\/comments?post=729337"}],"version-history":[{"count":2,"href":"https:\/\/goias.gov.br\/saude\/wp-json\/wp\/v2\/posts\/729337\/revisions"}],"predecessor-version":[{"id":729343,"href":"https:\/\/goias.gov.br\/saude\/wp-json\/wp\/v2\/posts\/729337\/revisions\/729343"}],"wp:featuredmedia":[{"embeddable":true,"href":"https:\/\/goias.gov.br\/saude\/wp-json\/wp\/v2\/media\/729341"}],"wp:attachment":[{"href":"https:\/\/goias.gov.br\/saude\/wp-json\/wp\/v2\/media?parent=729337"}],"wp:term":[{"taxonomy":"category","embeddable":true,"href":"https:\/\/goias.gov.br\/saude\/wp-json\/wp\/v2\/categories?post=729337"},{"taxonomy":"post_tag","embeddable":true,"href":"https:\/\/goias.gov.br\/saude\/wp-json\/wp\/v2\/tags?post=729337"}],"curies":[{"name":"wp","href":"https:\/\/api.w.org\/{rel}","templated":true}]}}