

{"id":723932,"date":"2026-03-09T14:43:22","date_gmt":"2026-03-09T17:43:22","guid":{"rendered":"https:\/\/goias.gov.br\/saude\/?p=723932"},"modified":"2026-03-09T14:43:22","modified_gmt":"2026-03-09T17:43:22","slug":"extrato-do-1o-termo-aditivo-ao-contrato-n-o-29-2025-ses-go","status":"publish","type":"post","link":"https:\/\/goias.gov.br\/saude\/extrato-do-1o-termo-aditivo-ao-contrato-n-o-29-2025-ses-go\/","title":{"rendered":"Extrato do 1\u00ba Termo Aditivo ao Contrato n.\u00ba 29\/2025 \u2013 SES\/GO"},"content":{"rendered":"\n<p>EXTRATO DO 1\u00ba TERMO ADITIVO AO CONTRATO N\u00ba 29\/2025-SES\/GO. Processo n\u00ba: 202400005028820. \u00a0Contrata\u00e7\u00e3o SISLOG:108276.Objeto: O presente termo aditivo tem por objetos:1-A primeira prorroga\u00e7\u00e3o do prazo de vig\u00eancia do Contrato n\u00ba 29\/2025-SES\/GO; e 2-Resguardar o direito ao futuro reajuste. Contratada: Centro de Integra\u00e7\u00e3o Empresa Escola\u00a0&#8211; CIEE. Valor do Aditivo: \u00a0R$\u00a013.680,00. Dota\u00e7\u00e3o Or\u00e7ament\u00e1ria: 2850.10.122.4200.4243.03.15000100.90. Vig\u00eancia: In\u00edcio em \u00a008 de julho de 2026\u00a0e t\u00e9rmino em\u00a008 de julho de 2029. Data da assinatura: 09\/03\/2026 Signat\u00e1rios. Ras\u00edvel dos Reis Santos J\u00fanior \u2013 Secret\u00e1rio de Estado da Sa\u00fade. Rodrigo Miglio Nader \u2013 Centro de Integra\u00e7\u00e3o Empresa Escola\u00a0&#8211; CIEE.<\/p>\n","protected":false},"excerpt":{"rendered":"<p>EXTRATO DO 1\u00ba TERMO ADITIVO AO CONTRATO N\u00ba 29\/2025-SES\/GO. Processo n\u00ba: 202400005028820. \u00a0Contrata\u00e7\u00e3o SISLOG:108276.Objeto: O presente termo aditivo tem por objetos:1-A primeira prorroga\u00e7\u00e3o do prazo de vig\u00eancia do Contrato n\u00ba 29\/2025-SES\/GO; e 2-Resguardar o direito ao futuro reajuste. Contratada: Centro de Integra\u00e7\u00e3o Empresa Escola\u00a0&#8211; CIEE. Valor do Aditivo: \u00a0R$\u00a013.680,00. Dota\u00e7\u00e3o Or\u00e7ament\u00e1ria: 2850.10.122.4200.4243.03.15000100.90. Vig\u00eancia: In\u00edcio em [&hellip;]<\/p>\n","protected":false},"author":165,"featured_media":0,"comment_status":"closed","ping_status":"open","sticky":false,"template":"","format":"standard","meta":{"footnotes":""},"categories":[499],"tags":[],"class_list":["post-723932","post","type-post","status-publish","format-standard","hentry","category-contratos-e-termos-aditivos-2026"],"rttpg_featured_image_url":null,"rttpg_author":{"display_name":"ricardocruz","author_link":"https:\/\/goias.gov.br\/saude\/author\/ricardocruz\/"},"rttpg_comment":0,"rttpg_category":"<a href=\"https:\/\/goias.gov.br\/saude\/categoria\/prestacao-de-contas\/licitacoes\/contratos-e-termos-aditivos-2026\/\" rel=\"category tag\">Contratos e Termos Aditivos 2026<\/a>","rttpg_excerpt":"EXTRATO DO 1\u00ba TERMO ADITIVO AO CONTRATO N\u00ba 29\/2025-SES\/GO. Processo n\u00ba: 202400005028820. \u00a0Contrata\u00e7\u00e3o SISLOG:108276.Objeto: O presente termo aditivo tem por objetos:1-A primeira prorroga\u00e7\u00e3o do prazo de vig\u00eancia do Contrato n\u00ba 29\/2025-SES\/GO; e 2-Resguardar o direito ao futuro reajuste. Contratada: Centro de Integra\u00e7\u00e3o Empresa Escola\u00a0&#8211; CIEE. Valor do Aditivo: \u00a0R$\u00a013.680,00. Dota\u00e7\u00e3o Or\u00e7ament\u00e1ria: 2850.10.122.4200.4243.03.15000100.90. Vig\u00eancia: In\u00edcio em&hellip;","_links":{"self":[{"href":"https:\/\/goias.gov.br\/saude\/wp-json\/wp\/v2\/posts\/723932","targetHints":{"allow":["GET"]}}],"collection":[{"href":"https:\/\/goias.gov.br\/saude\/wp-json\/wp\/v2\/posts"}],"about":[{"href":"https:\/\/goias.gov.br\/saude\/wp-json\/wp\/v2\/types\/post"}],"author":[{"embeddable":true,"href":"https:\/\/goias.gov.br\/saude\/wp-json\/wp\/v2\/users\/165"}],"replies":[{"embeddable":true,"href":"https:\/\/goias.gov.br\/saude\/wp-json\/wp\/v2\/comments?post=723932"}],"version-history":[{"count":1,"href":"https:\/\/goias.gov.br\/saude\/wp-json\/wp\/v2\/posts\/723932\/revisions"}],"predecessor-version":[{"id":723950,"href":"https:\/\/goias.gov.br\/saude\/wp-json\/wp\/v2\/posts\/723932\/revisions\/723950"}],"wp:attachment":[{"href":"https:\/\/goias.gov.br\/saude\/wp-json\/wp\/v2\/media?parent=723932"}],"wp:term":[{"taxonomy":"category","embeddable":true,"href":"https:\/\/goias.gov.br\/saude\/wp-json\/wp\/v2\/categories?post=723932"},{"taxonomy":"post_tag","embeddable":true,"href":"https:\/\/goias.gov.br\/saude\/wp-json\/wp\/v2\/tags?post=723932"}],"curies":[{"name":"wp","href":"https:\/\/api.w.org\/{rel}","templated":true}]}}