

{"id":722535,"date":"2026-03-08T16:32:55","date_gmt":"2026-03-08T19:32:55","guid":{"rendered":"https:\/\/goias.gov.br\/saude\/?p=722535"},"modified":"2026-03-08T16:32:55","modified_gmt":"2026-03-08T19:32:55","slug":"goias-promove-acoes-de-prevencao-e-diagnostico-na-semana-mundial-do-rim","status":"publish","type":"post","link":"https:\/\/goias.gov.br\/saude\/goias-promove-acoes-de-prevencao-e-diagnostico-na-semana-mundial-do-rim\/","title":{"rendered":"Goi\u00e1s promove a\u00e7\u00f5es de preven\u00e7\u00e3o e diagn\u00f3stico na Semana Mundial do Rim"},"content":{"rendered":"\n<p class=\"has-text-align-center\"><strong>Com exames gratuitos, orienta\u00e7\u00f5es de sa\u00fade e simp\u00f3sio estadual, mobiliza\u00e7\u00e3o refor\u00e7a diagn\u00f3stico precoce da Doen\u00e7a Renal Cr\u00f4nica e o fortalecimento da rede de cuidado no SUS<\/strong><\/p>\n\n\n\n<!--more-->\n\n\n<div class=\"wp-block-image\">\n<figure class=\"aligncenter size-full\"><img fetchpriority=\"high\" decoding=\"async\" width=\"768\" height=\"512\" src=\"https:\/\/goias.gov.br\/saude\/wp-content\/uploads\/sites\/34\/2026\/03\/Semana-do-Rim_SES.jpg\" alt=\"\" class=\"wp-image-722571\" srcset=\"https:\/\/goias.gov.br\/saude\/wp-content\/uploads\/sites\/34\/2026\/03\/Semana-do-Rim_SES.jpg 768w, https:\/\/goias.gov.br\/saude\/wp-content\/uploads\/sites\/34\/2026\/03\/Semana-do-Rim_SES-300x200.jpg 300w\" sizes=\"(max-width: 768px) 100vw, 768px\" \/><figcaption class=\"wp-element-caption\"><em>Goi\u00e1s intensifica mobiliza\u00e7\u00e3o da Semana Mundial do Rim com a\u00e7\u00f5es de preven\u00e7\u00e3o, diagn\u00f3stico precoce e fortalecimento da rede de cuidado \u00e0 Doen\u00e7a Renal Cr\u00f4nica<\/em><\/figcaption><\/figure>\n<\/div>\n\n\n<p>O Governo de Goi\u00e1s, por meio da Secretaria de Estado da Sa\u00fade (SES-GO), promove uma s\u00e9rie de a\u00e7\u00f5es na Semana Mundial do Rim, celebrada neste ano entre os dias 9 e 14 de mar\u00e7o, para alertar a popula\u00e7\u00e3o sobre a import\u00e2ncia da preven\u00e7\u00e3o e do diagn\u00f3stico precoce da Doen\u00e7a Renal Cr\u00f4nica (DRC). A programa\u00e7\u00e3o inclui atendimento gratuito \u00e0 popula\u00e7\u00e3o, exames de triagem, orienta\u00e7\u00f5es de sa\u00fade e um simp\u00f3sio estadual voltado a profissionais e gestores da rede p\u00fablica.<\/p>\n\n\n\n<p>Entre as atividades est\u00e1 uma a\u00e7\u00e3o de sa\u00fade voltada a trabalhadores e visitantes da Centrais de Abastecimento de Goi\u00e1s (Ceasa), em Goi\u00e2nia, no dia 10\/3, das 9h \u00e0s 12h. Durante a iniciativa ser\u00e3o oferecidos gratuitamente exames de creatinina, aferi\u00e7\u00e3o de press\u00e3o arterial, teste de glicemia, testagem para Infec\u00e7\u00f5es Sexualmente Transmiss\u00edveis (ISTs), auriculoterapia e orienta\u00e7\u00f5es de sa\u00fade. O objetivo \u00e9 ampliar o acesso \u00e0 informa\u00e7\u00e3o e incentivar a realiza\u00e7\u00e3o de exames simples que podem identificar precocemente altera\u00e7\u00f5es na fun\u00e7\u00e3o renal.<\/p>\n\n\n\n<p>A programa\u00e7\u00e3o tamb\u00e9m inclui o II Simp\u00f3sio de Nefrologia do Estado de Goi\u00e1s, que ser\u00e1 realizado no dia 11\/3, na Escola de Sa\u00fade P\u00fablica de Goi\u00e1s. O encontro reunir\u00e1 gestores estaduais e municipais, profissionais da rede de terapia renal substitutiva e representantes das Regionais de Sa\u00fade para discutir estrat\u00e9gias de fortalecimento da Rede de Aten\u00e7\u00e3o \u00e0 Sa\u00fade da Pessoa com Doen\u00e7a Renal Cr\u00f4nica.<\/p>\n\n\n\n<p>O simp\u00f3sio ter\u00e1 como foco a organiza\u00e7\u00e3o da terapia renal substitutiva no estado \u2013 que inclui hemodi\u00e1lise e di\u00e1lise peritoneal \u2013, al\u00e9m de debater a amplia\u00e7\u00e3o do acesso aos servi\u00e7os, a descentraliza\u00e7\u00e3o da assist\u00eancia e a sustentabilidade dos tratamentos.<\/p>\n\n\n\n<p><strong>Dados em Goi\u00e1s<\/strong><br>Atualmente, Goi\u00e1s conta com 4.321 pacientes em hemodi\u00e1lise e 61 em di\u00e1lise peritoneal, totalizando 4.382 pessoas em terapia renal substitutiva pelo Sistema \u00danico de Sa\u00fade (SUS) no estado.<\/p>\n\n\n\n<p>A superintendente de Pol\u00edticas e Aten\u00e7\u00e3o \u00e0 Sa\u00fade da SES-GO, Amanda Melo, destaca que a mobiliza\u00e7\u00e3o busca ampliar a conscientiza\u00e7\u00e3o sobre a doen\u00e7a. \u201cA Doen\u00e7a Renal Cr\u00f4nica \u00e9 silenciosa e, muitas vezes, s\u00f3 \u00e9 descoberta quando j\u00e1 est\u00e1 em est\u00e1gio avan\u00e7ado. Por isso, refor\u00e7amos a import\u00e2ncia de exames simples, como creatinina e an\u00e1lise de urina, especialmente para quem tem fatores de risco. Nosso compromisso \u00e9 ampliar o acesso ao diagn\u00f3stico precoce, fortalecer a rede de cuidado e garantir assist\u00eancia integral aos pacientes renais em Goi\u00e1s.\u201d<\/p>\n\n\n\n<p>A Doen\u00e7a Renal Cr\u00f4nica \u00e9 considerada um dos principais desafios de sa\u00fade p\u00fablica no mundo, afetando cerca de uma em cada dez pessoas. Na fase inicial, geralmente n\u00e3o apresenta sintomas e costuma ser identificada apenas por meio de exames laboratoriais de rotina, como a dosagem de creatinina e a an\u00e1lise de urina. Pessoas com diabetes, hipertens\u00e3o, doen\u00e7as cardiovasculares, obesidade ou hist\u00f3rico familiar de doen\u00e7a renal fazem parte do grupo de maior risco e devem realizar acompanhamento regular.<\/p>\n\n\n\n<p>Neste ano, a Semana Mundial do Rim traz o tema \u201cSa\u00fade Renal para Todos: Cuidando das Pessoas, Protegendo o Planeta\u201d, ampliando o debate sobre os impactos das mudan\u00e7as ambientais na sa\u00fade e a necessidade de sistemas de sa\u00fade mais sustent\u00e1veis.<\/p>\n\n\n\n<p>Foto: SES<br><strong>Secretaria de Estado da Sa\u00fade \u2013 Governo de Goi\u00e1s<\/strong><\/p>\n","protected":false},"excerpt":{"rendered":"<p>Com exames gratuitos, orienta\u00e7\u00f5es de sa\u00fade e simp\u00f3sio estadual, mobiliza\u00e7\u00e3o refor\u00e7a diagn\u00f3stico precoce da Doen\u00e7a Renal Cr\u00f4nica e o fortalecimento da rede de cuidado no SUS<\/p>\n","protected":false},"author":164,"featured_media":722571,"comment_status":"closed","ping_status":"open","sticky":false,"template":"","format":"standard","meta":{"footnotes":""},"categories":[3],"tags":[251],"class_list":["post-722535","post","type-post","status-publish","format-standard","has-post-thumbnail","hentry","category-noticias","tag-atencao-a-saude"],"rttpg_featured_image_url":{"full":["https:\/\/goias.gov.br\/saude\/wp-content\/uploads\/sites\/34\/2026\/03\/Semana-do-Rim_SES.jpg",768,512,false],"landscape":["https:\/\/goias.gov.br\/saude\/wp-content\/uploads\/sites\/34\/2026\/03\/Semana-do-Rim_SES.jpg",768,512,false],"portraits":["https:\/\/goias.gov.br\/saude\/wp-content\/uploads\/sites\/34\/2026\/03\/Semana-do-Rim_SES.jpg",768,512,false],"thumbnail":["https:\/\/goias.gov.br\/saude\/wp-content\/uploads\/sites\/34\/2026\/03\/Semana-do-Rim_SES-150x150.jpg",150,150,true],"medium":["https:\/\/goias.gov.br\/saude\/wp-content\/uploads\/sites\/34\/2026\/03\/Semana-do-Rim_SES-300x200.jpg",300,200,true],"large":["https:\/\/goias.gov.br\/saude\/wp-content\/uploads\/sites\/34\/2026\/03\/Semana-do-Rim_SES.jpg",768,512,false],"1536x1536":["https:\/\/goias.gov.br\/saude\/wp-content\/uploads\/sites\/34\/2026\/03\/Semana-do-Rim_SES.jpg",768,512,false],"2048x2048":["https:\/\/goias.gov.br\/saude\/wp-content\/uploads\/sites\/34\/2026\/03\/Semana-do-Rim_SES.jpg",768,512,false]},"rttpg_author":{"display_name":"isabelamelo","author_link":"https:\/\/goias.gov.br\/saude\/author\/isabelamelo\/"},"rttpg_comment":0,"rttpg_category":"<a href=\"https:\/\/goias.gov.br\/saude\/categoria\/noticias\/\" rel=\"category tag\">Not\u00edcias<\/a>","rttpg_excerpt":"Com exames gratuitos, orienta\u00e7\u00f5es de sa\u00fade e simp\u00f3sio estadual, mobiliza\u00e7\u00e3o refor\u00e7a diagn\u00f3stico precoce da Doen\u00e7a Renal Cr\u00f4nica e o fortalecimento da rede de cuidado no SUS","_links":{"self":[{"href":"https:\/\/goias.gov.br\/saude\/wp-json\/wp\/v2\/posts\/722535","targetHints":{"allow":["GET"]}}],"collection":[{"href":"https:\/\/goias.gov.br\/saude\/wp-json\/wp\/v2\/posts"}],"about":[{"href":"https:\/\/goias.gov.br\/saude\/wp-json\/wp\/v2\/types\/post"}],"author":[{"embeddable":true,"href":"https:\/\/goias.gov.br\/saude\/wp-json\/wp\/v2\/users\/164"}],"replies":[{"embeddable":true,"href":"https:\/\/goias.gov.br\/saude\/wp-json\/wp\/v2\/comments?post=722535"}],"version-history":[{"count":2,"href":"https:\/\/goias.gov.br\/saude\/wp-json\/wp\/v2\/posts\/722535\/revisions"}],"predecessor-version":[{"id":722614,"href":"https:\/\/goias.gov.br\/saude\/wp-json\/wp\/v2\/posts\/722535\/revisions\/722614"}],"wp:featuredmedia":[{"embeddable":true,"href":"https:\/\/goias.gov.br\/saude\/wp-json\/wp\/v2\/media\/722571"}],"wp:attachment":[{"href":"https:\/\/goias.gov.br\/saude\/wp-json\/wp\/v2\/media?parent=722535"}],"wp:term":[{"taxonomy":"category","embeddable":true,"href":"https:\/\/goias.gov.br\/saude\/wp-json\/wp\/v2\/categories?post=722535"},{"taxonomy":"post_tag","embeddable":true,"href":"https:\/\/goias.gov.br\/saude\/wp-json\/wp\/v2\/tags?post=722535"}],"curies":[{"name":"wp","href":"https:\/\/api.w.org\/{rel}","templated":true}]}}