

{"id":722425,"date":"2026-03-06T17:54:23","date_gmt":"2026-03-06T20:54:23","guid":{"rendered":"https:\/\/goias.gov.br\/saude\/?p=722425"},"modified":"2026-03-07T10:58:30","modified_gmt":"2026-03-07T13:58:30","slug":"hds-promove-reencontro-virtual-entre-mae-e-filha-em-acao-de-humanizacao","status":"publish","type":"post","link":"https:\/\/goias.gov.br\/saude\/hds-promove-reencontro-virtual-entre-mae-e-filha-em-acao-de-humanizacao\/","title":{"rendered":"HDS promove reencontro virtual entre m\u00e3e e filha em a\u00e7\u00e3o de humaniza\u00e7\u00e3o"},"content":{"rendered":"\n<p class=\"has-text-align-center\"><strong>Aos 81 anos, em cuidados paliativos, Maria Ilza Correa viveu um reencontro emocionante durante chamada de v\u00eddeo com a filha que mora em Fortaleza<\/strong><\/p>\n\n\n\n<!--more-->\n\n\n\n<figure class=\"wp-block-image size-large\"><img fetchpriority=\"high\" decoding=\"async\" width=\"1024\" height=\"683\" src=\"https:\/\/goias.gov.br\/saude\/wp-content\/uploads\/sites\/34\/2026\/03\/HDS-Humanizacao-1024x683.jpg\" alt=\"\" class=\"wp-image-722426\" srcset=\"https:\/\/goias.gov.br\/saude\/wp-content\/uploads\/sites\/34\/2026\/03\/HDS-Humanizacao-1024x683.jpg 1024w, https:\/\/goias.gov.br\/saude\/wp-content\/uploads\/sites\/34\/2026\/03\/HDS-Humanizacao-300x200.jpg 300w, https:\/\/goias.gov.br\/saude\/wp-content\/uploads\/sites\/34\/2026\/03\/HDS-Humanizacao-768x512.jpg 768w, https:\/\/goias.gov.br\/saude\/wp-content\/uploads\/sites\/34\/2026\/03\/HDS-Humanizacao-1536x1024.jpg 1536w, https:\/\/goias.gov.br\/saude\/wp-content\/uploads\/sites\/34\/2026\/03\/HDS-Humanizacao-2048x1365.jpg 2048w\" sizes=\"(max-width: 1024px) 100vw, 1024px\" \/><figcaption class=\"wp-element-caption\"><em>Maria Ilza Corr\u00eaa, de 81 anos, conversa com a filha Sandra Corr\u00eaa por chamada de v\u00eddeo&nbsp;<\/em><\/figcaption><\/figure>\n\n\n\n<p>A tela do tablet iluminou o quarto e, por alguns segundos, o sil\u00eancio tomou conta do ambiente. Do outro lado da chamada, a voz de uma filha atravessava quil\u00f4metros at\u00e9 chegar ao leito onde a m\u00e3e, Maria Ilza Corr\u00eaa, de 81 anos, est\u00e1 internada e em cuidados paliativos. \u201cOi, m\u00e3ezinha\u201d, disse Sandra Corr\u00eaa Rosa. Maria Ilza sorriu ao reconhecer a filha, que reside no estado do Cear\u00e1. O encontro aconteceu por meio da tecnologia, mas carregava o peso e o afeto de um abra\u00e7o esperado.<\/p>\n\n\n\n<p>A iniciativa partiu da equipe assistencial do Hospital Estadual de Dermatologia Sanit\u00e1ria Col\u00f4nia Santa Marta (HDS), que organizou uma a\u00e7\u00e3o de humaniza\u00e7\u00e3o aproveitando o m\u00eas dedicado \u00e0s mulheres. \u201cA proposta era simples e poderosa: reconhecer a for\u00e7a de uma m\u00e3e e permitir que ela pudesse ver e ouvir a filha que mora em outro estado\u201d, destacou a psic\u00f3loga Vanusl\u00e2ndia Loiola.<\/p>\n\n\n\n<p>A paciente est\u00e1 acamada desde uma queda que resultou em fratura do f\u00eamur h\u00e1 quatro meses. A interna\u00e7\u00e3o no HDS ocorre para uso de antibi\u00f3tico, tratamento de les\u00e3o por press\u00e3o e orienta\u00e7\u00e3o da fam\u00edlia para os cuidados que ser\u00e3o mantidos em casa. Situa\u00e7\u00f5es como essa fazem parte da rotina de muitos pacientes idosos no sistema p\u00fablico de sa\u00fade, que enfrentam per\u00edodos prolongados de tratamento e dependem da rede familiar e da assist\u00eancia multiprofissional para garantir dignidade no processo de cuidado.<\/p>\n\n\n\n<p>Entre uma conversa e outra na chamada de v\u00eddeo, surgiram lembran\u00e7as que ajudam a contar quem \u00e9 Maria Ilza. Uma mulher apaixonada por animais, especialmente gatos e cachorros. Algu\u00e9m que sempre estendeu a m\u00e3o a quem precisava, muitas vezes ajudando pessoas em situa\u00e7\u00e3o de rua. Hist\u00f3rias assim revelam uma vida constru\u00edda na solidariedade e na presen\u00e7a constante junto \u00e0 comunidade.<\/p>\n\n\n\n<p>\u201cEu quero agradecer pelo atendimento humanizado com que voc\u00eas, profissionais do HDS, cuidam da minha m\u00e3e. Amor ao pr\u00f3ximo, respeito e dedica\u00e7\u00e3o com o paciente e familiares. Em especial, esse reencontro que a psicologia me proporcionou ao poder ver minha m\u00e3e por v\u00eddeo. Foi emocionante. Que Deus aben\u00e7oe voc\u00eas grandemente.\u201d<\/p>\n\n\n\n<p>A psic\u00f3loga Vanusl\u00e2ndia explica que, no ambiente hospitalar, a\u00e7\u00f5es de humaniza\u00e7\u00e3o como essa lembram que o cuidado vai al\u00e9m dos procedimentos cl\u00ednicos. Em meio a antibi\u00f3ticos, curativos e orienta\u00e7\u00f5es m\u00e9dicas, existe tamb\u00e9m a necessidade de preservar v\u00ednculos e afetos. A chamada de v\u00eddeo n\u00e3o mudou o diagn\u00f3stico, mas transformou o dia de uma m\u00e3e e filha.<\/p>\n\n\n\n<p>Quando a liga\u00e7\u00e3o terminou, o quarto voltou ao ritmo silencioso da enfermaria. Ainda assim, algo havia mudado. Por alguns minutos, a dist\u00e2ncia entre Goi\u00e2nia e Fortaleza deixou de existir. E no rosto de Maria Ilza ficou a express\u00e3o tranquila de quem teve a chance de reencontrar, mesmo que pela tela, uma parte essencial da pr\u00f3pria vida.<\/p>\n\n\n\n<p>Naicl\u00e9a Luzia (texto e foto) \/ Agir<\/p>\n","protected":false},"excerpt":{"rendered":"<p>Aos 81 anos, em cuidados paliativos, Maria Ilza Correa viveu um reencontro emocionante durante chamada de v\u00eddeo com a filha que mora em Fortaleza<\/p>\n","protected":false},"author":24,"featured_media":722427,"comment_status":"closed","ping_status":"open","sticky":false,"template":"","format":"standard","meta":{"footnotes":""},"categories":[3],"tags":[243],"class_list":["post-722425","post","type-post","status-publish","format-standard","has-post-thumbnail","hentry","category-noticias","tag-hospitais-estaduais"],"rttpg_featured_image_url":{"full":["https:\/\/goias.gov.br\/saude\/wp-content\/uploads\/sites\/34\/2026\/03\/HDS-Humanizacao-1.jpg",6000,4000,false],"landscape":["https:\/\/goias.gov.br\/saude\/wp-content\/uploads\/sites\/34\/2026\/03\/HDS-Humanizacao-1.jpg",6000,4000,false],"portraits":["https:\/\/goias.gov.br\/saude\/wp-content\/uploads\/sites\/34\/2026\/03\/HDS-Humanizacao-1.jpg",6000,4000,false],"thumbnail":["https:\/\/goias.gov.br\/saude\/wp-content\/uploads\/sites\/34\/2026\/03\/HDS-Humanizacao-1-150x150.jpg",150,150,true],"medium":["https:\/\/goias.gov.br\/saude\/wp-content\/uploads\/sites\/34\/2026\/03\/HDS-Humanizacao-1-300x200.jpg",300,200,true],"large":["https:\/\/goias.gov.br\/saude\/wp-content\/uploads\/sites\/34\/2026\/03\/HDS-Humanizacao-1-1024x683.jpg",1024,683,true],"1536x1536":["https:\/\/goias.gov.br\/saude\/wp-content\/uploads\/sites\/34\/2026\/03\/HDS-Humanizacao-1-1536x1024.jpg",1536,1024,true],"2048x2048":["https:\/\/goias.gov.br\/saude\/wp-content\/uploads\/sites\/34\/2026\/03\/HDS-Humanizacao-1-2048x1365.jpg",2048,1365,true]},"rttpg_author":{"display_name":"karinesantos","author_link":"https:\/\/goias.gov.br\/saude\/author\/karinesantos\/"},"rttpg_comment":0,"rttpg_category":"<a href=\"https:\/\/goias.gov.br\/saude\/categoria\/noticias\/\" rel=\"category tag\">Not\u00edcias<\/a>","rttpg_excerpt":"Aos 81 anos, em cuidados paliativos, Maria Ilza Correa viveu um reencontro emocionante durante chamada de v\u00eddeo com a filha que mora em Fortaleza","_links":{"self":[{"href":"https:\/\/goias.gov.br\/saude\/wp-json\/wp\/v2\/posts\/722425","targetHints":{"allow":["GET"]}}],"collection":[{"href":"https:\/\/goias.gov.br\/saude\/wp-json\/wp\/v2\/posts"}],"about":[{"href":"https:\/\/goias.gov.br\/saude\/wp-json\/wp\/v2\/types\/post"}],"author":[{"embeddable":true,"href":"https:\/\/goias.gov.br\/saude\/wp-json\/wp\/v2\/users\/24"}],"replies":[{"embeddable":true,"href":"https:\/\/goias.gov.br\/saude\/wp-json\/wp\/v2\/comments?post=722425"}],"version-history":[{"count":2,"href":"https:\/\/goias.gov.br\/saude\/wp-json\/wp\/v2\/posts\/722425\/revisions"}],"predecessor-version":[{"id":722492,"href":"https:\/\/goias.gov.br\/saude\/wp-json\/wp\/v2\/posts\/722425\/revisions\/722492"}],"wp:featuredmedia":[{"embeddable":true,"href":"https:\/\/goias.gov.br\/saude\/wp-json\/wp\/v2\/media\/722427"}],"wp:attachment":[{"href":"https:\/\/goias.gov.br\/saude\/wp-json\/wp\/v2\/media?parent=722425"}],"wp:term":[{"taxonomy":"category","embeddable":true,"href":"https:\/\/goias.gov.br\/saude\/wp-json\/wp\/v2\/categories?post=722425"},{"taxonomy":"post_tag","embeddable":true,"href":"https:\/\/goias.gov.br\/saude\/wp-json\/wp\/v2\/tags?post=722425"}],"curies":[{"name":"wp","href":"https:\/\/api.w.org\/{rel}","templated":true}]}}