

{"id":721760,"date":"2026-03-06T08:23:40","date_gmt":"2026-03-06T11:23:40","guid":{"rendered":"https:\/\/goias.gov.br\/saude\/?p=721760"},"modified":"2026-03-06T08:23:58","modified_gmt":"2026-03-06T11:23:58","slug":"novos-residentes-medicos-e-multiprofissionais-iniciam-programa-de-residencia-e-fellowship-no-crer","status":"publish","type":"post","link":"https:\/\/goias.gov.br\/saude\/novos-residentes-medicos-e-multiprofissionais-iniciam-programa-de-residencia-e-fellowship-no-crer\/","title":{"rendered":"Novos residentes m\u00e9dicos e multiprofissionais iniciam programa de resid\u00eancia e &#8216;fellowship&#8217; no Crer"},"content":{"rendered":"\n<p class=\"has-text-align-center\"><strong>Acolhimento, realizado no audit\u00f3rio do hospital, marca in\u00edcio da forma\u00e7\u00e3o de novos profissionais na unidade do Governo de Goi\u00e1s que \u00e9 refer\u00eancia em reabilita\u00e7\u00e3o no Estado<\/strong><\/p>\n\n\n\n<!--more-->\n\n\n\n<figure class=\"wp-block-image size-full\"><img fetchpriority=\"high\" decoding=\"async\" width=\"1015\" height=\"637\" src=\"https:\/\/goias.gov.br\/saude\/wp-content\/uploads\/sites\/34\/2026\/03\/ResidentesCrer.jpeg\" alt=\"\" class=\"wp-image-721762\" srcset=\"https:\/\/goias.gov.br\/saude\/wp-content\/uploads\/sites\/34\/2026\/03\/ResidentesCrer.jpeg 1015w, https:\/\/goias.gov.br\/saude\/wp-content\/uploads\/sites\/34\/2026\/03\/ResidentesCrer-300x188.jpeg 300w, https:\/\/goias.gov.br\/saude\/wp-content\/uploads\/sites\/34\/2026\/03\/ResidentesCrer-768x482.jpeg 768w\" sizes=\"(max-width: 1015px) 100vw, 1015px\" \/><figcaption class=\"wp-element-caption\"><em>Novos residentes das \u00e1reas de enfermagem e medicina durante recep\u00e7\u00e3o no audit\u00f3rio do Crer<\/em><\/figcaption><\/figure>\n\n\n\n<p>O Centro Estadual de Reabilita\u00e7\u00e3o e Readapta\u00e7\u00e3o Dr. Henrique Santillo \u2013 Crer realizou o acolhimento dos novos residentes m\u00e9dicos e multiprofissionais que passam a integrar os programas de ensino da unidade. O encontro foi realizado no audit\u00f3rio do hospital e marcou o in\u00edcio da jornada de forma\u00e7\u00e3o dos profissionais que atuar\u00e3o diretamente na assist\u00eancia aos pacientes do Sistema \u00danico de Sa\u00fade (SUS).<\/p>\n\n\n\n<p>Durante a recep\u00e7\u00e3o institucional, os residentes participaram de apresenta\u00e7\u00f5es conduzidas pela diretoria e pelas equipes t\u00e9cnicas da unidade. Na programa\u00e7\u00e3o, foram abordados temas relacionados \u00e0 cultura organizacional, fluxos assistenciais, protocolos institucionais, prontu\u00e1rio eletr\u00f4nico, al\u00e9m de orienta\u00e7\u00f5es sobre sa\u00fade e seguran\u00e7a do trabalhador.<\/p>\n\n\n\n<p>Os participantes tamb\u00e9m conheceram a estrutura dos programas conduzidos pela Coordena\u00e7\u00e3o de Resid\u00eancia M\u00e9dica (Coreme) e pela Coordena\u00e7\u00e3o de Resid\u00eancia Multiprofissional (Coremu), respons\u00e1veis pelo acompanhamento acad\u00eamico e assistencial dos residentes ao longo da forma\u00e7\u00e3o.<\/p>\n\n\n\n<p>Neste ciclo, o Crer recebe 14 residentes multiprofissionais, distribu\u00eddos entre as \u00e1reas de enfermagem, farm\u00e1cia, fisioterapia, nutri\u00e7\u00e3o, odontologia, psicologia e terapia ocupacional. Tamb\u00e9m iniciam a forma\u00e7\u00e3o 10 residentes m\u00e9dicos, nas especialidades de anestesiologia, fisiatria, otorrinolaringologia e radiologia.<\/p>\n\n\n\n<p><strong>M\u00e9dicos &#8216;fellows&#8217;<\/strong><br>Al\u00e9m das resid\u00eancias, a unidade tamb\u00e9m recebe nove m\u00e9dicos fellows, que realizar\u00e3o aperfei\u00e7oamento nas \u00e1reas de radiologia e diagn\u00f3stico por imagem: medicina interna, musculoesquel\u00e9tica e neurorradiologia, ortopedia: cirurgia de quadril, cirurgia de joelho e cirurgia de coluna.<\/p>\n\n\n\n<p>Unidade do Governo de Goi\u00e1s, o Crer desenvolve diferentes iniciativas voltadas \u00e0 forma\u00e7\u00e3o e qualifica\u00e7\u00e3o de profissionais da sa\u00fade. Atualmente, a unidade conta com programas de resid\u00eancia m\u00e9dica e multiprofissional, al\u00e9m de cursos de aperfei\u00e7oamento, est\u00e1gios e atividades de pesquisa.<\/p>\n\n\n\n<p>A supervisora de Ensino e Pesquisa do Crer, Aline Rosa, destaca que o acolhimento dos novos residentes tamb\u00e9m representa o in\u00edcio de uma trajet\u00f3ria de crescimento profissional e pessoal. \u201cCada residente que chega traz consigo expectativas, sonhos e o desejo de aprender. Nosso papel \u00e9 oferecer um ambiente de forma\u00e7\u00e3o que estimule o conhecimento, o trabalho em equipe e o cuidado humanizado, preparando esses profissionais para atuar com excel\u00eancia na sa\u00fade p\u00fablica\u201d, ressalta.<\/p>\n\n\n\n<p>Para a residente de psicologia Isabelly Maria Ferr\u00e3o, iniciar a forma\u00e7\u00e3o no Crer representa a realiza\u00e7\u00e3o de um sonho profissional. \u201cSempre quis fazer resid\u00eancia e, desde que conheci o Crer, tive certeza de que queria estar aqui&#8221;, afirmou a residente.<\/p>\n\n\n\n<p><strong>Valor simb\u00f3lico<br><\/strong>&#8220;Participei de quatro processos seletivos e fui aprovada em todos, mas escolhi o Crer porque a reabilita\u00e7\u00e3o tem um significado muito especial para mim. Al\u00e9m disso, h\u00e1 um valor simb\u00f3lico muito forte neste lugar, que antes abrigava um hospital psiqui\u00e1trico e hoje representa acolhimento e cuidado. Fazer parte dessa hist\u00f3ria \u00e9 uma conquista muito grande\u201d, destacou, ainda, Isabelly.<\/p>\n\n\n\n<p>A presen\u00e7a dos residentes fortalece a integra\u00e7\u00e3o entre ensino, assist\u00eancia e pesquisa dentro da institui\u00e7\u00e3o. A forma\u00e7\u00e3o ocorre em ambiente multiprofissional, permitindo que os profissionais atuem de forma colaborativa no cuidado aos pacientes em processo de reabilita\u00e7\u00e3o.<\/p>\n\n\n\n<p>Juliana Saran (texto e foto)\/Agir<\/p>\n","protected":false},"excerpt":{"rendered":"<p>Acolhimento, realizado no audit\u00f3rio do hospital, marca in\u00edcio da forma\u00e7\u00e3o de novos profissionais na unidade do Governo de Goi\u00e1s que \u00e9 refer\u00eancia em reabilita\u00e7\u00e3o no Estado<\/p>\n","protected":false},"author":166,"featured_media":721762,"comment_status":"closed","ping_status":"open","sticky":false,"template":"","format":"standard","meta":{"footnotes":""},"categories":[3],"tags":[243],"class_list":["post-721760","post","type-post","status-publish","format-standard","has-post-thumbnail","hentry","category-noticias","tag-hospitais-estaduais"],"rttpg_featured_image_url":{"full":["https:\/\/goias.gov.br\/saude\/wp-content\/uploads\/sites\/34\/2026\/03\/ResidentesCrer.jpeg",1015,637,false],"landscape":["https:\/\/goias.gov.br\/saude\/wp-content\/uploads\/sites\/34\/2026\/03\/ResidentesCrer.jpeg",1015,637,false],"portraits":["https:\/\/goias.gov.br\/saude\/wp-content\/uploads\/sites\/34\/2026\/03\/ResidentesCrer.jpeg",1015,637,false],"thumbnail":["https:\/\/goias.gov.br\/saude\/wp-content\/uploads\/sites\/34\/2026\/03\/ResidentesCrer-150x150.jpeg",150,150,true],"medium":["https:\/\/goias.gov.br\/saude\/wp-content\/uploads\/sites\/34\/2026\/03\/ResidentesCrer-300x188.jpeg",300,188,true],"large":["https:\/\/goias.gov.br\/saude\/wp-content\/uploads\/sites\/34\/2026\/03\/ResidentesCrer.jpeg",1015,637,false],"1536x1536":["https:\/\/goias.gov.br\/saude\/wp-content\/uploads\/sites\/34\/2026\/03\/ResidentesCrer.jpeg",1015,637,false],"2048x2048":["https:\/\/goias.gov.br\/saude\/wp-content\/uploads\/sites\/34\/2026\/03\/ResidentesCrer.jpeg",1015,637,false]},"rttpg_author":{"display_name":"josegomes","author_link":"https:\/\/goias.gov.br\/saude\/author\/josegomes\/"},"rttpg_comment":0,"rttpg_category":"<a href=\"https:\/\/goias.gov.br\/saude\/categoria\/noticias\/\" rel=\"category tag\">Not\u00edcias<\/a>","rttpg_excerpt":"Acolhimento, realizado no audit\u00f3rio do hospital, marca in\u00edcio da forma\u00e7\u00e3o de novos profissionais na unidade do Governo de Goi\u00e1s que \u00e9 refer\u00eancia em reabilita\u00e7\u00e3o no Estado","_links":{"self":[{"href":"https:\/\/goias.gov.br\/saude\/wp-json\/wp\/v2\/posts\/721760","targetHints":{"allow":["GET"]}}],"collection":[{"href":"https:\/\/goias.gov.br\/saude\/wp-json\/wp\/v2\/posts"}],"about":[{"href":"https:\/\/goias.gov.br\/saude\/wp-json\/wp\/v2\/types\/post"}],"author":[{"embeddable":true,"href":"https:\/\/goias.gov.br\/saude\/wp-json\/wp\/v2\/users\/166"}],"replies":[{"embeddable":true,"href":"https:\/\/goias.gov.br\/saude\/wp-json\/wp\/v2\/comments?post=721760"}],"version-history":[{"count":2,"href":"https:\/\/goias.gov.br\/saude\/wp-json\/wp\/v2\/posts\/721760\/revisions"}],"predecessor-version":[{"id":721778,"href":"https:\/\/goias.gov.br\/saude\/wp-json\/wp\/v2\/posts\/721760\/revisions\/721778"}],"wp:featuredmedia":[{"embeddable":true,"href":"https:\/\/goias.gov.br\/saude\/wp-json\/wp\/v2\/media\/721762"}],"wp:attachment":[{"href":"https:\/\/goias.gov.br\/saude\/wp-json\/wp\/v2\/media?parent=721760"}],"wp:term":[{"taxonomy":"category","embeddable":true,"href":"https:\/\/goias.gov.br\/saude\/wp-json\/wp\/v2\/categories?post=721760"},{"taxonomy":"post_tag","embeddable":true,"href":"https:\/\/goias.gov.br\/saude\/wp-json\/wp\/v2\/tags?post=721760"}],"curies":[{"name":"wp","href":"https:\/\/api.w.org\/{rel}","templated":true}]}}