

{"id":720638,"date":"2026-03-04T18:29:51","date_gmt":"2026-03-04T21:29:51","guid":{"rendered":"https:\/\/goias.gov.br\/saude\/?p=720638"},"modified":"2026-03-04T18:29:51","modified_gmt":"2026-03-04T21:29:51","slug":"ses-participa-do-goias-social-mulher-com-oferta-de-servicos-diversos","status":"publish","type":"post","link":"https:\/\/goias.gov.br\/saude\/ses-participa-do-goias-social-mulher-com-oferta-de-servicos-diversos\/","title":{"rendered":"SES participa do Goi\u00e1s Social Mulher com oferta de servi\u00e7os diversos"},"content":{"rendered":"\n<p class=\"has-text-align-center\"><strong>Primeira-dama Gracinha Caiado e secret\u00e1rio Ras\u00edvel Santos participaram da abertura da a\u00e7\u00e3o. Evento promove oferta de empregos, benef\u00edcios sociais e atendimento \u00e0 sa\u00fade<\/strong><\/p>\n\n\n\n<!--more-->\n\n\n\n<figure class=\"wp-block-image size-large\"><img fetchpriority=\"high\" decoding=\"async\" width=\"1024\" height=\"684\" src=\"https:\/\/goias.gov.br\/saude\/wp-content\/uploads\/sites\/34\/2026\/03\/Goias-Social-Mulher-1024x684.jpeg\" alt=\"\" class=\"wp-image-720639\" srcset=\"https:\/\/goias.gov.br\/saude\/wp-content\/uploads\/sites\/34\/2026\/03\/Goias-Social-Mulher-1024x684.jpeg 1024w, https:\/\/goias.gov.br\/saude\/wp-content\/uploads\/sites\/34\/2026\/03\/Goias-Social-Mulher-300x200.jpeg 300w, https:\/\/goias.gov.br\/saude\/wp-content\/uploads\/sites\/34\/2026\/03\/Goias-Social-Mulher-768x513.jpeg 768w, https:\/\/goias.gov.br\/saude\/wp-content\/uploads\/sites\/34\/2026\/03\/Goias-Social-Mulher.jpeg 1280w\" sizes=\"(max-width: 1024px) 100vw, 1024px\" \/><figcaption class=\"wp-element-caption\"><em>Sa\u00fade estadual\u00a0participa do Goi\u00e1s Social Mulher com oferta de diversos servi\u00e7os \u00e0 popula\u00e7\u00e3o, incluindo atendimentos, exames e orienta\u00e7\u00f5es em sa\u00fade<\/em><\/figcaption><\/figure>\n\n\n\n<p>A Secretaria de Estado da Sa\u00fade de Goi\u00e1s (SES-GO) est\u00e1 participando de forma ativa do Goi\u00e1s Social Mulher. A a\u00e7\u00e3o, realizada pelo Governo de Goi\u00e1s a partir dessa quarta-feira (04\/03), em alus\u00e3o ao Dia Internacional da Mulher, prossegue at\u00e9 domingo (08\/03), na Pra\u00e7a C\u00edvica, no Centro da capital, com a oferta de empregos, benef\u00edcios sociais e servi\u00e7os diversos. O grande evento integra o rol de a\u00e7\u00f5es do Goi\u00e1s Social, pol\u00edtica voltada \u00e0 melhoria das condi\u00e7\u00f5es de vida das pessoas em situa\u00e7\u00e3o de vulnerabilidade, coordenada pela primeira dama Gracinha Caiado.<\/p>\n\n\n\n<p>A cerim\u00f4nia de abertura do Goi\u00e1s Social contou com as presen\u00e7as de Gracinha Caiado; do secret\u00e1rio de Estado da Sa\u00fade, Ras\u00edvel Santos, de secret\u00e1rios estaduais e do prefeito Sandro Mabel, entre outras autoridades. O DJ Jiraya Uai participou de forma volunt\u00e1ria\u00a0do encontro, promovendo divers\u00e3o \u00e0s centenas de pessoas da capital e de munic\u00edpios pr\u00f3ximos que foram \u00e0 Pra\u00e7a C\u00edvica em busca de servi\u00e7os em diferentes \u00e1reas.<\/p>\n\n\n\n<p>Gracinha Caiado acentuou que o Goi\u00e1s Social proporciona transforma\u00e7\u00e3o de vidas. Ela informou que a a\u00e7\u00e3o, lan\u00e7ada em maio de 2021, j\u00e1 tirou cerca de 600 mil pessoas da extrema pobreza. \u201cO Goi\u00e1s Social n\u00e3o \u00e9 apenas entrega de benef\u00edcio, de cart\u00e3o. \u00c9 oportunidade que proporcionamos ao cidad\u00e3o\u201d, sublinhou. S\u00f3 na \u00e1rea da Sa\u00fade foram proporcionadas consultas oftalmol\u00f3gicas, repasses de \u00f3culos, realiza\u00e7\u00e3o de mamografias, vacina\u00e7\u00e3o, triagens para c\u00e2ncer de pele, exames de preven\u00e7\u00e3o e atendimentos complementares em parceria com unidades estaduais e municipais.<\/p>\n\n\n\n<p>O secret\u00e1rio Ras\u00edvel Santos enfatizou a import\u00e2ncia do Goi\u00e1s Social Mulher. \u201cA sociedade que cuida bem das suas mulheres \u00e9 uma sociedade mais nobre e mais desenvolvida\u201d, sublinhou. Ele destacou que participa do Goi\u00e1s Social com muito entusiasmo. \u201cProporcionamos o acesso aos servi\u00e7os na \u00e1rea da sa\u00fade porque almejamos que todas as mulheres se cuidem\u201d, afian\u00e7ou. Uma equipe da Ger\u00eancia de Humaniza\u00e7\u00e3o da SES tamb\u00e9m participou do evento promovendo o acolhimento, a orienta\u00e7\u00e3o e o atendimento humanizado \u00e0s pessoas.<\/p>\n\n\n\n<p>O Goi\u00e1s Social Mulher atraiu pacientes de diferentes idades. Gislene Rodrigues, de 47 anos, trouxe a m\u00e3e, Maria Rodrigues de Oliveira, de 78, para a realiza\u00e7\u00e3o de v\u00e1rios atendimentos. \u201cVim aqui para realizar uma consulta com oftalmologista e estou aproveitando para fazer eletrocardiograma e ultrassonografia. Tamb\u00e9m fiz teste HIV e vou ver os demais exames\u201d, assinalou. Gislene e Maria Rodrigues moravam em Bras\u00edlia e mudaram para Goi\u00e1s h\u00e1 alguns anos. Elas enfatizaram que em Goi\u00e1s o atendimento \u00e0 sa\u00fade \u00e9 mais amplo e simplificado. Entre as v\u00e1rias conquistas alcan\u00e7adas, elas destacaram o acesso a um medicamento de alto custo para tratamento de uma doen\u00e7a reum\u00e1tica, avaliado em mais de R$ 6 mil.<\/p>\n\n\n\n<p>Maria Jos\u00e9 Silva (texto) e Iron Braz (fotos) \/ Comunica\u00e7\u00e3o Setorial da SES-GO<\/p>\n","protected":false},"excerpt":{"rendered":"<p>Primeira-dama Gracinha Caiado e secret\u00e1rio Ras\u00edvel Santos participaram da abertura da a\u00e7\u00e3o. Evento promove oferta de empregos, benef\u00edcios sociais e atendimento \u00e0 sa\u00fade<\/p>\n","protected":false},"author":24,"featured_media":720640,"comment_status":"closed","ping_status":"open","sticky":false,"template":"","format":"standard","meta":{"footnotes":""},"categories":[3],"tags":[366],"class_list":["post-720638","post","type-post","status-publish","format-standard","has-post-thumbnail","hentry","category-noticias","tag-goias-social"],"rttpg_featured_image_url":{"full":["https:\/\/goias.gov.br\/saude\/wp-content\/uploads\/sites\/34\/2026\/03\/Goias-Social-Mulher-1.jpeg",1280,855,false],"landscape":["https:\/\/goias.gov.br\/saude\/wp-content\/uploads\/sites\/34\/2026\/03\/Goias-Social-Mulher-1.jpeg",1280,855,false],"portraits":["https:\/\/goias.gov.br\/saude\/wp-content\/uploads\/sites\/34\/2026\/03\/Goias-Social-Mulher-1.jpeg",1280,855,false],"thumbnail":["https:\/\/goias.gov.br\/saude\/wp-content\/uploads\/sites\/34\/2026\/03\/Goias-Social-Mulher-1-150x150.jpeg",150,150,true],"medium":["https:\/\/goias.gov.br\/saude\/wp-content\/uploads\/sites\/34\/2026\/03\/Goias-Social-Mulher-1-300x200.jpeg",300,200,true],"large":["https:\/\/goias.gov.br\/saude\/wp-content\/uploads\/sites\/34\/2026\/03\/Goias-Social-Mulher-1-1024x684.jpeg",1024,684,true],"1536x1536":["https:\/\/goias.gov.br\/saude\/wp-content\/uploads\/sites\/34\/2026\/03\/Goias-Social-Mulher-1.jpeg",1280,855,false],"2048x2048":["https:\/\/goias.gov.br\/saude\/wp-content\/uploads\/sites\/34\/2026\/03\/Goias-Social-Mulher-1.jpeg",1280,855,false]},"rttpg_author":{"display_name":"karinesantos","author_link":"https:\/\/goias.gov.br\/saude\/author\/karinesantos\/"},"rttpg_comment":0,"rttpg_category":"<a href=\"https:\/\/goias.gov.br\/saude\/categoria\/noticias\/\" rel=\"category tag\">Not\u00edcias<\/a>","rttpg_excerpt":"Primeira-dama Gracinha Caiado e secret\u00e1rio Ras\u00edvel Santos participaram da abertura da a\u00e7\u00e3o. Evento promove oferta de empregos, benef\u00edcios sociais e atendimento \u00e0 sa\u00fade","_links":{"self":[{"href":"https:\/\/goias.gov.br\/saude\/wp-json\/wp\/v2\/posts\/720638","targetHints":{"allow":["GET"]}}],"collection":[{"href":"https:\/\/goias.gov.br\/saude\/wp-json\/wp\/v2\/posts"}],"about":[{"href":"https:\/\/goias.gov.br\/saude\/wp-json\/wp\/v2\/types\/post"}],"author":[{"embeddable":true,"href":"https:\/\/goias.gov.br\/saude\/wp-json\/wp\/v2\/users\/24"}],"replies":[{"embeddable":true,"href":"https:\/\/goias.gov.br\/saude\/wp-json\/wp\/v2\/comments?post=720638"}],"version-history":[{"count":1,"href":"https:\/\/goias.gov.br\/saude\/wp-json\/wp\/v2\/posts\/720638\/revisions"}],"predecessor-version":[{"id":720641,"href":"https:\/\/goias.gov.br\/saude\/wp-json\/wp\/v2\/posts\/720638\/revisions\/720641"}],"wp:featuredmedia":[{"embeddable":true,"href":"https:\/\/goias.gov.br\/saude\/wp-json\/wp\/v2\/media\/720640"}],"wp:attachment":[{"href":"https:\/\/goias.gov.br\/saude\/wp-json\/wp\/v2\/media?parent=720638"}],"wp:term":[{"taxonomy":"category","embeddable":true,"href":"https:\/\/goias.gov.br\/saude\/wp-json\/wp\/v2\/categories?post=720638"},{"taxonomy":"post_tag","embeddable":true,"href":"https:\/\/goias.gov.br\/saude\/wp-json\/wp\/v2\/tags?post=720638"}],"curies":[{"name":"wp","href":"https:\/\/api.w.org\/{rel}","templated":true}]}}