

{"id":720216,"date":"2026-03-04T13:37:07","date_gmt":"2026-03-04T16:37:07","guid":{"rendered":"https:\/\/goias.gov.br\/saude\/?p=720216"},"modified":"2026-03-04T13:37:07","modified_gmt":"2026-03-04T16:37:07","slug":"mes-da-mulher-sarau-do-hgg-tera-programacao-especial-com-artistas-goianas","status":"publish","type":"post","link":"https:\/\/goias.gov.br\/saude\/mes-da-mulher-sarau-do-hgg-tera-programacao-especial-com-artistas-goianas\/","title":{"rendered":"M\u00eas da Mulher: Sarau do HGG ter\u00e1 programa\u00e7\u00e3o especial com artistas goianas"},"content":{"rendered":"\n<p class=\"has-text-align-center\"><strong>Apresenta\u00e7\u00f5es de mar\u00e7o ser\u00e3o protagonizadas por cantoras de destaque na cena cultural do estado<\/strong><\/p>\n\n\n\n<!--more-->\n\n\n<div class=\"wp-block-image\">\n<figure class=\"aligncenter size-large is-resized\"><img fetchpriority=\"high\" decoding=\"async\" width=\"819\" height=\"1024\" src=\"https:\/\/goias.gov.br\/saude\/wp-content\/uploads\/sites\/34\/2026\/03\/0403-hgg-sarau-mulheres-819x1024.jpeg\" alt=\"\" class=\"wp-image-720230\" style=\"width:609px;height:auto\" srcset=\"https:\/\/goias.gov.br\/saude\/wp-content\/uploads\/sites\/34\/2026\/03\/0403-hgg-sarau-mulheres-819x1024.jpeg 819w, https:\/\/goias.gov.br\/saude\/wp-content\/uploads\/sites\/34\/2026\/03\/0403-hgg-sarau-mulheres-240x300.jpeg 240w, https:\/\/goias.gov.br\/saude\/wp-content\/uploads\/sites\/34\/2026\/03\/0403-hgg-sarau-mulheres-768x960.jpeg 768w, https:\/\/goias.gov.br\/saude\/wp-content\/uploads\/sites\/34\/2026\/03\/0403-hgg-sarau-mulheres.jpeg 1080w\" sizes=\"(max-width: 819px) 100vw, 819px\" \/><\/figure>\n<\/div>\n\n\n<p>Em celebra\u00e7\u00e3o ao Dia Internacional da Mulher, comemorado em 8 de mar\u00e7o, o Hospital Estadual Dr. Alberto Rassi \u2013 HGG preparou uma programa\u00e7\u00e3o especial para o Sarau do HGG. Ao longo do m\u00eas, as quatro apresenta\u00e7\u00f5es do projeto ser\u00e3o conduzidas exclusivamente por mulheres que se destacam na cena cultural goianiense: Keissi Seabra, Isabella Arantes, Fabiana Oliveira e Nega Si.<\/p>\n\n\n\n<p>A programa\u00e7\u00e3o especial tem in\u00edcio nesta quinta-feira (05\/03), \u00e0s 17h, com a apresenta\u00e7\u00e3o de Keissi Seabra. Jornalista de forma\u00e7\u00e3o, a artista atuou como rep\u00f3rter em r\u00e1dios e emissoras de televis\u00e3o em Goi\u00e1s at\u00e9 2018, quando decidiu redirecionar sua trajet\u00f3ria profissional para se dedicar integralmente \u00e0 m\u00fasica. Em 2020, lan\u00e7ou oficialmente sua carreira como cantora sertaneja e realizou duas lives solid\u00e1rias para arrecada\u00e7\u00e3o de cestas b\u00e1sicas destinadas a fam\u00edlias em situa\u00e7\u00e3o de vulnerabilidade social.<\/p>\n\n\n\n<p>Na sequ\u00eancia, lan\u00e7ou o projeto \u201cPrimeira P\u00e1gina\u201d e gravou a m\u00fasica \u201cDe Conchinha com a Saudade\u201d, que alcan\u00e7ou expressiva audi\u00eancia no YouTube. Atualmente, Keissi \u00e9 apresentadora do programa \u201cAqui em Casa\u201d, da TV Pai Eterno, e acumula lan\u00e7amentos no EP \u201cConquista\u201d, com faixas como \u201cFicante Fiel\u201d, \u201cPatrocina Eu\u201d e \u201c\u00daltima Vez\u201d. Suas m\u00fasicas est\u00e3o dispon\u00edveis nas principais plataformas digitais e somam mais de 130 mil visualiza\u00e7\u00f5es.<\/p>\n\n\n\n<p>A programa\u00e7\u00e3o segue no dia 12 de mar\u00e7o, com show de Isabella Arantes. Ex-participante do The Voice Brasil, a artista gravou seu primeiro trabalho em 2018, \u201cGravado nas Cicatrizes\u201d. Em 2023, lan\u00e7ou o projeto \u201cDVD Trajeto\u201d, que re\u00fane can\u00e7\u00f5es como \u201cTrajeto\u201d, \u201cAposta Errada\u201d e \u201cCama Preferida\u201d, dispon\u00edveis nas plataformas digitais. Isabella tamb\u00e9m integra a grade de artistas de importantes bares e casas de shows de Goi\u00e2nia e do interior do estado.<\/p>\n\n\n\n<p>No dia 18, a apresenta\u00e7\u00e3o ficar\u00e1 por conta de Fabiana Oliveira, cantora com mais de 30 anos de carreira. A artista iniciou sua trajet\u00f3ria gravando jingles e vocais em est\u00fadios renomados, o que a levou a participar de DVDs de artistas como L\u00e9o Magalh\u00e3es, Z\u00e9 Neto e Cristiano e Humberto e Ronaldo. Conhecida como Fabi, ganhou proje\u00e7\u00e3o ao participar da m\u00fasica \u201cPapo de Jacar\u00e9\u201d, com a banda P.O. Box. Em 2019, representou Goi\u00e1s no The Voice Brasil, integrando o time de Michel Tel\u00f3.<\/p>\n\n\n\n<p>As apresenta\u00e7\u00f5es especiais do m\u00eas da Mulher ser\u00e3o encerradas com show de Nega Si. Reconhecida no cen\u00e1rio cultural goiano, a artista se destaca pela autenticidade de suas performances, com repert\u00f3rio que transita pelo samba, pop e express\u00f5es tradicionais da cultura negra. Entre suas principais influ\u00eancias est\u00e3o Dona Ivone Lara, Arlindo Cruz, Jovelina P\u00e9rola Negra, Zeca Pagodinho e Jorge Arag\u00e3o.<\/p>\n\n\n\n<p>Foto: divulga\u00e7\u00e3o<br>Texto: Aline Rodrigues \/ Idtech<\/p>\n","protected":false},"excerpt":{"rendered":"<p>Apresenta\u00e7\u00f5es de mar\u00e7o ser\u00e3o protagonizadas por cantoras de destaque na cena cultural do estado<\/p>\n","protected":false},"author":164,"featured_media":720230,"comment_status":"closed","ping_status":"open","sticky":false,"template":"","format":"standard","meta":{"footnotes":""},"categories":[3],"tags":[243],"class_list":["post-720216","post","type-post","status-publish","format-standard","has-post-thumbnail","hentry","category-noticias","tag-hospitais-estaduais"],"rttpg_featured_image_url":{"full":["https:\/\/goias.gov.br\/saude\/wp-content\/uploads\/sites\/34\/2026\/03\/0403-hgg-sarau-mulheres.jpeg",1080,1350,false],"landscape":["https:\/\/goias.gov.br\/saude\/wp-content\/uploads\/sites\/34\/2026\/03\/0403-hgg-sarau-mulheres.jpeg",1080,1350,false],"portraits":["https:\/\/goias.gov.br\/saude\/wp-content\/uploads\/sites\/34\/2026\/03\/0403-hgg-sarau-mulheres.jpeg",1080,1350,false],"thumbnail":["https:\/\/goias.gov.br\/saude\/wp-content\/uploads\/sites\/34\/2026\/03\/0403-hgg-sarau-mulheres-150x150.jpeg",150,150,true],"medium":["https:\/\/goias.gov.br\/saude\/wp-content\/uploads\/sites\/34\/2026\/03\/0403-hgg-sarau-mulheres-240x300.jpeg",240,300,true],"large":["https:\/\/goias.gov.br\/saude\/wp-content\/uploads\/sites\/34\/2026\/03\/0403-hgg-sarau-mulheres-819x1024.jpeg",819,1024,true],"1536x1536":["https:\/\/goias.gov.br\/saude\/wp-content\/uploads\/sites\/34\/2026\/03\/0403-hgg-sarau-mulheres.jpeg",1080,1350,false],"2048x2048":["https:\/\/goias.gov.br\/saude\/wp-content\/uploads\/sites\/34\/2026\/03\/0403-hgg-sarau-mulheres.jpeg",1080,1350,false]},"rttpg_author":{"display_name":"isabelamelo","author_link":"https:\/\/goias.gov.br\/saude\/author\/isabelamelo\/"},"rttpg_comment":0,"rttpg_category":"<a href=\"https:\/\/goias.gov.br\/saude\/categoria\/noticias\/\" rel=\"category tag\">Not\u00edcias<\/a>","rttpg_excerpt":"Apresenta\u00e7\u00f5es de mar\u00e7o ser\u00e3o protagonizadas por cantoras de destaque na cena cultural do estado","_links":{"self":[{"href":"https:\/\/goias.gov.br\/saude\/wp-json\/wp\/v2\/posts\/720216","targetHints":{"allow":["GET"]}}],"collection":[{"href":"https:\/\/goias.gov.br\/saude\/wp-json\/wp\/v2\/posts"}],"about":[{"href":"https:\/\/goias.gov.br\/saude\/wp-json\/wp\/v2\/types\/post"}],"author":[{"embeddable":true,"href":"https:\/\/goias.gov.br\/saude\/wp-json\/wp\/v2\/users\/164"}],"replies":[{"embeddable":true,"href":"https:\/\/goias.gov.br\/saude\/wp-json\/wp\/v2\/comments?post=720216"}],"version-history":[{"count":1,"href":"https:\/\/goias.gov.br\/saude\/wp-json\/wp\/v2\/posts\/720216\/revisions"}],"predecessor-version":[{"id":720247,"href":"https:\/\/goias.gov.br\/saude\/wp-json\/wp\/v2\/posts\/720216\/revisions\/720247"}],"wp:featuredmedia":[{"embeddable":true,"href":"https:\/\/goias.gov.br\/saude\/wp-json\/wp\/v2\/media\/720230"}],"wp:attachment":[{"href":"https:\/\/goias.gov.br\/saude\/wp-json\/wp\/v2\/media?parent=720216"}],"wp:term":[{"taxonomy":"category","embeddable":true,"href":"https:\/\/goias.gov.br\/saude\/wp-json\/wp\/v2\/categories?post=720216"},{"taxonomy":"post_tag","embeddable":true,"href":"https:\/\/goias.gov.br\/saude\/wp-json\/wp\/v2\/tags?post=720216"}],"curies":[{"name":"wp","href":"https:\/\/api.w.org\/{rel}","templated":true}]}}